{"id":16388,"date":"2018-02-01T10:19:51","date_gmt":"2018-02-01T14:19:51","guid":{"rendered":"http:\/\/blogdalucianaoliveira.com.br\/blog\/?p=16388"},"modified":"2018-02-01T10:19:51","modified_gmt":"2018-02-01T14:19:51","slug":"depois-do-golpe-brasil-despenca-no-ranking-de-paises-democraticos","status":"publish","type":"post","link":"http:\/\/blogdalucianaoliveira.com.br\/blog\/2018\/02\/01\/depois-do-golpe-brasil-despenca-no-ranking-de-paises-democraticos\/","title":{"rendered":"DEPOIS DO GOLPE, BRASIL DESPENCA NO RANKING DE PA\u00cdSES DEMOCR\u00c1TICOS"},"content":{"rendered":"<p><img data-recalc-dims=\"1\" loading=\"lazy\" decoding=\"async\" data-attachment-id=\"16389\" data-permalink=\"http:\/\/blogdalucianaoliveira.com.br\/blog\/2018\/02\/01\/depois-do-golpe-brasil-despenca-no-ranking-de-paises-democraticos\/desp\/\" data-orig-file=\"https:\/\/i0.wp.com\/blogdalucianaoliveira.com.br\/blog\/wp-content\/uploads\/2018\/02\/desp.jpg?fit=1000%2C357\" data-orig-size=\"1000,357\" data-comments-opened=\"0\" data-image-meta=\"{&quot;aperture&quot;:&quot;0&quot;,&quot;credit&quot;:&quot;&quot;,&quot;camera&quot;:&quot;&quot;,&quot;caption&quot;:&quot;&quot;,&quot;created_timestamp&quot;:&quot;0&quot;,&quot;copyright&quot;:&quot;&quot;,&quot;focal_length&quot;:&quot;0&quot;,&quot;iso&quot;:&quot;0&quot;,&quot;shutter_speed&quot;:&quot;0&quot;,&quot;title&quot;:&quot;&quot;,&quot;orientation&quot;:&quot;0&quot;}\" data-image-title=\"desp\" data-image-description=\"\" data-image-caption=\"\" data-medium-file=\"https:\/\/i0.wp.com\/blogdalucianaoliveira.com.br\/blog\/wp-content\/uploads\/2018\/02\/desp.jpg?fit=300%2C107\" data-large-file=\"https:\/\/i0.wp.com\/blogdalucianaoliveira.com.br\/blog\/wp-content\/uploads\/2018\/02\/desp.jpg?fit=600%2C214\" class=\"alignnone size-full wp-image-16389\" src=\"https:\/\/i0.wp.com\/blogdalucianaoliveira.com.br\/blog\/wp-content\/uploads\/2018\/02\/desp.jpg?resize=600%2C214\" alt=\"desp\" width=\"600\" height=\"214\" srcset=\"https:\/\/i0.wp.com\/blogdalucianaoliveira.com.br\/blog\/wp-content\/uploads\/2018\/02\/desp.jpg?w=1000 1000w, https:\/\/i0.wp.com\/blogdalucianaoliveira.com.br\/blog\/wp-content\/uploads\/2018\/02\/desp.jpg?resize=300%2C107 300w, https:\/\/i0.wp.com\/blogdalucianaoliveira.com.br\/blog\/wp-content\/uploads\/2018\/02\/desp.jpg?resize=768%2C274 768w, https:\/\/i0.wp.com\/blogdalucianaoliveira.com.br\/blog\/wp-content\/uploads\/2018\/02\/desp.jpg?resize=800%2C286 800w\" sizes=\"auto, (max-width: 600px) 100vw, 600px\" \/><\/p>\n<p>No 247, por Tereza Cruvinel &#8211; At\u00e9 2016, ano do golpe de Estado heterodoxo, o Brasil figurava mantinha posi\u00e7\u00e3o est\u00e1vel no \u00cdndice Global de Democracia elaborado anualmente por uma unidade da revista The Economist. \u00a0Com o golpe, veio a queda na classifica\u00e7\u00e3o, que se repetiu este ano: o Brasil ficou na 49\u00ba posi\u00e7\u00e3o numa lista de 167 pa\u00edses, com uma pontua\u00e7\u00e3o que o exclui do grupo das \u201cdemocracias plenas\u201d, rebaixando-o para o das \u201cdemocracias falhas\u201d. O pa\u00eds mais democr\u00e1tico do mundo, segundo o ranking, \u00e9 a Noruega, seguida da Dinamarca.<!--more--><\/p>\n<p>Na primeira vers\u00e3o do estudo, elaborada h\u00e1 10 anos, o Brasil apareceu com 7,38 pontos, nota que se manteve est\u00e1vel 2015. Em 2016, depois da deposi\u00e7\u00e3o da ex-presidente Dilma, a nota caiu para 6,90 e agora para 6,86.<\/p>\n<p>Para elaborar a lista, o estudo avalia 60 indicadores em categorias como o processo eleitoral e o pluralismo, o funcionamento do governo, a participa\u00e7\u00e3o pol\u00edtica da sociedade, cultura pol\u00edtica democr\u00e1tica e liberdades civis.\u00a0 O ranking divulgado nesta quarta-feira leva em conta o desempenho democr\u00e1tico do pa\u00eds em 2017.<\/p>\n<p>A prevalecer a exclus\u00e3o do ex-presidente Lula do processo eleitoral, o Brasil ainda perder\u00e1 mais pontos nesta avalia\u00e7\u00e3o. Se eventualmente a elei\u00e7\u00e3o n\u00e3o acontecer \u2013 hip\u00f3tese que n\u00e3o deve ser descartada diante da persist\u00eancia de Lula\u00a0 como favorito nas pesquisas e do fracasso do plano eleitoral da coaliz\u00e3o golpista-governista, \u00a0que n\u00e3o consegue ter um candidato vi\u00e1vel \u2013 o Brasil pode cair para o grupo dos pa\u00edses com regime autorit\u00e1rio. N\u00e3o democr\u00e1tico. Como pudemos regredir tanto em t\u00e3o pouco tempo?<\/p>\n<p>Leia mais sobre o assunto em:\u00a0<a href=\"https:\/\/noticias.uol.com.br\/internacional\/ultimas-noticias\/2018\/01\/31\/estudo-aponta-democracia-em-crise-no-mundo-falho-brasil-perde-pontos.htm\" target=\"_blank\">https:\/\/noticias.uol.com.br\/internacional\/ultimas-noticias\/2018\/01\/31\/estudo-aponta-democracia-em-crise-no-mundo-falho-brasil-perde-pontos.htm<\/a><\/p>\n<p>&nbsp;<\/p>\n","protected":false},"excerpt":{"rendered":"<p>No 247, por Tereza Cruvinel &#8211; At\u00e9 2016, ano do golpe de Estado heterodoxo, o Brasil figurava mantinha posi\u00e7\u00e3o est\u00e1vel no \u00cdndice Global de Democracia elaborado anualmente por uma unidade da revista The Economist. \u00a0Com o golpe, veio a queda na classifica\u00e7\u00e3o, que se repetiu este ano: o Brasil ficou na 49\u00ba posi\u00e7\u00e3o numa lista&#8230;<a class=\"more-link\" href=\"http:\/\/blogdalucianaoliveira.com.br\/blog\/2018\/02\/01\/depois-do-golpe-brasil-despenca-no-ranking-de-paises-democraticos\/\">Continue a leitura <span class=\"meta-nav\">&raquo;<\/span><\/a><\/p>\n","protected":false},"author":1,"featured_media":0,"comment_status":"closed","ping_status":"open","sticky":false,"template":"","format":"standard","meta":{"_exactmetrics_skip_tracking":false,"_exactmetrics_sitenote_active":false,"_exactmetrics_sitenote_note":"","_exactmetrics_sitenote_category":0,"jetpack_post_was_ever_published":false,"_jetpack_newsletter_access":"","_jetpack_dont_email_post_to_subs":false,"_jetpack_newsletter_tier_id":0,"_jetpack_memberships_contains_paywalled_content":false,"_jetpack_memberships_contains_paid_content":false,"footnotes":"","jetpack_publicize_message":"","jetpack_publicize_feature_enabled":true,"jetpack_social_post_already_shared":true,"jetpack_social_options":{"image_generator_settings":{"template":"highway","enabled":false},"version":2}},"categories":[1],"tags":[],"class_list":["post-16388","post","type-post","status-publish","format-standard","hentry","category-notas"],"jetpack_publicize_connections":[],"jetpack_sharing_enabled":true,"jetpack_featured_media_url":"","jetpack_shortlink":"https:\/\/wp.me\/p7wKYW-4gk","jetpack-related-posts":[],"_links":{"self":[{"href":"http:\/\/blogdalucianaoliveira.com.br\/blog\/wp-json\/wp\/v2\/posts\/16388","targetHints":{"allow":["GET"]}}],"collection":[{"href":"http:\/\/blogdalucianaoliveira.com.br\/blog\/wp-json\/wp\/v2\/posts"}],"about":[{"href":"http:\/\/blogdalucianaoliveira.com.br\/blog\/wp-json\/wp\/v2\/types\/post"}],"author":[{"embeddable":true,"href":"http:\/\/blogdalucianaoliveira.com.br\/blog\/wp-json\/wp\/v2\/users\/1"}],"replies":[{"embeddable":true,"href":"http:\/\/blogdalucianaoliveira.com.br\/blog\/wp-json\/wp\/v2\/comments?post=16388"}],"version-history":[{"count":1,"href":"http:\/\/blogdalucianaoliveira.com.br\/blog\/wp-json\/wp\/v2\/posts\/16388\/revisions"}],"predecessor-version":[{"id":16390,"href":"http:\/\/blogdalucianaoliveira.com.br\/blog\/wp-json\/wp\/v2\/posts\/16388\/revisions\/16390"}],"wp:attachment":[{"href":"http:\/\/blogdalucianaoliveira.com.br\/blog\/wp-json\/wp\/v2\/media?parent=16388"}],"wp:term":[{"taxonomy":"category","embeddable":true,"href":"http:\/\/blogdalucianaoliveira.com.br\/blog\/wp-json\/wp\/v2\/categories?post=16388"},{"taxonomy":"post_tag","embeddable":true,"href":"http:\/\/blogdalucianaoliveira.com.br\/blog\/wp-json\/wp\/v2\/tags?post=16388"}],"curies":[{"name":"wp","href":"https:\/\/api.w.org\/{rel}","templated":true}]}}