{"id":16468,"date":"2018-02-08T10:32:51","date_gmt":"2018-02-08T14:32:51","guid":{"rendered":"http:\/\/blogdalucianaoliveira.com.br\/blog\/?p=16468"},"modified":"2018-02-08T10:32:51","modified_gmt":"2018-02-08T14:32:51","slug":"editorial-os-juizes-e-a-classe-dominante","status":"publish","type":"post","link":"http:\/\/blogdalucianaoliveira.com.br\/blog\/2018\/02\/08\/editorial-os-juizes-e-a-classe-dominante\/","title":{"rendered":"Editorial | Os ju\u00edzes e a classe dominante"},"content":{"rendered":"<p><img data-recalc-dims=\"1\" loading=\"lazy\" decoding=\"async\" data-attachment-id=\"16469\" data-permalink=\"http:\/\/blogdalucianaoliveira.com.br\/blog\/2018\/02\/08\/editorial-os-juizes-e-a-classe-dominante\/vago-2\/\" data-orig-file=\"https:\/\/i0.wp.com\/blogdalucianaoliveira.com.br\/blog\/wp-content\/uploads\/2018\/02\/vago.jpg?fit=640%2C379\" data-orig-size=\"640,379\" data-comments-opened=\"0\" data-image-meta=\"{&quot;aperture&quot;:&quot;0&quot;,&quot;credit&quot;:&quot;&quot;,&quot;camera&quot;:&quot;&quot;,&quot;caption&quot;:&quot;&quot;,&quot;created_timestamp&quot;:&quot;0&quot;,&quot;copyright&quot;:&quot;&quot;,&quot;focal_length&quot;:&quot;0&quot;,&quot;iso&quot;:&quot;0&quot;,&quot;shutter_speed&quot;:&quot;0&quot;,&quot;title&quot;:&quot;&quot;,&quot;orientation&quot;:&quot;0&quot;}\" data-image-title=\"vago\" data-image-description=\"\" data-image-caption=\"\" data-medium-file=\"https:\/\/i0.wp.com\/blogdalucianaoliveira.com.br\/blog\/wp-content\/uploads\/2018\/02\/vago.jpg?fit=300%2C178\" data-large-file=\"https:\/\/i0.wp.com\/blogdalucianaoliveira.com.br\/blog\/wp-content\/uploads\/2018\/02\/vago.jpg?fit=600%2C355\" src=\"https:\/\/i0.wp.com\/blogdalucianaoliveira.com.br\/blog\/wp-content\/uploads\/2018\/02\/vago.jpg?resize=600%2C355\" alt=\"vago\" width=\"600\" height=\"355\" class=\"alignnone size-full wp-image-16469\" srcset=\"https:\/\/i0.wp.com\/blogdalucianaoliveira.com.br\/blog\/wp-content\/uploads\/2018\/02\/vago.jpg?w=640 640w, https:\/\/i0.wp.com\/blogdalucianaoliveira.com.br\/blog\/wp-content\/uploads\/2018\/02\/vago.jpg?resize=300%2C178 300w, https:\/\/i0.wp.com\/blogdalucianaoliveira.com.br\/blog\/wp-content\/uploads\/2018\/02\/vago.jpg?resize=507%2C300 507w\" sizes=\"auto, (max-width: 600px) 100vw, 600px\" \/><\/p>\n<p>Benef\u00edcio de aux\u00edlio-moradia supera o sal\u00e1rio de 92% dos brasileiros<!--more--><\/p>\n<p>Reda\u00e7\u00e3o<br \/>\nBrasil de Fato | Curitiba (PR)<\/p>\n<p>Uma das pol\u00eamicas do come\u00e7o de 2018 se refere \u00e0 revolta contra os privil\u00e9gios do Poder Judici\u00e1rio. Primeiro, pelo ego\u00edsmo dos ju\u00edzes em receber aux\u00edlio-moradia de R$ 4.377,73 mil, valor que supera o sal\u00e1rio de 92% dos brasileiros. E ju\u00edzes da Opera\u00e7\u00e3o Lava Jato, caso de S\u00e9rgio Moro, Deltan Dallagnol, Marcelo Bretas e esposa, recebem esse adicional mesmo tendo resid\u00eancia pr\u00f3pria na cidade onde trabalham.<\/p>\n<p>A quest\u00e3o principal \u00e9 perceber o Poder Judici\u00e1rio a servi\u00e7o da elite dominante, tomando decis\u00f5es contr\u00e1rias ao povo. Isso ocorre no caso de um despejo for\u00e7ado; em uma senten\u00e7a contr\u00e1ria a uma greve; ou numa opera\u00e7\u00e3o como a Lava Jato que gerou desemprego nos ramos naval e petrol\u00edfero.<\/p>\n<p>Tamb\u00e9m vemos um Judici\u00e1rio atuando politicamente, precipitando-se ao condenar em segunda inst\u00e2ncia o ex-presidente Lula (PT), sem apresenta\u00e7\u00e3o de provas materiais. Baseado em suposi\u00e7\u00f5es, sendo seletivo e parcial, o que pode desestabilizar a democracia brasileira.<\/p>\n<p>O jornal Brasil de Fato Paran\u00e1 completou dois anos no dia 4, presente nas ruas de 26 cidades do Paran\u00e1 \u00e0s quintas-feiras, de forma gratuita. Seguiremos sempre em defesa dos direitos dos trabalhadores.<\/p>\n<p>Edi\u00e7\u00e3o: Pedro Carrano<\/p>\n","protected":false},"excerpt":{"rendered":"<p>Benef\u00edcio de aux\u00edlio-moradia supera o sal\u00e1rio de 92% dos brasileiros<\/p>\n","protected":false},"author":1,"featured_media":0,"comment_status":"closed","ping_status":"open","sticky":false,"template":"","format":"standard","meta":{"_exactmetrics_skip_tracking":false,"_exactmetrics_sitenote_active":false,"_exactmetrics_sitenote_note":"","_exactmetrics_sitenote_category":0,"jetpack_post_was_ever_published":false,"_jetpack_newsletter_access":"","_jetpack_dont_email_post_to_subs":false,"_jetpack_newsletter_tier_id":0,"_jetpack_memberships_contains_paywalled_content":false,"_jetpack_memberships_contains_paid_content":false,"footnotes":"","jetpack_publicize_message":"","jetpack_publicize_feature_enabled":true,"jetpack_social_post_already_shared":true,"jetpack_social_options":{"image_generator_settings":{"template":"highway","enabled":false},"version":2}},"categories":[1],"tags":[],"class_list":["post-16468","post","type-post","status-publish","format-standard","hentry","category-notas"],"jetpack_publicize_connections":[],"jetpack_sharing_enabled":true,"jetpack_featured_media_url":"","jetpack_shortlink":"https:\/\/wp.me\/p7wKYW-4hC","jetpack-related-posts":[],"_links":{"self":[{"href":"http:\/\/blogdalucianaoliveira.com.br\/blog\/wp-json\/wp\/v2\/posts\/16468","targetHints":{"allow":["GET"]}}],"collection":[{"href":"http:\/\/blogdalucianaoliveira.com.br\/blog\/wp-json\/wp\/v2\/posts"}],"about":[{"href":"http:\/\/blogdalucianaoliveira.com.br\/blog\/wp-json\/wp\/v2\/types\/post"}],"author":[{"embeddable":true,"href":"http:\/\/blogdalucianaoliveira.com.br\/blog\/wp-json\/wp\/v2\/users\/1"}],"replies":[{"embeddable":true,"href":"http:\/\/blogdalucianaoliveira.com.br\/blog\/wp-json\/wp\/v2\/comments?post=16468"}],"version-history":[{"count":1,"href":"http:\/\/blogdalucianaoliveira.com.br\/blog\/wp-json\/wp\/v2\/posts\/16468\/revisions"}],"predecessor-version":[{"id":16470,"href":"http:\/\/blogdalucianaoliveira.com.br\/blog\/wp-json\/wp\/v2\/posts\/16468\/revisions\/16470"}],"wp:attachment":[{"href":"http:\/\/blogdalucianaoliveira.com.br\/blog\/wp-json\/wp\/v2\/media?parent=16468"}],"wp:term":[{"taxonomy":"category","embeddable":true,"href":"http:\/\/blogdalucianaoliveira.com.br\/blog\/wp-json\/wp\/v2\/categories?post=16468"},{"taxonomy":"post_tag","embeddable":true,"href":"http:\/\/blogdalucianaoliveira.com.br\/blog\/wp-json\/wp\/v2\/tags?post=16468"}],"curies":[{"name":"wp","href":"https:\/\/api.w.org\/{rel}","templated":true}]}}