{"id":16471,"date":"2018-02-08T10:39:04","date_gmt":"2018-02-08T14:39:04","guid":{"rendered":"http:\/\/blogdalucianaoliveira.com.br\/blog\/?p=16471"},"modified":"2018-02-08T10:39:04","modified_gmt":"2018-02-08T14:39:04","slug":"quem-sao-os-brasileiros-que-formam-o-terco-da-populacao-que-pretende-votar-nulo-para-presidente","status":"publish","type":"post","link":"http:\/\/blogdalucianaoliveira.com.br\/blog\/2018\/02\/08\/quem-sao-os-brasileiros-que-formam-o-terco-da-populacao-que-pretende-votar-nulo-para-presidente\/","title":{"rendered":"Quem s\u00e3o os brasileiros que formam o ter\u00e7o da popula\u00e7\u00e3o que pretende votar nulo para presidente"},"content":{"rendered":"<p><img data-recalc-dims=\"1\" loading=\"lazy\" decoding=\"async\" data-attachment-id=\"16472\" data-permalink=\"http:\/\/blogdalucianaoliveira.com.br\/blog\/2018\/02\/08\/quem-sao-os-brasileiros-que-formam-o-terco-da-populacao-que-pretende-votar-nulo-para-presidente\/nulo\/\" data-orig-file=\"https:\/\/i0.wp.com\/blogdalucianaoliveira.com.br\/blog\/wp-content\/uploads\/2018\/02\/nulo.jpg?fit=660%2C371\" data-orig-size=\"660,371\" data-comments-opened=\"0\" data-image-meta=\"{&quot;aperture&quot;:&quot;0&quot;,&quot;credit&quot;:&quot;&quot;,&quot;camera&quot;:&quot;&quot;,&quot;caption&quot;:&quot;&quot;,&quot;created_timestamp&quot;:&quot;0&quot;,&quot;copyright&quot;:&quot;&quot;,&quot;focal_length&quot;:&quot;0&quot;,&quot;iso&quot;:&quot;0&quot;,&quot;shutter_speed&quot;:&quot;0&quot;,&quot;title&quot;:&quot;&quot;,&quot;orientation&quot;:&quot;0&quot;}\" data-image-title=\"nulo\" data-image-description=\"\" data-image-caption=\"\" data-medium-file=\"https:\/\/i0.wp.com\/blogdalucianaoliveira.com.br\/blog\/wp-content\/uploads\/2018\/02\/nulo.jpg?fit=300%2C169\" data-large-file=\"https:\/\/i0.wp.com\/blogdalucianaoliveira.com.br\/blog\/wp-content\/uploads\/2018\/02\/nulo.jpg?fit=600%2C337\" class=\"alignnone size-full wp-image-16472\" src=\"https:\/\/i0.wp.com\/blogdalucianaoliveira.com.br\/blog\/wp-content\/uploads\/2018\/02\/nulo.jpg?resize=600%2C337\" alt=\"nulo\" width=\"600\" height=\"337\" srcset=\"https:\/\/i0.wp.com\/blogdalucianaoliveira.com.br\/blog\/wp-content\/uploads\/2018\/02\/nulo.jpg?w=660 660w, https:\/\/i0.wp.com\/blogdalucianaoliveira.com.br\/blog\/wp-content\/uploads\/2018\/02\/nulo.jpg?resize=300%2C169 300w, https:\/\/i0.wp.com\/blogdalucianaoliveira.com.br\/blog\/wp-content\/uploads\/2018\/02\/nulo.jpg?resize=534%2C300 534w\" sizes=\"auto, (max-width: 600px) 100vw, 600px\" \/><\/p>\n<p>&nbsp;<\/p>\n<p>Na BBC, por Amanda Rossi e Leandro Machado &#8211; Eurico Ferreira \u00e9 vendedor de livros em S\u00e3o Paulo. Elizangela Santos, faxineira em Pernambuco. Sabrina Amaral, professora no Rio Grande do Sul. Eles t\u00eam posi\u00e7\u00f5es pol\u00edticas e hist\u00f3rias diferentes, mas em outubro podem agir da mesma forma perante a urna eletr\u00f4nica: votar nulo para presidente. \u00c9 a primeira vez que eles pretendem fazer isso.<!--more--><\/p>\n<p>Eles n\u00e3o est\u00e3o sozinhos. Segundo a \u00faltima sondagem do Datafolha, feita entre 29 e 30 de janeiro, 1 de cada 3 brasileiros (32%) pretende anular o voto para presidente nas pr\u00f3ximas elei\u00e7\u00f5es &#8211; o que ocorre em um cen\u00e1rio sem os nomes de Luiz In\u00e1cio Lula da Silva (PT) e Marina Silva (Rede) na disputa. \u00c9 o maior percentual j\u00e1 registrado pelo instituto de pesquisa no come\u00e7o do ano eleitoral.<\/p>\n<p>Antes disso, o percentual mais alto de brancos e nulos em pesquisas havia aparecido nas elei\u00e7\u00f5es 2014, com Dilma Rousseff (PT), A\u00e9cio Neves (PSDB) e Eduardo Campos (PSC) &#8211; 19%.<\/p>\n<p>&nbsp;<\/p>\n<p>Por tr\u00e1s desse recorde, est\u00e3o diversas raz\u00f5es para o voto nulo. Eurico se decepcionou com a pol\u00edtica e acredita que os pol\u00edticos s\u00e3o corruptos. Elizangela vai anular o voto se Lula n\u00e3o puder concorrer devido \u00e0 condena\u00e7\u00e3o em segunda inst\u00e2ncia por corrup\u00e7\u00e3o passiva e lavagem de dinheiro, que pode enquadr\u00e1-lo na Lei da Ficha Limpa. E Sabrina n\u00e3o vota em ningu\u00e9m a n\u00e3o ser Marina Silva.<\/p>\n<p>Esses s\u00e3o os tr\u00eas principais perfis de voto nulo registrado na pesquisa do Datafolha.<\/p>\n<h2 class=\"story-body__crosshead\">Mulheres nordestinas s\u00e3o um dos basti\u00f5es de Lula<\/h2>\n<p>Segundo o Datafolha, um em cada dez eleitores brasileiros anularia o voto caso Lula n\u00e3o seja candidato. A diarista Elizangela Ferreira, de 45 anos, \u00e9 um deles. &#8220;N\u00e3o tenho por que votar em outro candidato al\u00e9m de Lula&#8221;, diz.<\/p>\n<p>Moradora de Beberibe, periferia de Recife, ela est\u00e1 desempregada e vive de di\u00e1rias espor\u00e1dicas de faxina. Recebe R$ 132 mensais do Bolsa Fam\u00edlia. Nunca foi de nenhum partido.<\/p>\n<p>O Datafolha perguntou qual a inten\u00e7\u00e3o de voto dos eleitores em diferentes cen\u00e1rios, variando quem s\u00e3o os candidatos na disputa. Com Lula, o percentual de pessoas que disseram votar branco ou nulo \u00e9 de 14%. J\u00e1 sem o petista, e com os mesmos demais candidatos, a inten\u00e7\u00e3o de voto branco ou nulo sobe para 24% &#8211; um aumento de 10 pontos percentuais.<\/p>\n<figure class=\"media-landscape has-caption full-width\"><span class=\"image-and-copyright-container\"><img data-recalc-dims=\"1\" loading=\"lazy\" decoding=\"async\" class=\"responsive-image__img js-image-replace\" src=\"https:\/\/i0.wp.com\/ichef-1.bbci.co.uk\/news\/624\/cpsprodpb\/13211\/production\/_99935387_37fb3ea6-83d0-408d-8985-b0d5d2ab2eeb.jpg?resize=600%2C338&#038;ssl=1\" alt=\"Lula\" width=\"600\" height=\"338\" data-highest-encountered-width=\"624\" \/>Condena\u00e7\u00e3o por corrup\u00e7\u00e3o passiva e lavagem de dinheiro pode impedir candidatura do ex-presidente Lula<\/span><\/figure>\n<p>Os \u00f3rf\u00e3os da candidatura de Lula s\u00e3o justamente como Elizangela: a maior parte \u00e9 mulher, com 45 anos ou mais, baixa escolaridade e baixa renda, de acordo com a sondagem eleitoral. E, sobretudo, do Nordeste. Na regi\u00e3o de origem do ex-presidente Lula, o percentual de eleitores que votaria branco ou nulo sobe de 12% para 31% quando o nome do petista n\u00e3o \u00e9 inclu\u00eddo &#8211; crescimento de 19 pontos percentuais.<\/p>\n<p>&#8220;Acho o Lula maravilhoso. O que ele fez, se foi condenado ou n\u00e3o, nada disso vai mudar o que acho dele, eu sempre vou apoi\u00e1-lo&#8221;, fala Elizangela.<\/p>\n<p>&nbsp;<\/p>\n<div class=\"story-body\">\n<div class=\"story-body__inner\">\n<p>A diarista diz que sua vida melhorou durante os governos petistas. Antes, morava em uma casa que tinha apenas sua cama, um ber\u00e7o e uma caixa de papel\u00e3o onde guardava as roupas. &#8220;Eu n\u00e3o tinha nada.&#8221; Depois, sob Lula, conseguiu certa estabilidade econ\u00f4mica que lhe permitiu financiar a compra de bens de consumo. &#8220;Existem o pobre e o miser\u00e1vel. Eu sou pobre, mas tenho minhas coisinhas, uma TV, m\u00e1quina de lavar, fog\u00e3o&#8221;, conta.<\/p>\n<figure class=\"media-landscape has-caption full-width\"><span class=\"image-and-copyright-container\"><img data-recalc-dims=\"1\" loading=\"lazy\" decoding=\"async\" class=\"responsive-image__img js-image-replace\" src=\"https:\/\/i0.wp.com\/ichef.bbci.co.uk\/news\/624\/cpsprodpb\/184A4\/production\/_99929499_bbc-hr02022018001.jpg?resize=600%2C338&#038;ssl=1\" alt=\"Elizangela Santos\" width=\"600\" height=\"338\" data-highest-encountered-width=\"624\" \/><\/span><figcaption class=\"media-caption\"><span class=\"media-caption__text\">Elizangela Santos diz que conseguiu melhorar de vida durante governos do PT | Foto: Heudes Regis\/BBC Brasil<\/span><\/figcaption><\/figure>\n<p>A pensionista Zulmira Lopes Diniz, de 57 anos, paraibana de Barra de Santa Rosa, pensa de forma parecida. &#8220;Se n\u00e3o for o Lula, eu vou votar nulo&#8221;, diz. Vi\u00fava, ela vive de uma pens\u00e3o de menos de dois sal\u00e1rios m\u00ednimos e estudou at\u00e9 a quarta s\u00e9rie do Ensino Fundamental.<\/p>\n<p>&#8220;Eu s\u00f3 confio nas coisas do Lula. N\u00e3o acompanho muito pol\u00edtica, n\u00e3o sou ligada. Mas vi na \u00e9poca do Lula que seu governo foi bem melhor para o nosso Nordeste. Os outros que est\u00e3o a\u00ed esqueceram de vez do povo, como vamos gostar?&#8221;, fala Zulmira.<\/p>\n<figure class=\"media-landscape has-caption full-width\"><span class=\"image-and-copyright-container\"><img data-recalc-dims=\"1\" loading=\"lazy\" decoding=\"async\" class=\"responsive-image__img js-image-replace\" src=\"https:\/\/i0.wp.com\/ichef-1.bbci.co.uk\/news\/624\/cpsprodpb\/2BB0\/production\/_99548111_6cbf0a95-2cb0-4726-9f93-1b84647798ab.jpg?resize=600%2C338&#038;ssl=1\" alt=\"Marina Silva\" width=\"600\" height=\"338\" data-highest-encountered-width=\"624\" \/>Ex-senadora \u00e9 pr\u00e9-candidata pela Rede para sua terceira elei\u00e7\u00e3o presidencial seguida<\/span><\/figure>\n<h2 class=\"story-body__crosshead\">Votos nulos se Marina n\u00e3o concorrer<\/h2>\n<p>O aumento de brancos e nulos \u00e9 um fen\u00f4meno que ultrapassa Lula. A aus\u00eancia de Marina Silva entre os candidatos tamb\u00e9m faz o eleitor perder o interesse na elei\u00e7\u00e3o. Em um cen\u00e1rio sem o petista e sem a ex-senadora, o percentual chega a 32%.<\/p>\n<p>Marina \u00e9 pr\u00e9-candidata pela Rede. Mesmo assim, o Datafolha considerou o cen\u00e1rio sem a ex-senadora porque \u00e9 aventada a possibilidade de Joaquim Barbosa, ex-ministro do Supremo Tribunal Federal, encabe\u00e7ar uma chapa com ela.<\/p>\n<p>Mesmo sendo pouco prov\u00e1vel, a aus\u00eancia de Marina e a consequente alta de votos nulos aponta para uma forte identifica\u00e7\u00e3o entre ela e seus eleitores.<\/p>\n<p>A professora Sabrina Amaral, de 36 anos, est\u00e1 entre as pessoas que dizem votar nulo se a ex-ministra do Meio Ambiente n\u00e3o concorrer. &#8220;N\u00e3o me agrada o voto nulo, por\u00e9m a realidade brasileira posta at\u00e9 agora me faz tomar esta dif\u00edcil decis\u00e3o. No entanto, com Marina, sua \u00e9tica e com seu programa que debate o Brasil, com propostas, o pleito eleitoral fica mais trag\u00e1vel.&#8221;<\/p>\n<p>&#8220;Considero o voto nulo um ato muito extremo. Por\u00e9m, infelizmente nosso pa\u00eds precisa de certos posicionamentos para acordar&#8221;, completa Sabrina.<\/p>\n<h2 class=\"story-body__crosshead\">Nem Lula nem Bolsonaro<\/h2>\n<p>Al\u00e9m de \u00f3rf\u00e3os de Lula e apoiadores de Marina, os votos brancos e nulos est\u00e3o recheados de eleitores desiludidos da pol\u00edtica, que n\u00e3o se encaixam em nenhum dos dois polos opostos apresentados: Lula ou Bolsonaro.<\/p>\n<p>Segundo an\u00e1lise do Ibope a pedido da revista Piau\u00ed, entre 16% e 18% dos eleitores dizem anular o voto, e, ao mesmo tempo, n\u00e3o est\u00e3o dispostos a votar nem em Lula nem em Bolsonaro.<\/p>\n<p>\u00c9 o caso do livreiro Eurico Ferreira, de 58 anos. Morador da Bela Vista, bairro do centro de S\u00e3o Paulo, ele diz que nos \u00faltimos anos se desencantou com os pol\u00edticos brasileiros. &#8220;N\u00e3o acredito em nenhum, todos s\u00e3o ladr\u00f5es. \u00c9 uma decep\u00e7\u00e3o atr\u00e1s da outra.&#8221;<\/p>\n<figure class=\"media-landscape has-caption full-width\"><span class=\"image-and-copyright-container\"><img data-recalc-dims=\"1\" loading=\"lazy\" decoding=\"async\" class=\"responsive-image__img js-image-replace\" src=\"https:\/\/i0.wp.com\/ichef-1.bbci.co.uk\/news\/624\/cpsprodpb\/17AE6\/production\/_98689969_bolsonaro3.jpg?resize=600%2C338&#038;ssl=1\" alt=\"Jair Bolsonaro\" width=\"600\" height=\"338\" data-highest-encountered-width=\"624\" \/><\/span><figcaption class=\"media-caption\"><span class=\"media-caption__text\">Jair Bolsonaro ocupa o segundo lugar em pesquisas de inten\u00e7\u00e3o de voto para as elei\u00e7\u00f5es presidenciais | Foto: Ag. C\u00e2mara<\/span><\/figcaption><\/figure>\n<p>Ferreira se considera de esquerda no espectro pol\u00edtico, j\u00e1 votou em candidatos do PT, mas n\u00e3o acredita mais no partido liderado por Lula. &#8220;O erro dos petistas foi se alinhar com o PMDB (atual MDB)&#8221;.<\/p>\n<p>As posi\u00e7\u00f5es radicais de Jair Bolsonaro tamb\u00e9m n\u00e3o lhe seduzem. &#8220;Ele n\u00e3o tem a menor condi\u00e7\u00e3o de governar um pa\u00eds&#8221;, diz.<\/p>\n<h2 class=\"story-body__crosshead\">Recorde de votos nulos e brancos<\/h2>\n<p>O cen\u00e1rio pesquisado pelo Datafolha que registrou o recorde de 32% de votos nulos tem os seguintes candidatos: Jair Bolsonaro na lideran\u00e7a, com 20%, seguido de Ciro Gomes (PDT), com 13%, Geraldo Alckmin (PSDB), com 11%, e \u00c1lvaro Dias (Podemos), com 6%. Al\u00e9m disso, Manuela D&#8217;\u00c1vila (PCdoB) e Fernando Collor de Mello (PTC), com 3% cada; Jaques Wagner (PT) e Henrique Meirelles (PSD), com 2% cada; Paulo Rabello de Castro (PSC), Guilherme Boulos (sem partido) e Jo\u00e3o Amo\u00eado (Partido Novo), com 1% cada.<\/p>\n<p>O Datafolha fez 2.826 entrevistas em 174 munic\u00edpios. A margem de erro \u00e9 de dois pontos para mais ou menos. A pesquisa foi registrada no Tribunal Superior Eleitoral com o n\u00famero BR 05351\/2018.<\/p>\n<p>Para Mauro Paulino, diretor do instituto, \u00e9 poss\u00edvel que essas elei\u00e7\u00f5es tenham o maior percentual de votos em branco ou nulo. &#8220;V\u00e1rios indicadores mostram que eleitores n\u00e3o est\u00e3o satisfeitos com candidatos e partidos. \u00c9 dif\u00edcil de prever, mas n\u00e3o ser\u00e1 surpresa se a gente tiver a maior taxa de brancos e nulos desde a volta das elei\u00e7\u00f5es diretas&#8221;, afirma.<\/p>\n<p>Nas elei\u00e7\u00f5es presidenciais de 2014, os brancos e nulos somaram 9,6% dos votos. O maior percentual j\u00e1 registrado foi de 19%, nas elei\u00e7\u00f5es de 1994.<\/p>\n<p>O alt\u00edssimo percentual de votos brancos e nulos registrado em um dos cen\u00e1rios do Datafolha, por\u00e9m, n\u00e3o deve se manter. Primeiro, por causa da prov\u00e1vel candidatura de Marina Silva. Segundo, caso Lula realmente fique fora da corrida eleitoral, a tend\u00eancia \u00e9 que parte dos seus apoiadores que declaram que votariam nulo migrem para outros candidatos. Principalmente, para quem for indicado pelo petista.<\/p>\n<p>O mesmo perfil de eleitores que vota nulo em uma disputa sem Lula &#8211; mulheres, de meia idade, nordestina, de baixa renda e baixa escolaridade &#8211; tamb\u00e9m \u00e9 o que mais diz que votaria em um candidato apoiado pelo petista, de acordo com os dados do Datafolha.<\/p>\n<p>&#8220;As coisas para o Lula n\u00e3o est\u00e3o f\u00e1ceis. Mas eu acho que ele vai apontar algu\u00e9m para ser seu candidato. A pessoa que ele apontar, eu apoio&#8221;, fala a pensionista Zulmira.<\/p>\n<p>Al\u00e9m disso, os postulantes \u00e0 Presid\u00eancia v\u00e3o tentar conquistar cora\u00e7\u00f5es e mentes de eleitores como Evaristo, que dizem n\u00e3o votar sob hip\u00f3tese nenhuma em Lula ou em Bolsonaro. A estrat\u00e9gia vai variar: desde candidatos que se apresentem como novos, at\u00e9 quem prometa recuperar a economia.<\/p>\n<p>O vendedor de livros, por\u00e9m, est\u00e1 irredut\u00edvel: &#8220;Votar no Brasil \u00e9 in\u00fatil. N\u00e3o vou dar meu aval para um pol\u00edtico roubar a popula\u00e7\u00e3o&#8221;, diz.<\/p>\n<\/div>\n<\/div>\n<div class=\"tags-container\"><\/div>\n","protected":false},"excerpt":{"rendered":"<p>&nbsp; Na BBC, por Amanda Rossi e Leandro Machado &#8211; Eurico Ferreira \u00e9 vendedor de livros em S\u00e3o Paulo. Elizangela Santos, faxineira em Pernambuco. Sabrina Amaral, professora no Rio Grande do Sul. Eles t\u00eam posi\u00e7\u00f5es pol\u00edticas e hist\u00f3rias diferentes, mas em outubro podem agir da mesma forma perante a urna eletr\u00f4nica: votar nulo para presidente&#8230;.<a class=\"more-link\" href=\"http:\/\/blogdalucianaoliveira.com.br\/blog\/2018\/02\/08\/quem-sao-os-brasileiros-que-formam-o-terco-da-populacao-que-pretende-votar-nulo-para-presidente\/\">Continue a leitura <span class=\"meta-nav\">&raquo;<\/span><\/a><\/p>\n","protected":false},"author":1,"featured_media":0,"comment_status":"closed","ping_status":"open","sticky":false,"template":"","format":"standard","meta":{"_exactmetrics_skip_tracking":false,"_exactmetrics_sitenote_active":false,"_exactmetrics_sitenote_note":"","_exactmetrics_sitenote_category":0,"jetpack_post_was_ever_published":false,"_jetpack_newsletter_access":"","_jetpack_dont_email_post_to_subs":false,"_jetpack_newsletter_tier_id":0,"_jetpack_memberships_contains_paywalled_content":false,"_jetpack_memberships_contains_paid_content":false,"footnotes":"","jetpack_publicize_message":"","jetpack_publicize_feature_enabled":true,"jetpack_social_post_already_shared":true,"jetpack_social_options":{"image_generator_settings":{"template":"highway","enabled":false},"version":2}},"categories":[1],"tags":[],"class_list":["post-16471","post","type-post","status-publish","format-standard","hentry","category-notas"],"jetpack_publicize_connections":[],"jetpack_sharing_enabled":true,"jetpack_featured_media_url":"","jetpack_shortlink":"https:\/\/wp.me\/p7wKYW-4hF","jetpack-related-posts":[],"_links":{"self":[{"href":"http:\/\/blogdalucianaoliveira.com.br\/blog\/wp-json\/wp\/v2\/posts\/16471","targetHints":{"allow":["GET"]}}],"collection":[{"href":"http:\/\/blogdalucianaoliveira.com.br\/blog\/wp-json\/wp\/v2\/posts"}],"about":[{"href":"http:\/\/blogdalucianaoliveira.com.br\/blog\/wp-json\/wp\/v2\/types\/post"}],"author":[{"embeddable":true,"href":"http:\/\/blogdalucianaoliveira.com.br\/blog\/wp-json\/wp\/v2\/users\/1"}],"replies":[{"embeddable":true,"href":"http:\/\/blogdalucianaoliveira.com.br\/blog\/wp-json\/wp\/v2\/comments?post=16471"}],"version-history":[{"count":1,"href":"http:\/\/blogdalucianaoliveira.com.br\/blog\/wp-json\/wp\/v2\/posts\/16471\/revisions"}],"predecessor-version":[{"id":16473,"href":"http:\/\/blogdalucianaoliveira.com.br\/blog\/wp-json\/wp\/v2\/posts\/16471\/revisions\/16473"}],"wp:attachment":[{"href":"http:\/\/blogdalucianaoliveira.com.br\/blog\/wp-json\/wp\/v2\/media?parent=16471"}],"wp:term":[{"taxonomy":"category","embeddable":true,"href":"http:\/\/blogdalucianaoliveira.com.br\/blog\/wp-json\/wp\/v2\/categories?post=16471"},{"taxonomy":"post_tag","embeddable":true,"href":"http:\/\/blogdalucianaoliveira.com.br\/blog\/wp-json\/wp\/v2\/tags?post=16471"}],"curies":[{"name":"wp","href":"https:\/\/api.w.org\/{rel}","templated":true}]}}