{"id":16477,"date":"2018-02-08T11:14:22","date_gmt":"2018-02-08T15:14:22","guid":{"rendered":"http:\/\/blogdalucianaoliveira.com.br\/blog\/?p=16477"},"modified":"2018-02-08T11:42:52","modified_gmt":"2018-02-08T15:42:52","slug":"moradores-cobram-melhorias-no-entorno-da-fimca","status":"publish","type":"post","link":"http:\/\/blogdalucianaoliveira.com.br\/blog\/2018\/02\/08\/moradores-cobram-melhorias-no-entorno-da-fimca\/","title":{"rendered":"MORADORES COBRAM MELHORIAS NO ENTORNO DA FIMCA"},"content":{"rendered":"<p><img data-recalc-dims=\"1\" loading=\"lazy\" decoding=\"async\" data-attachment-id=\"16478\" data-permalink=\"http:\/\/blogdalucianaoliveira.com.br\/blog\/2018\/02\/08\/moradores-cobram-melhorias-no-entorno-da-fimca\/fi3\/\" data-orig-file=\"https:\/\/i0.wp.com\/blogdalucianaoliveira.com.br\/blog\/wp-content\/uploads\/2018\/02\/fi3.jpg?fit=960%2C720\" data-orig-size=\"960,720\" data-comments-opened=\"0\" data-image-meta=\"{&quot;aperture&quot;:&quot;0&quot;,&quot;credit&quot;:&quot;&quot;,&quot;camera&quot;:&quot;&quot;,&quot;caption&quot;:&quot;&quot;,&quot;created_timestamp&quot;:&quot;0&quot;,&quot;copyright&quot;:&quot;&quot;,&quot;focal_length&quot;:&quot;0&quot;,&quot;iso&quot;:&quot;0&quot;,&quot;shutter_speed&quot;:&quot;0&quot;,&quot;title&quot;:&quot;&quot;,&quot;orientation&quot;:&quot;0&quot;}\" data-image-title=\"fi3\" data-image-description=\"\" data-image-caption=\"\" data-medium-file=\"https:\/\/i0.wp.com\/blogdalucianaoliveira.com.br\/blog\/wp-content\/uploads\/2018\/02\/fi3.jpg?fit=300%2C225\" data-large-file=\"https:\/\/i0.wp.com\/blogdalucianaoliveira.com.br\/blog\/wp-content\/uploads\/2018\/02\/fi3.jpg?fit=600%2C450\" class=\"alignnone size-full wp-image-16478\" src=\"https:\/\/i0.wp.com\/blogdalucianaoliveira.com.br\/blog\/wp-content\/uploads\/2018\/02\/fi3.jpg?resize=600%2C450\" alt=\"fi3\" width=\"600\" height=\"450\" srcset=\"https:\/\/i0.wp.com\/blogdalucianaoliveira.com.br\/blog\/wp-content\/uploads\/2018\/02\/fi3.jpg?w=960 960w, https:\/\/i0.wp.com\/blogdalucianaoliveira.com.br\/blog\/wp-content\/uploads\/2018\/02\/fi3.jpg?resize=300%2C225 300w, https:\/\/i0.wp.com\/blogdalucianaoliveira.com.br\/blog\/wp-content\/uploads\/2018\/02\/fi3.jpg?resize=768%2C576 768w, https:\/\/i0.wp.com\/blogdalucianaoliveira.com.br\/blog\/wp-content\/uploads\/2018\/02\/fi3.jpg?resize=400%2C300 400w\" sizes=\"auto, (max-width: 600px) 100vw, 600px\" \/><\/p>\n<p>Quem mora no entorno da FIMCA, a faculdade da fam\u00edlia Carvalho, quer saber quando a prefeitura vai promover servi\u00e7os de manuten\u00e7\u00e3o de ruas e ilumina\u00e7\u00e3o que beneficiem a todos.<\/p>\n<p>Reclamam que s\u00f3 na frente e no estacionamento atr\u00e1s da faculdade tem luz, limpeza e conserva\u00e7\u00e3o do terreno.<!--more--><\/p>\n<p>Pra quem n\u00e3o recorda, a unidade de ensino superior da fam\u00edlia da deputada Mariana Carvalho e do vereador Maur\u00edcio Carvalho, &#8220;foi condenada a indenizar o munic\u00edpio de Porto Velho por ocupar indevidamente dois lotes de \u00e1rea p\u00fablica destinados \u00e0 constru\u00e7\u00e3o de uma \u00e1rea de lazer, com equipamentos comunit\u00e1rios, e \u00e1rea verde, no Jardim Eldorado II, na zona sul da cidade.&#8221; (Fonte: TJ-RO)<\/p>\n<p>https:\/\/www.tjro.jus.br\/noticias\/item\/5360-mantenedora-de-faculdade-e-condenada-a-indenizar-municipio-por-uso-de-terras-publicas<\/p>\n<p>Estamos falando de 18 mil metros quadrados.<\/p>\n<p>&#8220;A sociedade, por meio de uma a\u00e7\u00e3o popular, pedia, em vez de indeniza\u00e7\u00e3o, a reintegra\u00e7\u00e3o da \u00e1rea ocupada pela Fimca ao patrim\u00f4nio municipal, a demoli\u00e7\u00e3o das benfeitorias constru\u00eddas, para, no local, ser constru\u00eddo o parque de lazer, e realizar a recomposi\u00e7\u00e3o reservada \u00e0 \u00e1rea verde, conforme descrito no projeto do loteamento denominado Jardim Eldorado II. A \u00e1rea em quest\u00e3o tem quase 18 mil metros quadrados.&#8221; (Fonte: TJ-RO)<\/p>\n<p>A decis\u00e3o dos membros da 2\u00aa C\u00e2mara Especial do Tribunal de Justi\u00e7a do Estado de Rond\u00f4nia, ocorreu em 2015.<\/p>\n<p>E de l\u00e1 pra c\u00e1, os moradores cobram melhorias no entorno, j\u00e1 que n\u00e3o rolou pra\u00e7a, parque de lazer, nada.<\/p>\n<p><img data-recalc-dims=\"1\" loading=\"lazy\" decoding=\"async\" data-attachment-id=\"16479\" data-permalink=\"http:\/\/blogdalucianaoliveira.com.br\/blog\/2018\/02\/08\/moradores-cobram-melhorias-no-entorno-da-fimca\/fi-3\/\" data-orig-file=\"https:\/\/i0.wp.com\/blogdalucianaoliveira.com.br\/blog\/wp-content\/uploads\/2018\/02\/fi.jpg?fit=960%2C720\" data-orig-size=\"960,720\" data-comments-opened=\"0\" data-image-meta=\"{&quot;aperture&quot;:&quot;0&quot;,&quot;credit&quot;:&quot;&quot;,&quot;camera&quot;:&quot;&quot;,&quot;caption&quot;:&quot;&quot;,&quot;created_timestamp&quot;:&quot;0&quot;,&quot;copyright&quot;:&quot;&quot;,&quot;focal_length&quot;:&quot;0&quot;,&quot;iso&quot;:&quot;0&quot;,&quot;shutter_speed&quot;:&quot;0&quot;,&quot;title&quot;:&quot;&quot;,&quot;orientation&quot;:&quot;0&quot;}\" data-image-title=\"fi\" data-image-description=\"\" data-image-caption=\"\" data-medium-file=\"https:\/\/i0.wp.com\/blogdalucianaoliveira.com.br\/blog\/wp-content\/uploads\/2018\/02\/fi.jpg?fit=300%2C225\" data-large-file=\"https:\/\/i0.wp.com\/blogdalucianaoliveira.com.br\/blog\/wp-content\/uploads\/2018\/02\/fi.jpg?fit=600%2C450\" class=\"alignnone size-full wp-image-16479\" src=\"https:\/\/i0.wp.com\/blogdalucianaoliveira.com.br\/blog\/wp-content\/uploads\/2018\/02\/fi.jpg?resize=600%2C450\" alt=\"fi\" width=\"600\" height=\"450\" srcset=\"https:\/\/i0.wp.com\/blogdalucianaoliveira.com.br\/blog\/wp-content\/uploads\/2018\/02\/fi.jpg?w=960 960w, https:\/\/i0.wp.com\/blogdalucianaoliveira.com.br\/blog\/wp-content\/uploads\/2018\/02\/fi.jpg?resize=300%2C225 300w, https:\/\/i0.wp.com\/blogdalucianaoliveira.com.br\/blog\/wp-content\/uploads\/2018\/02\/fi.jpg?resize=768%2C576 768w, https:\/\/i0.wp.com\/blogdalucianaoliveira.com.br\/blog\/wp-content\/uploads\/2018\/02\/fi.jpg?resize=400%2C300 400w\" sizes=\"auto, (max-width: 600px) 100vw, 600px\" \/> <img data-recalc-dims=\"1\" loading=\"lazy\" decoding=\"async\" data-attachment-id=\"16480\" data-permalink=\"http:\/\/blogdalucianaoliveira.com.br\/blog\/2018\/02\/08\/moradores-cobram-melhorias-no-entorno-da-fimca\/fi1\/\" data-orig-file=\"https:\/\/i0.wp.com\/blogdalucianaoliveira.com.br\/blog\/wp-content\/uploads\/2018\/02\/fi1.jpg?fit=720%2C960\" data-orig-size=\"720,960\" data-comments-opened=\"0\" data-image-meta=\"{&quot;aperture&quot;:&quot;0&quot;,&quot;credit&quot;:&quot;&quot;,&quot;camera&quot;:&quot;&quot;,&quot;caption&quot;:&quot;&quot;,&quot;created_timestamp&quot;:&quot;0&quot;,&quot;copyright&quot;:&quot;&quot;,&quot;focal_length&quot;:&quot;0&quot;,&quot;iso&quot;:&quot;0&quot;,&quot;shutter_speed&quot;:&quot;0&quot;,&quot;title&quot;:&quot;&quot;,&quot;orientation&quot;:&quot;0&quot;}\" data-image-title=\"fi1\" data-image-description=\"\" data-image-caption=\"\" data-medium-file=\"https:\/\/i0.wp.com\/blogdalucianaoliveira.com.br\/blog\/wp-content\/uploads\/2018\/02\/fi1.jpg?fit=225%2C300\" data-large-file=\"https:\/\/i0.wp.com\/blogdalucianaoliveira.com.br\/blog\/wp-content\/uploads\/2018\/02\/fi1.jpg?fit=600%2C800\" class=\"alignnone size-full wp-image-16480\" src=\"https:\/\/i0.wp.com\/blogdalucianaoliveira.com.br\/blog\/wp-content\/uploads\/2018\/02\/fi1.jpg?resize=600%2C800\" alt=\"fi1\" width=\"600\" height=\"800\" srcset=\"https:\/\/i0.wp.com\/blogdalucianaoliveira.com.br\/blog\/wp-content\/uploads\/2018\/02\/fi1.jpg?w=720 720w, https:\/\/i0.wp.com\/blogdalucianaoliveira.com.br\/blog\/wp-content\/uploads\/2018\/02\/fi1.jpg?resize=225%2C300 225w\" sizes=\"auto, (max-width: 600px) 100vw, 600px\" \/><\/p>\n","protected":false},"excerpt":{"rendered":"<p>Quem mora no entorno da FIMCA, a faculdade da fam\u00edlia Carvalho, quer saber quando a prefeitura vai promover servi\u00e7os de manuten\u00e7\u00e3o de ruas e ilumina\u00e7\u00e3o que beneficiem a todos. Reclamam que s\u00f3 na frente e no estacionamento atr\u00e1s da faculdade tem luz, limpeza e conserva\u00e7\u00e3o do terreno.<\/p>\n","protected":false},"author":1,"featured_media":0,"comment_status":"closed","ping_status":"open","sticky":false,"template":"","format":"standard","meta":{"_exactmetrics_skip_tracking":false,"_exactmetrics_sitenote_active":false,"_exactmetrics_sitenote_note":"","_exactmetrics_sitenote_category":0,"jetpack_post_was_ever_published":false,"_jetpack_newsletter_access":"","_jetpack_dont_email_post_to_subs":false,"_jetpack_newsletter_tier_id":0,"_jetpack_memberships_contains_paywalled_content":false,"_jetpack_memberships_contains_paid_content":false,"footnotes":"","jetpack_publicize_message":"","jetpack_publicize_feature_enabled":true,"jetpack_social_post_already_shared":true,"jetpack_social_options":{"image_generator_settings":{"template":"highway","enabled":false},"version":2}},"categories":[1],"tags":[],"class_list":["post-16477","post","type-post","status-publish","format-standard","hentry","category-notas"],"jetpack_publicize_connections":[],"jetpack_sharing_enabled":true,"jetpack_featured_media_url":"","jetpack_shortlink":"https:\/\/wp.me\/p7wKYW-4hL","jetpack-related-posts":[],"_links":{"self":[{"href":"http:\/\/blogdalucianaoliveira.com.br\/blog\/wp-json\/wp\/v2\/posts\/16477","targetHints":{"allow":["GET"]}}],"collection":[{"href":"http:\/\/blogdalucianaoliveira.com.br\/blog\/wp-json\/wp\/v2\/posts"}],"about":[{"href":"http:\/\/blogdalucianaoliveira.com.br\/blog\/wp-json\/wp\/v2\/types\/post"}],"author":[{"embeddable":true,"href":"http:\/\/blogdalucianaoliveira.com.br\/blog\/wp-json\/wp\/v2\/users\/1"}],"replies":[{"embeddable":true,"href":"http:\/\/blogdalucianaoliveira.com.br\/blog\/wp-json\/wp\/v2\/comments?post=16477"}],"version-history":[{"count":2,"href":"http:\/\/blogdalucianaoliveira.com.br\/blog\/wp-json\/wp\/v2\/posts\/16477\/revisions"}],"predecessor-version":[{"id":16485,"href":"http:\/\/blogdalucianaoliveira.com.br\/blog\/wp-json\/wp\/v2\/posts\/16477\/revisions\/16485"}],"wp:attachment":[{"href":"http:\/\/blogdalucianaoliveira.com.br\/blog\/wp-json\/wp\/v2\/media?parent=16477"}],"wp:term":[{"taxonomy":"category","embeddable":true,"href":"http:\/\/blogdalucianaoliveira.com.br\/blog\/wp-json\/wp\/v2\/categories?post=16477"},{"taxonomy":"post_tag","embeddable":true,"href":"http:\/\/blogdalucianaoliveira.com.br\/blog\/wp-json\/wp\/v2\/tags?post=16477"}],"curies":[{"name":"wp","href":"https:\/\/api.w.org\/{rel}","templated":true}]}}