{"id":1649,"date":"2016-06-14T19:24:00","date_gmt":"2016-06-14T23:24:00","guid":{"rendered":"http:\/\/blogdalucianaoliveira.com.br\/blog\/?p=1649"},"modified":"2016-06-14T19:24:00","modified_gmt":"2016-06-14T23:24:00","slug":"nao-se-engane-voto-da-tia-eron-tem-a-ver-com-disputa-de-poder-entre-igrejas","status":"publish","type":"post","link":"http:\/\/blogdalucianaoliveira.com.br\/blog\/2016\/06\/14\/nao-se-engane-voto-da-tia-eron-tem-a-ver-com-disputa-de-poder-entre-igrejas\/","title":{"rendered":"N\u00e3o se engane. Voto da tia Eron tem a ver com disputa de poder entre igrejas"},"content":{"rendered":"<p><img data-recalc-dims=\"1\" loading=\"lazy\" decoding=\"async\" data-attachment-id=\"1650\" data-permalink=\"http:\/\/blogdalucianaoliveira.com.br\/blog\/2016\/06\/14\/nao-se-engane-voto-da-tia-eron-tem-a-ver-com-disputa-de-poder-entre-igrejas\/image-355\/\" data-orig-file=\"https:\/\/i0.wp.com\/blogdalucianaoliveira.com.br\/blog\/wp-content\/uploads\/2016\/06\/image-51.jpeg?fit=565%2C720\" data-orig-size=\"565,720\" data-comments-opened=\"0\" data-image-meta=\"{&quot;aperture&quot;:&quot;0&quot;,&quot;credit&quot;:&quot;&quot;,&quot;camera&quot;:&quot;&quot;,&quot;caption&quot;:&quot;&quot;,&quot;created_timestamp&quot;:&quot;0&quot;,&quot;copyright&quot;:&quot;&quot;,&quot;focal_length&quot;:&quot;0&quot;,&quot;iso&quot;:&quot;0&quot;,&quot;shutter_speed&quot;:&quot;0&quot;,&quot;title&quot;:&quot;&quot;,&quot;orientation&quot;:&quot;1&quot;}\" data-image-title=\"image\" data-image-description=\"\" data-image-caption=\"\" data-medium-file=\"https:\/\/i0.wp.com\/blogdalucianaoliveira.com.br\/blog\/wp-content\/uploads\/2016\/06\/image-51.jpeg?fit=235%2C300\" data-large-file=\"https:\/\/i0.wp.com\/blogdalucianaoliveira.com.br\/blog\/wp-content\/uploads\/2016\/06\/image-51.jpeg?fit=565%2C720\" src=\"https:\/\/i0.wp.com\/blogdalucianaoliveira.com.br\/blog\/wp-content\/uploads\/2016\/06\/image-51.jpeg?resize=565%2C720\" alt=\"image\" width=\"565\" height=\"720\" class=\"alignnone size-full wp-image-1650\" srcset=\"https:\/\/i0.wp.com\/blogdalucianaoliveira.com.br\/blog\/wp-content\/uploads\/2016\/06\/image-51.jpeg?w=565 565w, https:\/\/i0.wp.com\/blogdalucianaoliveira.com.br\/blog\/wp-content\/uploads\/2016\/06\/image-51.jpeg?resize=235%2C300 235w\" sizes=\"auto, (max-width: 565px) 100vw, 565px\" \/><\/p>\n<p>IGREJA UNIVERSAL DETONA CUNHA, O REPRESENTANTE DA ASSEMBL\u00c9IA DE DEUS!<!--more--><\/p>\n<p>Por Laura Capriglione, para os Jornalistas Livres<\/p>\n<p>Com fotos de Lula Marques, especial para os Jornalistas Livres<\/p>\n<p>Um grande estudioso do fen\u00f4meno do neopentecostalismo no Brasil j\u00e1 disse: &#8220;N\u00e3o h\u00e1 nada inimigo mais virulento de um neopentecostal do que outro neopentecostal&#8221;.<\/p>\n<p>Depois de roubar os fi\u00e9is mais &#8220;frouxos&#8221; da Igreja Cat\u00f3lica e das religi\u00f5es de matriz africana, agora, as denomina\u00e7\u00f5es neopentecostais crescem canibalizando-se umas \u00e0s outras.<\/p>\n<p>Tia Eron, ou Eronildes Vasconcelos Carvalho, de 44 anos,ex-professora da Escola B\u00edblica da Igreja Universal do Reino de Deus, que ela come\u00e7ou a frequentar ainda crian\u00e7a com a m\u00e3e,  prova isso. H\u00e1 dias, o notici\u00e1rio da TV Record, controlada pela IURD, s\u00f3 se referia a Eduardo Cunha como &#8220;deputado afastado por suspeitas de corrup\u00e7\u00e3o&#8221;.<\/p>\n<p>Estava na cara que a Universal viraria as costas a Cunha, evang\u00e9lico que j\u00e1 foi da Igreja Sara Nossa Terra e que, atualmente, \u00e9 membro da Assembleia de Deus, Minist\u00e9rio de Madureira.<\/p>\n<p>Com isso, a Universal (&#8220;dona&#8221; do pastor Marcos Pereira, atualmente ministro da Ind\u00fastria, Com\u00e9rcio Exterior e Servi\u00e7os), mostra que n\u00e3o admite concorr\u00eancia. Eduardo Cunha era poderoso demais para a IURD e precisava ser colocado no seu &#8220;devido lugar&#8221;.<\/p>\n","protected":false},"excerpt":{"rendered":"<p>IGREJA UNIVERSAL DETONA CUNHA, O REPRESENTANTE DA ASSEMBL\u00c9IA DE DEUS!<\/p>\n","protected":false},"author":1,"featured_media":0,"comment_status":"closed","ping_status":"open","sticky":false,"template":"","format":"standard","meta":{"_exactmetrics_skip_tracking":false,"_exactmetrics_sitenote_active":false,"_exactmetrics_sitenote_note":"","_exactmetrics_sitenote_category":0,"jetpack_post_was_ever_published":false,"_jetpack_newsletter_access":"","_jetpack_dont_email_post_to_subs":false,"_jetpack_newsletter_tier_id":0,"_jetpack_memberships_contains_paywalled_content":false,"_jetpack_memberships_contains_paid_content":false,"footnotes":"","jetpack_publicize_message":"","jetpack_publicize_feature_enabled":true,"jetpack_social_post_already_shared":true,"jetpack_social_options":{"image_generator_settings":{"template":"highway","enabled":false},"version":2}},"categories":[1],"tags":[],"class_list":["post-1649","post","type-post","status-publish","format-standard","hentry","category-notas"],"jetpack_publicize_connections":[],"jetpack_sharing_enabled":true,"jetpack_featured_media_url":"","jetpack_shortlink":"https:\/\/wp.me\/p7wKYW-qB","jetpack-related-posts":[],"_links":{"self":[{"href":"http:\/\/blogdalucianaoliveira.com.br\/blog\/wp-json\/wp\/v2\/posts\/1649","targetHints":{"allow":["GET"]}}],"collection":[{"href":"http:\/\/blogdalucianaoliveira.com.br\/blog\/wp-json\/wp\/v2\/posts"}],"about":[{"href":"http:\/\/blogdalucianaoliveira.com.br\/blog\/wp-json\/wp\/v2\/types\/post"}],"author":[{"embeddable":true,"href":"http:\/\/blogdalucianaoliveira.com.br\/blog\/wp-json\/wp\/v2\/users\/1"}],"replies":[{"embeddable":true,"href":"http:\/\/blogdalucianaoliveira.com.br\/blog\/wp-json\/wp\/v2\/comments?post=1649"}],"version-history":[{"count":1,"href":"http:\/\/blogdalucianaoliveira.com.br\/blog\/wp-json\/wp\/v2\/posts\/1649\/revisions"}],"predecessor-version":[{"id":1651,"href":"http:\/\/blogdalucianaoliveira.com.br\/blog\/wp-json\/wp\/v2\/posts\/1649\/revisions\/1651"}],"wp:attachment":[{"href":"http:\/\/blogdalucianaoliveira.com.br\/blog\/wp-json\/wp\/v2\/media?parent=1649"}],"wp:term":[{"taxonomy":"category","embeddable":true,"href":"http:\/\/blogdalucianaoliveira.com.br\/blog\/wp-json\/wp\/v2\/categories?post=1649"},{"taxonomy":"post_tag","embeddable":true,"href":"http:\/\/blogdalucianaoliveira.com.br\/blog\/wp-json\/wp\/v2\/tags?post=1649"}],"curies":[{"name":"wp","href":"https:\/\/api.w.org\/{rel}","templated":true}]}}