{"id":16494,"date":"2018-02-08T18:21:02","date_gmt":"2018-02-08T22:21:02","guid":{"rendered":"http:\/\/blogdalucianaoliveira.com.br\/blog\/?p=16494"},"modified":"2018-02-08T18:21:02","modified_gmt":"2018-02-08T22:21:02","slug":"stf-decide-que-decreto-de-lula-que-regulamenta-terras-quilombolas-e-constitucional","status":"publish","type":"post","link":"http:\/\/blogdalucianaoliveira.com.br\/blog\/2018\/02\/08\/stf-decide-que-decreto-de-lula-que-regulamenta-terras-quilombolas-e-constitucional\/","title":{"rendered":"STF decide que decreto de Lula que regulamenta terras quilombolas \u00e9 constitucional"},"content":{"rendered":"<p><img data-recalc-dims=\"1\" loading=\"lazy\" decoding=\"async\" data-attachment-id=\"16495\" data-permalink=\"http:\/\/blogdalucianaoliveira.com.br\/blog\/2018\/02\/08\/stf-decide-que-decreto-de-lula-que-regulamenta-terras-quilombolas-e-constitucional\/quilo-2\/\" data-orig-file=\"https:\/\/i0.wp.com\/blogdalucianaoliveira.com.br\/blog\/wp-content\/uploads\/2018\/02\/quilo.jpg?fit=620%2C457\" data-orig-size=\"620,457\" data-comments-opened=\"0\" data-image-meta=\"{&quot;aperture&quot;:&quot;0&quot;,&quot;credit&quot;:&quot;&quot;,&quot;camera&quot;:&quot;&quot;,&quot;caption&quot;:&quot;&quot;,&quot;created_timestamp&quot;:&quot;0&quot;,&quot;copyright&quot;:&quot;&quot;,&quot;focal_length&quot;:&quot;0&quot;,&quot;iso&quot;:&quot;0&quot;,&quot;shutter_speed&quot;:&quot;0&quot;,&quot;title&quot;:&quot;&quot;,&quot;orientation&quot;:&quot;0&quot;}\" data-image-title=\"quilo\" data-image-description=\"\" data-image-caption=\"\" data-medium-file=\"https:\/\/i0.wp.com\/blogdalucianaoliveira.com.br\/blog\/wp-content\/uploads\/2018\/02\/quilo.jpg?fit=300%2C221\" data-large-file=\"https:\/\/i0.wp.com\/blogdalucianaoliveira.com.br\/blog\/wp-content\/uploads\/2018\/02\/quilo.jpg?fit=600%2C442\" src=\"https:\/\/i0.wp.com\/blogdalucianaoliveira.com.br\/blog\/wp-content\/uploads\/2018\/02\/quilo.jpg?resize=600%2C442\" alt=\"quilo\" width=\"600\" height=\"442\" class=\"alignnone size-full wp-image-16495\" srcset=\"https:\/\/i0.wp.com\/blogdalucianaoliveira.com.br\/blog\/wp-content\/uploads\/2018\/02\/quilo.jpg?w=620 620w, https:\/\/i0.wp.com\/blogdalucianaoliveira.com.br\/blog\/wp-content\/uploads\/2018\/02\/quilo.jpg?resize=300%2C221 300w, https:\/\/i0.wp.com\/blogdalucianaoliveira.com.br\/blog\/wp-content\/uploads\/2018\/02\/quilo.jpg?resize=407%2C300 407w\" sizes=\"auto, (max-width: 600px) 100vw, 600px\" \/><\/p>\n<p>Com 8 votos, o decreto de 2003 foi mantido; Com a vit\u00f3ria na vota\u00e7\u00e3o, a quest\u00e3o do marco temporal foi suprimida<!--more--><\/p>\n<p>Reda\u00e7\u00e3o<br \/>\nBrasil de Fato| S\u00e3o Paulo (SP)<\/p>\n<p>O Supremo Tribunal Federal (STF) retomou, nesta quinta-feira (8), o julgamento da A\u00e7\u00e3o Direta de<br \/>\nInconstitucionalidade (ADI) n\u00famero 3239\/04, movida pelo partido Democratas (DEM).<\/p>\n<p>A medida questionava o direito de propriedade das comunidades quilombolas a suas terras, bem como o seu acesso a pol\u00edticas p\u00fablicas, garantidos pelo Decreto 4.887, de 2003, institu\u00eddo pelo ent\u00e3o presidente Luiz In\u00e1cio Lula da Silva.<\/p>\n<p>Tramitando no STF desde 2012, o julgamento foi conclu\u00eddo com 8 votos a favor da constitucionalidade do decreto, dois votos parciais e um contra o questionamento.<\/p>\n<p>Votaram a favor da manuten\u00e7\u00e3o do decreto os ministros C\u00e1rmen L\u00facia \u2014 presidenta do STF \u2014,  Ricardo Lewandowski, Rosa Weber, Roberto Barroso, Edson Fachin, Marco Aur\u00e9lio, Luiz Fux, Celso de Mello e Alexandre de Moraes. <\/p>\n<p>Houve somente uma posi\u00e7\u00e3o favor\u00e1vel ao pedido do DEM, que foi dado pelo ex-ministro Cezar Peluso, em 2012, quando era relator do caso. <\/p>\n<p>Dias Toffoli e Gilmar Mendes, acataram parcialmente o pedido do DEM de demarcar o marco temporal para assentar a titula\u00e7\u00e3o apenas em \u00e1reas ocupadas pelos quilombolas na data de promulga\u00e7\u00e3o da Constitui\u00e7\u00e3o, em 1988, salvo comprova\u00e7\u00e3o de perda da posse em fun\u00e7\u00e3o de atos il\u00edcitos. <\/p>\n<p>Esse limite \u00e9 chamado de marco temporal. Caso fosse aprovado, ficariam de fora, por exemplo, muitos quilombolas que j\u00e1 haviam sido expulsos de suas terras por invasores.<\/p>\n<p>Com a vit\u00f3ria na vota\u00e7\u00e3o, a quest\u00e3o do marco temporal foi suprimida.<\/p>\n<p>De acordo com dados, a Coordena\u00e7\u00e3o Nacional de Articula\u00e7\u00e3o das Comunidades Negras Rurais Quilombolas (Conaq), hoje mais 2.400 quilombos foram reconhecidos pela Funda\u00e7\u00e3o Palmares e aguardam sua titula\u00e7\u00e3o definitiva pelo Incra, o Instituto Nacional de Coloniza\u00e7\u00e3o e Reforma Agr\u00e1ria. <\/p>\n<p>Apenas 4% dos mais de 1.600 processos de titula\u00e7\u00e3o de terras quilombolas em andamento Incra foram conclu\u00eddos. Al\u00e9m de o programa de reconhecimento de \u00e1reas quilombolas praticamente n\u00e3o avan\u00e7ar, o seu or\u00e7amento encolheu 94% em sete anos, despencando de R$ 64 milh\u00f5es em 2010 para R$ 4 milh\u00f5es em 2017.<\/p>\n<p>Edi\u00e7\u00e3o: Vanessa Martina Silva<\/p>\n","protected":false},"excerpt":{"rendered":"<p>Com 8 votos, o decreto de 2003 foi mantido; Com a vit\u00f3ria na vota\u00e7\u00e3o, a quest\u00e3o do marco temporal foi suprimida<\/p>\n","protected":false},"author":1,"featured_media":0,"comment_status":"closed","ping_status":"open","sticky":false,"template":"","format":"standard","meta":{"_exactmetrics_skip_tracking":false,"_exactmetrics_sitenote_active":false,"_exactmetrics_sitenote_note":"","_exactmetrics_sitenote_category":0,"jetpack_post_was_ever_published":false,"_jetpack_newsletter_access":"","_jetpack_dont_email_post_to_subs":false,"_jetpack_newsletter_tier_id":0,"_jetpack_memberships_contains_paywalled_content":false,"_jetpack_memberships_contains_paid_content":false,"footnotes":"","jetpack_publicize_message":"","jetpack_publicize_feature_enabled":true,"jetpack_social_post_already_shared":true,"jetpack_social_options":{"image_generator_settings":{"template":"highway","enabled":false},"version":2}},"categories":[1],"tags":[],"class_list":["post-16494","post","type-post","status-publish","format-standard","hentry","category-notas"],"jetpack_publicize_connections":[],"jetpack_sharing_enabled":true,"jetpack_featured_media_url":"","jetpack_shortlink":"https:\/\/wp.me\/p7wKYW-4i2","jetpack-related-posts":[],"_links":{"self":[{"href":"http:\/\/blogdalucianaoliveira.com.br\/blog\/wp-json\/wp\/v2\/posts\/16494","targetHints":{"allow":["GET"]}}],"collection":[{"href":"http:\/\/blogdalucianaoliveira.com.br\/blog\/wp-json\/wp\/v2\/posts"}],"about":[{"href":"http:\/\/blogdalucianaoliveira.com.br\/blog\/wp-json\/wp\/v2\/types\/post"}],"author":[{"embeddable":true,"href":"http:\/\/blogdalucianaoliveira.com.br\/blog\/wp-json\/wp\/v2\/users\/1"}],"replies":[{"embeddable":true,"href":"http:\/\/blogdalucianaoliveira.com.br\/blog\/wp-json\/wp\/v2\/comments?post=16494"}],"version-history":[{"count":1,"href":"http:\/\/blogdalucianaoliveira.com.br\/blog\/wp-json\/wp\/v2\/posts\/16494\/revisions"}],"predecessor-version":[{"id":16496,"href":"http:\/\/blogdalucianaoliveira.com.br\/blog\/wp-json\/wp\/v2\/posts\/16494\/revisions\/16496"}],"wp:attachment":[{"href":"http:\/\/blogdalucianaoliveira.com.br\/blog\/wp-json\/wp\/v2\/media?parent=16494"}],"wp:term":[{"taxonomy":"category","embeddable":true,"href":"http:\/\/blogdalucianaoliveira.com.br\/blog\/wp-json\/wp\/v2\/categories?post=16494"},{"taxonomy":"post_tag","embeddable":true,"href":"http:\/\/blogdalucianaoliveira.com.br\/blog\/wp-json\/wp\/v2\/tags?post=16494"}],"curies":[{"name":"wp","href":"https:\/\/api.w.org\/{rel}","templated":true}]}}