{"id":16502,"date":"2018-02-09T12:19:14","date_gmt":"2018-02-09T16:19:14","guid":{"rendered":"http:\/\/blogdalucianaoliveira.com.br\/blog\/?p=16502"},"modified":"2018-02-09T12:20:56","modified_gmt":"2018-02-09T16:20:56","slug":"todo-o-mundo-e-oportunista-mas-nem-todos-sabem-se-lo","status":"publish","type":"post","link":"http:\/\/blogdalucianaoliveira.com.br\/blog\/2018\/02\/09\/todo-o-mundo-e-oportunista-mas-nem-todos-sabem-se-lo\/","title":{"rendered":"Todo o mundo \u00e9 oportunista, mas nem todos sabem s\u00ea-lo"},"content":{"rendered":"<p><img data-recalc-dims=\"1\" loading=\"lazy\" decoding=\"async\" data-attachment-id=\"16503\" data-permalink=\"http:\/\/blogdalucianaoliveira.com.br\/blog\/2018\/02\/09\/todo-o-mundo-e-oportunista-mas-nem-todos-sabem-se-lo\/mari-6\/\" data-orig-file=\"https:\/\/i0.wp.com\/blogdalucianaoliveira.com.br\/blog\/wp-content\/uploads\/2018\/02\/mari.jpg?fit=194%2C259\" data-orig-size=\"194,259\" data-comments-opened=\"0\" data-image-meta=\"{&quot;aperture&quot;:&quot;0&quot;,&quot;credit&quot;:&quot;&quot;,&quot;camera&quot;:&quot;&quot;,&quot;caption&quot;:&quot;&quot;,&quot;created_timestamp&quot;:&quot;0&quot;,&quot;copyright&quot;:&quot;&quot;,&quot;focal_length&quot;:&quot;0&quot;,&quot;iso&quot;:&quot;0&quot;,&quot;shutter_speed&quot;:&quot;0&quot;,&quot;title&quot;:&quot;&quot;,&quot;orientation&quot;:&quot;0&quot;}\" data-image-title=\"mari\" data-image-description=\"\" data-image-caption=\"\" data-medium-file=\"https:\/\/i0.wp.com\/blogdalucianaoliveira.com.br\/blog\/wp-content\/uploads\/2018\/02\/mari.jpg?fit=194%2C259\" data-large-file=\"https:\/\/i0.wp.com\/blogdalucianaoliveira.com.br\/blog\/wp-content\/uploads\/2018\/02\/mari.jpg?fit=194%2C259\" src=\"https:\/\/i0.wp.com\/blogdalucianaoliveira.com.br\/blog\/wp-content\/uploads\/2018\/02\/mari.jpg?resize=194%2C259\" alt=\"mari\" width=\"194\" height=\"259\" class=\"alignnone size-full wp-image-16503\" \/><\/p>\n<p>Na \u00e2nsia de aparecer, a deputada Mariana Carvalho mais uma vez mostra como bacharel em direito, que de direito n\u00e3o entende nada.<\/p>\n<p>Ela foi a primeira a distribuir mat\u00e9ria na imprensa elogiando a posi\u00e7\u00e3o autorit\u00e1ria do novo presidente do TSE, o ministro Luiz Fux.<!--more--><\/p>\n<p>Eis o t\u00edtulo da assessoria: &#8220;Mariana apoia novo ministro do TSE em aplica\u00e7\u00e3o &#8220;irredut\u00edvel&#8221; da Lei da Ficha Limpa.&#8221;<\/p>\n<p><img data-recalc-dims=\"1\" loading=\"lazy\" decoding=\"async\" data-attachment-id=\"16504\" data-permalink=\"http:\/\/blogdalucianaoliveira.com.br\/blog\/2018\/02\/09\/todo-o-mundo-e-oportunista-mas-nem-todos-sabem-se-lo\/marian\/\" data-orig-file=\"https:\/\/i0.wp.com\/blogdalucianaoliveira.com.br\/blog\/wp-content\/uploads\/2018\/02\/marian.jpg?fit=747%2C850\" data-orig-size=\"747,850\" data-comments-opened=\"0\" data-image-meta=\"{&quot;aperture&quot;:&quot;0&quot;,&quot;credit&quot;:&quot;&quot;,&quot;camera&quot;:&quot;&quot;,&quot;caption&quot;:&quot;&quot;,&quot;created_timestamp&quot;:&quot;0&quot;,&quot;copyright&quot;:&quot;&quot;,&quot;focal_length&quot;:&quot;0&quot;,&quot;iso&quot;:&quot;0&quot;,&quot;shutter_speed&quot;:&quot;0&quot;,&quot;title&quot;:&quot;&quot;,&quot;orientation&quot;:&quot;0&quot;}\" data-image-title=\"marian\" data-image-description=\"\" data-image-caption=\"\" data-medium-file=\"https:\/\/i0.wp.com\/blogdalucianaoliveira.com.br\/blog\/wp-content\/uploads\/2018\/02\/marian.jpg?fit=264%2C300\" data-large-file=\"https:\/\/i0.wp.com\/blogdalucianaoliveira.com.br\/blog\/wp-content\/uploads\/2018\/02\/marian.jpg?fit=600%2C683\" src=\"https:\/\/i0.wp.com\/blogdalucianaoliveira.com.br\/blog\/wp-content\/uploads\/2018\/02\/marian.jpg?resize=600%2C683\" alt=\"marian\" width=\"600\" height=\"683\" class=\"alignnone size-full wp-image-16504\" srcset=\"https:\/\/i0.wp.com\/blogdalucianaoliveira.com.br\/blog\/wp-content\/uploads\/2018\/02\/marian.jpg?w=747 747w, https:\/\/i0.wp.com\/blogdalucianaoliveira.com.br\/blog\/wp-content\/uploads\/2018\/02\/marian.jpg?resize=264%2C300 264w\" sizes=\"auto, (max-width: 600px) 100vw, 600px\" \/><\/p>\n<p>A jornalista Tereza Cruvinel sintetiza bem o que \u00e9 apoiar a declara\u00e7\u00e3o de Fux em sua posse:<\/p>\n<p>&#8220;Como novo presidente do TSE, primeiro ele exercitou uma esp\u00e9cie de \u201cjogo consumado\u201d ao dizer que a candidatura presidencial do ex-presidente Lula \u00e9 \u201cirregistr\u00e1vel\u201d. Ele sabe que n\u00e3o h\u00e1 jurista capaz de concordar com este reducionismo, pelo qual qualquer juiz eleitoral pode rasgar o pedido de registro invocando a Lei da Ficha Limpa, sem que tenha havido provoca\u00e7\u00e3o (pedido de impugna\u00e7\u00e3o) de partido, de outro candidato ou do Minist\u00e9rio P\u00fablico Eleitoral. O rito sempre foi isso: mesmo condenado, o candidato pede o registro e os incomodados \u00e9 tratam de reagir. Sempre foi assim, por que deixaria de ser agora? Por que Lula \u00e9 a bola da vez, ora bolas. Hoje Fux informou que o colegiado examinar\u00e1 o assunto, admitindo que uma brecha da lei admite, sim, o registro de candidato condenado em segunda inst\u00e2ncia, e que a partir disso \u00e9 que viriam os pedidos de impugna\u00e7\u00e3o. &#8221;<\/p>\n<p>\u00c9 por esse oportunismo incoerente que tanto critico a jovem deputada.<\/p>\n<p>E ela sempre tem esses arroubos quando um petista est\u00e1 com a cabe\u00e7a no cadafalso. Para dar li\u00e7\u00e3o de moral sobre tucanos atolados na lama da corrup\u00e7\u00e3o, Mariana n\u00e3o abre o bico.<\/p>\n","protected":false},"excerpt":{"rendered":"<p>Na \u00e2nsia de aparecer, a deputada Mariana Carvalho mais uma vez mostra como bacharel em direito, que de direito n\u00e3o entende nada. Ela foi a primeira a distribuir mat\u00e9ria na imprensa elogiando a posi\u00e7\u00e3o autorit\u00e1ria do novo presidente do TSE, o ministro Luiz Fux.<\/p>\n","protected":false},"author":1,"featured_media":16506,"comment_status":"closed","ping_status":"open","sticky":false,"template":"","format":"standard","meta":{"_exactmetrics_skip_tracking":false,"_exactmetrics_sitenote_active":false,"_exactmetrics_sitenote_note":"","_exactmetrics_sitenote_category":0,"jetpack_post_was_ever_published":false,"_jetpack_newsletter_access":"","_jetpack_dont_email_post_to_subs":false,"_jetpack_newsletter_tier_id":0,"_jetpack_memberships_contains_paywalled_content":false,"_jetpack_memberships_contains_paid_content":false,"footnotes":"","jetpack_publicize_message":"","jetpack_publicize_feature_enabled":true,"jetpack_social_post_already_shared":true,"jetpack_social_options":{"image_generator_settings":{"template":"highway","enabled":false},"version":2}},"categories":[1],"tags":[],"class_list":["post-16502","post","type-post","status-publish","format-standard","has-post-thumbnail","hentry","category-notas"],"jetpack_publicize_connections":[],"jetpack_sharing_enabled":true,"jetpack_featured_media_url":"https:\/\/i0.wp.com\/blogdalucianaoliveira.com.br\/blog\/wp-content\/uploads\/2018\/02\/ja.jpg?fit=265%2C190","jetpack_shortlink":"https:\/\/wp.me\/p7wKYW-4ia","jetpack-related-posts":[],"_links":{"self":[{"href":"http:\/\/blogdalucianaoliveira.com.br\/blog\/wp-json\/wp\/v2\/posts\/16502","targetHints":{"allow":["GET"]}}],"collection":[{"href":"http:\/\/blogdalucianaoliveira.com.br\/blog\/wp-json\/wp\/v2\/posts"}],"about":[{"href":"http:\/\/blogdalucianaoliveira.com.br\/blog\/wp-json\/wp\/v2\/types\/post"}],"author":[{"embeddable":true,"href":"http:\/\/blogdalucianaoliveira.com.br\/blog\/wp-json\/wp\/v2\/users\/1"}],"replies":[{"embeddable":true,"href":"http:\/\/blogdalucianaoliveira.com.br\/blog\/wp-json\/wp\/v2\/comments?post=16502"}],"version-history":[{"count":1,"href":"http:\/\/blogdalucianaoliveira.com.br\/blog\/wp-json\/wp\/v2\/posts\/16502\/revisions"}],"predecessor-version":[{"id":16505,"href":"http:\/\/blogdalucianaoliveira.com.br\/blog\/wp-json\/wp\/v2\/posts\/16502\/revisions\/16505"}],"wp:featuredmedia":[{"embeddable":true,"href":"http:\/\/blogdalucianaoliveira.com.br\/blog\/wp-json\/wp\/v2\/media\/16506"}],"wp:attachment":[{"href":"http:\/\/blogdalucianaoliveira.com.br\/blog\/wp-json\/wp\/v2\/media?parent=16502"}],"wp:term":[{"taxonomy":"category","embeddable":true,"href":"http:\/\/blogdalucianaoliveira.com.br\/blog\/wp-json\/wp\/v2\/categories?post=16502"},{"taxonomy":"post_tag","embeddable":true,"href":"http:\/\/blogdalucianaoliveira.com.br\/blog\/wp-json\/wp\/v2\/tags?post=16502"}],"curies":[{"name":"wp","href":"https:\/\/api.w.org\/{rel}","templated":true}]}}