{"id":16507,"date":"2018-02-09T12:27:48","date_gmt":"2018-02-09T16:27:48","guid":{"rendered":"http:\/\/blogdalucianaoliveira.com.br\/blog\/?p=16507"},"modified":"2018-02-09T12:27:48","modified_gmt":"2018-02-09T16:27:48","slug":"moro-finalmente-vira-heroi-do-carnaval-carioca","status":"publish","type":"post","link":"http:\/\/blogdalucianaoliveira.com.br\/blog\/2018\/02\/09\/moro-finalmente-vira-heroi-do-carnaval-carioca\/","title":{"rendered":"Moro, finalmente, vira heroi do carnaval carioca"},"content":{"rendered":"<p><img data-recalc-dims=\"1\" loading=\"lazy\" decoding=\"async\" data-attachment-id=\"16508\" data-permalink=\"http:\/\/blogdalucianaoliveira.com.br\/blog\/2018\/02\/09\/moro-finalmente-vira-heroi-do-carnaval-carioca\/moro-e-aecio1\/\" data-orig-file=\"https:\/\/i0.wp.com\/blogdalucianaoliveira.com.br\/blog\/wp-content\/uploads\/2018\/02\/moro-e-a%C3%A9cio1.jpg?fit=900%2C431\" data-orig-size=\"900,431\" data-comments-opened=\"0\" data-image-meta=\"{&quot;aperture&quot;:&quot;0&quot;,&quot;credit&quot;:&quot;&quot;,&quot;camera&quot;:&quot;&quot;,&quot;caption&quot;:&quot;&quot;,&quot;created_timestamp&quot;:&quot;0&quot;,&quot;copyright&quot;:&quot;&quot;,&quot;focal_length&quot;:&quot;0&quot;,&quot;iso&quot;:&quot;0&quot;,&quot;shutter_speed&quot;:&quot;0&quot;,&quot;title&quot;:&quot;&quot;,&quot;orientation&quot;:&quot;1&quot;}\" data-image-title=\"moro-e-a\u00e9cio1\" data-image-description=\"\" data-image-caption=\"\" data-medium-file=\"https:\/\/i0.wp.com\/blogdalucianaoliveira.com.br\/blog\/wp-content\/uploads\/2018\/02\/moro-e-a%C3%A9cio1.jpg?fit=300%2C144\" data-large-file=\"https:\/\/i0.wp.com\/blogdalucianaoliveira.com.br\/blog\/wp-content\/uploads\/2018\/02\/moro-e-a%C3%A9cio1.jpg?fit=600%2C287\" src=\"https:\/\/i0.wp.com\/blogdalucianaoliveira.com.br\/blog\/wp-content\/uploads\/2018\/02\/moro-e-a%C3%A9cio1.jpg?resize=600%2C287\" alt=\"moro-e-a\u00e9cio1\" width=\"600\" height=\"287\" class=\"alignnone size-full wp-image-16508\" srcset=\"https:\/\/i0.wp.com\/blogdalucianaoliveira.com.br\/blog\/wp-content\/uploads\/2018\/02\/moro-e-a%C3%A9cio1.jpg?w=900 900w, https:\/\/i0.wp.com\/blogdalucianaoliveira.com.br\/blog\/wp-content\/uploads\/2018\/02\/moro-e-a%C3%A9cio1.jpg?resize=300%2C144 300w, https:\/\/i0.wp.com\/blogdalucianaoliveira.com.br\/blog\/wp-content\/uploads\/2018\/02\/moro-e-a%C3%A9cio1.jpg?resize=768%2C368 768w, https:\/\/i0.wp.com\/blogdalucianaoliveira.com.br\/blog\/wp-content\/uploads\/2018\/02\/moro-e-a%C3%A9cio1.jpg?resize=626%2C300 626w\" sizes=\"auto, (max-width: 600px) 100vw, 600px\" \/><\/p>\n<p>O Cafezinho, por Miguel do Ros\u00e1rio &#8211; Desde que as conspira\u00e7\u00f5es midi\u00e1tico-judiciais come\u00e7aram, anos atr\u00e1s, com os desdobramentos do mensal\u00e3o, a grande m\u00eddia tenta emplacar seus herois no carnaval brasileiro. Quem se lembra da Globo anunciando que as m\u00e1scaras de Joaquim Barbosa seriam o novo hit da folia? O empres\u00e1rio que acreditou nisso perdeu muito dinheiro. As m\u00e1scaras encalharam. O carnaval \u00e9 um momento de irrever\u00eancia, contra as autoridades, jamais em favor das autoridades.<!--more--><\/p>\n<p>Depois veio Sergio Moro. A Globo igualmente tentou emplacar suas m\u00e1scaras. Mas quem, de boa f\u00e9, vai sair no carnaval fantasiado de mercen\u00e1rio da Globo? Quer dizer, seria at\u00e9 uma boa ideia, se fosse uma fantasia para ironizar o mercen\u00e1rio.<\/p>\n<p>Outra fantasia interessante, pensei aqui agora, seria se fantasiar de jagun\u00e7o armado da Globo, segurando um fuzil de pl\u00e1stico e com o bolso cheio de aux\u00edlios-moradia\u2026<\/p>\n<p>Esse post, por\u00e9m, \u00e9 s\u00f3 para repassar aos internautas uma marchinha que est\u00e1 se disseminando pelos blocos do Rio de Janeiro, com refer\u00eancias a Sergio Moro. A letra segue abaixo.<\/p>\n<p>Assim que algu\u00e9m nos enviar \u00e1udio ou v\u00eddeo da marchina, a gente publica por aqui, nesse mesmo post.<\/p>\n<p>Mas que ca\u00f4, \u00f4 \u00f4 \u00f4, \u00f4 \u00f4 \u00f4 \/ Desmoronou, \u00f4 \u00f4 \u00f4, \u00f4 \u00f4 \u00f4! \/<\/p>\n<p>Tirava onda de her\u00f3i e justiceiro\/ com mordomia paga pelo povo brasileiro!\/<\/p>\n<p>Juiz sonegador\/ \u00c9 moralista sem moral, \u00e9 impostor!\/<\/p>\n<p>Ah-l\u00e1! Ah-l\u00e1! Tem casa pra morar!\/ Mas recebe um jab\u00e1!\/ Que vergonha, seu doutor!\/ Morou? Desmoronou!<\/p>\n<p>PS: um outro internauta nos enviou um v\u00eddeo com um samba carnavalesco sobre o trio Globo, Tio Sam e Lava Jato.<\/p>\n<div class=\"jetpack-video-wrapper\"><iframe loading=\"lazy\" title=\"Inimigos do Imp\u00e9rio 2018\" width=\"600\" height=\"338\" src=\"https:\/\/www.youtube.com\/embed\/3nrihk2gxFc?feature=oembed\" frameborder=\"0\" allow=\"accelerometer; autoplay; clipboard-write; encrypted-media; gyroscope; picture-in-picture; web-share\" referrerpolicy=\"strict-origin-when-cross-origin\" allowfullscreen><\/iframe><\/div>\n","protected":false},"excerpt":{"rendered":"<p>O Cafezinho, por Miguel do Ros\u00e1rio &#8211; Desde que as conspira\u00e7\u00f5es midi\u00e1tico-judiciais come\u00e7aram, anos atr\u00e1s, com os desdobramentos do mensal\u00e3o, a grande m\u00eddia tenta emplacar seus herois no carnaval brasileiro. Quem se lembra da Globo anunciando que as m\u00e1scaras de Joaquim Barbosa seriam o novo hit da folia? O empres\u00e1rio que acreditou nisso perdeu muito&#8230;<a class=\"more-link\" href=\"http:\/\/blogdalucianaoliveira.com.br\/blog\/2018\/02\/09\/moro-finalmente-vira-heroi-do-carnaval-carioca\/\">Continue a leitura <span class=\"meta-nav\">&raquo;<\/span><\/a><\/p>\n","protected":false},"author":1,"featured_media":0,"comment_status":"closed","ping_status":"open","sticky":false,"template":"","format":"standard","meta":{"_exactmetrics_skip_tracking":false,"_exactmetrics_sitenote_active":false,"_exactmetrics_sitenote_note":"","_exactmetrics_sitenote_category":0,"jetpack_post_was_ever_published":false,"_jetpack_newsletter_access":"","_jetpack_dont_email_post_to_subs":false,"_jetpack_newsletter_tier_id":0,"_jetpack_memberships_contains_paywalled_content":false,"_jetpack_memberships_contains_paid_content":false,"footnotes":"","jetpack_publicize_message":"","jetpack_publicize_feature_enabled":true,"jetpack_social_post_already_shared":true,"jetpack_social_options":{"image_generator_settings":{"template":"highway","enabled":false},"version":2}},"categories":[1],"tags":[],"class_list":["post-16507","post","type-post","status-publish","format-standard","hentry","category-notas"],"jetpack_publicize_connections":[],"jetpack_sharing_enabled":true,"jetpack_featured_media_url":"","jetpack_shortlink":"https:\/\/wp.me\/p7wKYW-4if","jetpack-related-posts":[],"_links":{"self":[{"href":"http:\/\/blogdalucianaoliveira.com.br\/blog\/wp-json\/wp\/v2\/posts\/16507","targetHints":{"allow":["GET"]}}],"collection":[{"href":"http:\/\/blogdalucianaoliveira.com.br\/blog\/wp-json\/wp\/v2\/posts"}],"about":[{"href":"http:\/\/blogdalucianaoliveira.com.br\/blog\/wp-json\/wp\/v2\/types\/post"}],"author":[{"embeddable":true,"href":"http:\/\/blogdalucianaoliveira.com.br\/blog\/wp-json\/wp\/v2\/users\/1"}],"replies":[{"embeddable":true,"href":"http:\/\/blogdalucianaoliveira.com.br\/blog\/wp-json\/wp\/v2\/comments?post=16507"}],"version-history":[{"count":1,"href":"http:\/\/blogdalucianaoliveira.com.br\/blog\/wp-json\/wp\/v2\/posts\/16507\/revisions"}],"predecessor-version":[{"id":16509,"href":"http:\/\/blogdalucianaoliveira.com.br\/blog\/wp-json\/wp\/v2\/posts\/16507\/revisions\/16509"}],"wp:attachment":[{"href":"http:\/\/blogdalucianaoliveira.com.br\/blog\/wp-json\/wp\/v2\/media?parent=16507"}],"wp:term":[{"taxonomy":"category","embeddable":true,"href":"http:\/\/blogdalucianaoliveira.com.br\/blog\/wp-json\/wp\/v2\/categories?post=16507"},{"taxonomy":"post_tag","embeddable":true,"href":"http:\/\/blogdalucianaoliveira.com.br\/blog\/wp-json\/wp\/v2\/tags?post=16507"}],"curies":[{"name":"wp","href":"https:\/\/api.w.org\/{rel}","templated":true}]}}