{"id":16514,"date":"2018-02-09T17:45:56","date_gmt":"2018-02-09T21:45:56","guid":{"rendered":"http:\/\/blogdalucianaoliveira.com.br\/blog\/?p=16514"},"modified":"2018-02-09T17:46:48","modified_gmt":"2018-02-09T21:46:48","slug":"sociedade-civil-formaliza-pedido-de-participacao-em-julgamento-de-auxilio-moradia-para-magistrados","status":"publish","type":"post","link":"http:\/\/blogdalucianaoliveira.com.br\/blog\/2018\/02\/09\/sociedade-civil-formaliza-pedido-de-participacao-em-julgamento-de-auxilio-moradia-para-magistrados\/","title":{"rendered":"Sociedade civil formaliza pedido de participa\u00e7\u00e3o em julgamento de aux\u00edlio-moradia para magistrados"},"content":{"rendered":"<p><img data-recalc-dims=\"1\" loading=\"lazy\" decoding=\"async\" data-attachment-id=\"16515\" data-permalink=\"http:\/\/blogdalucianaoliveira.com.br\/blog\/2018\/02\/09\/sociedade-civil-formaliza-pedido-de-participacao-em-julgamento-de-auxilio-moradia-para-magistrados\/48280ec6-8630-4559-b049-2bd7d6ebd61d\/\" data-orig-file=\"https:\/\/i0.wp.com\/blogdalucianaoliveira.com.br\/blog\/wp-content\/uploads\/2018\/02\/48280EC6-8630-4559-B049-2BD7D6EBD61D.jpeg?fit=458%2C321\" data-orig-size=\"458,321\" data-comments-opened=\"0\" data-image-meta=\"{&quot;aperture&quot;:&quot;0&quot;,&quot;credit&quot;:&quot;&quot;,&quot;camera&quot;:&quot;&quot;,&quot;caption&quot;:&quot;&quot;,&quot;created_timestamp&quot;:&quot;0&quot;,&quot;copyright&quot;:&quot;&quot;,&quot;focal_length&quot;:&quot;0&quot;,&quot;iso&quot;:&quot;0&quot;,&quot;shutter_speed&quot;:&quot;0&quot;,&quot;title&quot;:&quot;&quot;,&quot;orientation&quot;:&quot;0&quot;}\" data-image-title=\"48280EC6-8630-4559-B049-2BD7D6EBD61D\" data-image-description=\"\" data-image-caption=\"\" data-medium-file=\"https:\/\/i0.wp.com\/blogdalucianaoliveira.com.br\/blog\/wp-content\/uploads\/2018\/02\/48280EC6-8630-4559-B049-2BD7D6EBD61D.jpeg?fit=300%2C210\" data-large-file=\"https:\/\/i0.wp.com\/blogdalucianaoliveira.com.br\/blog\/wp-content\/uploads\/2018\/02\/48280EC6-8630-4559-B049-2BD7D6EBD61D.jpeg?fit=458%2C321\" src=\"https:\/\/i0.wp.com\/blogdalucianaoliveira.com.br\/blog\/wp-content\/uploads\/2018\/02\/48280EC6-8630-4559-B049-2BD7D6EBD61D.jpeg?resize=458%2C321\" alt=\"48280EC6-8630-4559-B049-2BD7D6EBD61D\" width=\"458\" height=\"321\" class=\"alignnone size-full wp-image-16515\" srcset=\"https:\/\/i0.wp.com\/blogdalucianaoliveira.com.br\/blog\/wp-content\/uploads\/2018\/02\/48280EC6-8630-4559-B049-2BD7D6EBD61D.jpeg?w=458 458w, https:\/\/i0.wp.com\/blogdalucianaoliveira.com.br\/blog\/wp-content\/uploads\/2018\/02\/48280EC6-8630-4559-B049-2BD7D6EBD61D.jpeg?resize=300%2C210 300w, https:\/\/i0.wp.com\/blogdalucianaoliveira.com.br\/blog\/wp-content\/uploads\/2018\/02\/48280EC6-8630-4559-B049-2BD7D6EBD61D.jpeg?resize=428%2C300 428w\" sizes=\"auto, (max-width: 458px) 100vw, 458px\" \/><\/p>\n<p>A Articula\u00e7\u00e3o Justi\u00e7a e Direitos Humanos (JusDh) e entidades integrantes da rede ingressaram, nesta sexta-feira (9), com pedido de amicus curiae nos processos que discutem o pagamento de aux\u00edlio-moradia a todos os magistrados do pa\u00eds \u2013 incluindo ju\u00edzes federais, da Justi\u00e7a Trabalhista, da Justi\u00e7a Militar e estaduais, com julgamento previsto para mar\u00e7o no STF.<!--more--><\/p>\n<p>O amicus curiae \u00e9 a pessoa ou entidade que auxilia o tribunal no sentido de oferecer esclarecimentos sobre quest\u00f5es essenciais ao processo, desde que comprovada a relev\u00e2ncia da mat\u00e9ria. O objetivo dessa figura processual \u00e9 proteger direitos sociais, sustentando teses em defesa de interesses p\u00fablicos ou privados.<\/p>\n<p><img data-recalc-dims=\"1\" loading=\"lazy\" decoding=\"async\" data-attachment-id=\"16516\" data-permalink=\"http:\/\/blogdalucianaoliveira.com.br\/blog\/2018\/02\/09\/sociedade-civil-formaliza-pedido-de-participacao-em-julgamento-de-auxilio-moradia-para-magistrados\/677ce6b6-c3dd-4071-b0a6-5a3a3eb1ba1c\/\" data-orig-file=\"https:\/\/i0.wp.com\/blogdalucianaoliveira.com.br\/blog\/wp-content\/uploads\/2018\/02\/677CE6B6-C3DD-4071-B0A6-5A3A3EB1BA1C.png?fit=1024%2C694\" data-orig-size=\"1024,694\" data-comments-opened=\"0\" data-image-meta=\"{&quot;aperture&quot;:&quot;0&quot;,&quot;credit&quot;:&quot;&quot;,&quot;camera&quot;:&quot;&quot;,&quot;caption&quot;:&quot;&quot;,&quot;created_timestamp&quot;:&quot;0&quot;,&quot;copyright&quot;:&quot;&quot;,&quot;focal_length&quot;:&quot;0&quot;,&quot;iso&quot;:&quot;0&quot;,&quot;shutter_speed&quot;:&quot;0&quot;,&quot;title&quot;:&quot;&quot;,&quot;orientation&quot;:&quot;0&quot;}\" data-image-title=\"677CE6B6-C3DD-4071-B0A6-5A3A3EB1BA1C\" data-image-description=\"\" data-image-caption=\"\" data-medium-file=\"https:\/\/i0.wp.com\/blogdalucianaoliveira.com.br\/blog\/wp-content\/uploads\/2018\/02\/677CE6B6-C3DD-4071-B0A6-5A3A3EB1BA1C.png?fit=300%2C203\" data-large-file=\"https:\/\/i0.wp.com\/blogdalucianaoliveira.com.br\/blog\/wp-content\/uploads\/2018\/02\/677CE6B6-C3DD-4071-B0A6-5A3A3EB1BA1C.png?fit=600%2C407\" src=\"https:\/\/i0.wp.com\/blogdalucianaoliveira.com.br\/blog\/wp-content\/uploads\/2018\/02\/677CE6B6-C3DD-4071-B0A6-5A3A3EB1BA1C.png?resize=600%2C407\" alt=\"677CE6B6-C3DD-4071-B0A6-5A3A3EB1BA1C\" width=\"600\" height=\"407\" class=\"alignnone size-full wp-image-16516\" srcset=\"https:\/\/i0.wp.com\/blogdalucianaoliveira.com.br\/blog\/wp-content\/uploads\/2018\/02\/677CE6B6-C3DD-4071-B0A6-5A3A3EB1BA1C.png?w=1024 1024w, https:\/\/i0.wp.com\/blogdalucianaoliveira.com.br\/blog\/wp-content\/uploads\/2018\/02\/677CE6B6-C3DD-4071-B0A6-5A3A3EB1BA1C.png?resize=300%2C203 300w, https:\/\/i0.wp.com\/blogdalucianaoliveira.com.br\/blog\/wp-content\/uploads\/2018\/02\/677CE6B6-C3DD-4071-B0A6-5A3A3EB1BA1C.png?resize=768%2C521 768w, https:\/\/i0.wp.com\/blogdalucianaoliveira.com.br\/blog\/wp-content\/uploads\/2018\/02\/677CE6B6-C3DD-4071-B0A6-5A3A3EB1BA1C.png?resize=443%2C300 443w\" sizes=\"auto, (max-width: 600px) 100vw, 600px\" \/><\/p>\n<p> Neste ponto, as entidades justificam o pedido explicitando o impacto no or\u00e7amento que o pagamento do benef\u00edcio a todos os membros das carreiras do sistema de Justi\u00e7a, sem qualquer distin\u00e7\u00e3o ou crit\u00e9rio, representa. \u201c(\u2026) tem gerado consider\u00e1vel rea\u00e7\u00e3o de parte da sociedade civil, que v\u00ea nas decis\u00f5es judiciais que garantem tal benef\u00edcio verdadeiro privil\u00e9gio de classe, consubstanciando-se em vantagem ilegal e imoral\u201d, afirmam, ressaltando o contexto de grave recess\u00e3o econ\u00f4mica que justificou processos de conten\u00e7\u00e3o de gastos p\u00fablicos e de flexibiliza\u00e7\u00e3o de direitos das camadas mais pobres da popula\u00e7\u00e3o, a exemplo da aprova\u00e7\u00e3o da Emenda Constitucional 95\/16, que congela gastos sociais pelos pr\u00f3ximos 20 anos.<\/p>\n<p> Ao destacar que h\u00e1 diversas a\u00e7\u00f5es judiciais no STF que debatem a legalidade do pagamento, as organiza\u00e7\u00f5es da sociedade civil afirmam que \u201ca decis\u00e3o do colegiado gerar\u00e1 enorme impacto n\u00e3o s\u00f3 nas contas p\u00fablicas do pa\u00eds, mas tamb\u00e9m no pr\u00f3prio sentimento da popula\u00e7\u00e3o em geral acerca do papel da Corte Constitucional em impor limites \u00e0 autonomia or\u00e7ament\u00e1ria das institui\u00e7\u00f5es do sistema de justi\u00e7a, como reflexo da supremacia do interesse p\u00fablico\u201d, apontam.<\/p>\n<p> Al\u00e9m do pedido de ingresso feito nas a\u00e7\u00f5es, as organiza\u00e7\u00f5es solicitam que seja realizada uma audi\u00eancia p\u00fablica, conforme disposto na lei que regula o processo e o julgamento de a\u00e7\u00f5es de inconstitucionalidade, com especialistas e autoridades na mat\u00e9ria em comento para discuss\u00e3o dos aspectos cient\u00edficos e sociais pertinentes. A JusDh solicitou audi\u00eancia com a Ministra C\u00e1rmen L\u00facia no in\u00edcio de seu mandato, por\u00e9m n\u00e3o obteve resposta.<\/p>\n<p> \u201cAt\u00e9 agora somente as entidades de classe do judici\u00e1rio e minist\u00e9rio p\u00fablico fazem parte do debate que deveria ser p\u00fablico. Esperamos que a participa\u00e7\u00e3o social na administra\u00e7\u00e3o da justi\u00e7a seja assegurada inclusive para aqueles que tem opini\u00f5es diversas \u00e0s dos detentores desse tipo de benef\u00edcio, e cujos direitos sociais nem sempre s\u00e3o tratados de forma equ\u00e2nime pelos tribunais\u201d, defende Maria Eug\u00eania Trombini, advogada integrante da JusDh.<\/p>\n<p>Da assessoria <\/p>\n","protected":false},"excerpt":{"rendered":"<p>A Articula\u00e7\u00e3o Justi\u00e7a e Direitos Humanos (JusDh) e entidades integrantes da rede ingressaram, nesta sexta-feira (9), com pedido de amicus curiae nos processos que discutem o pagamento de aux\u00edlio-moradia a todos os magistrados do pa\u00eds \u2013 incluindo ju\u00edzes federais, da Justi\u00e7a Trabalhista, da Justi\u00e7a Militar e estaduais, com julgamento previsto para mar\u00e7o no STF.<\/p>\n","protected":false},"author":1,"featured_media":0,"comment_status":"closed","ping_status":"open","sticky":false,"template":"","format":"standard","meta":{"_exactmetrics_skip_tracking":false,"_exactmetrics_sitenote_active":false,"_exactmetrics_sitenote_note":"","_exactmetrics_sitenote_category":0,"jetpack_post_was_ever_published":false,"_jetpack_newsletter_access":"","_jetpack_dont_email_post_to_subs":false,"_jetpack_newsletter_tier_id":0,"_jetpack_memberships_contains_paywalled_content":false,"_jetpack_memberships_contains_paid_content":false,"footnotes":"","jetpack_publicize_message":"","jetpack_publicize_feature_enabled":true,"jetpack_social_post_already_shared":true,"jetpack_social_options":{"image_generator_settings":{"template":"highway","enabled":false},"version":2}},"categories":[1],"tags":[],"class_list":["post-16514","post","type-post","status-publish","format-standard","hentry","category-notas"],"jetpack_publicize_connections":[],"jetpack_sharing_enabled":true,"jetpack_featured_media_url":"","jetpack_shortlink":"https:\/\/wp.me\/p7wKYW-4im","jetpack-related-posts":[],"_links":{"self":[{"href":"http:\/\/blogdalucianaoliveira.com.br\/blog\/wp-json\/wp\/v2\/posts\/16514","targetHints":{"allow":["GET"]}}],"collection":[{"href":"http:\/\/blogdalucianaoliveira.com.br\/blog\/wp-json\/wp\/v2\/posts"}],"about":[{"href":"http:\/\/blogdalucianaoliveira.com.br\/blog\/wp-json\/wp\/v2\/types\/post"}],"author":[{"embeddable":true,"href":"http:\/\/blogdalucianaoliveira.com.br\/blog\/wp-json\/wp\/v2\/users\/1"}],"replies":[{"embeddable":true,"href":"http:\/\/blogdalucianaoliveira.com.br\/blog\/wp-json\/wp\/v2\/comments?post=16514"}],"version-history":[{"count":2,"href":"http:\/\/blogdalucianaoliveira.com.br\/blog\/wp-json\/wp\/v2\/posts\/16514\/revisions"}],"predecessor-version":[{"id":16518,"href":"http:\/\/blogdalucianaoliveira.com.br\/blog\/wp-json\/wp\/v2\/posts\/16514\/revisions\/16518"}],"wp:attachment":[{"href":"http:\/\/blogdalucianaoliveira.com.br\/blog\/wp-json\/wp\/v2\/media?parent=16514"}],"wp:term":[{"taxonomy":"category","embeddable":true,"href":"http:\/\/blogdalucianaoliveira.com.br\/blog\/wp-json\/wp\/v2\/categories?post=16514"},{"taxonomy":"post_tag","embeddable":true,"href":"http:\/\/blogdalucianaoliveira.com.br\/blog\/wp-json\/wp\/v2\/tags?post=16514"}],"curies":[{"name":"wp","href":"https:\/\/api.w.org\/{rel}","templated":true}]}}