{"id":16519,"date":"2018-02-10T12:17:23","date_gmt":"2018-02-10T16:17:23","guid":{"rendered":"http:\/\/blogdalucianaoliveira.com.br\/blog\/?p=16519"},"modified":"2018-02-10T12:18:18","modified_gmt":"2018-02-10T16:18:18","slug":"general-da-forcas-a-banda-do-vai-quem-quer","status":"publish","type":"post","link":"http:\/\/blogdalucianaoliveira.com.br\/blog\/2018\/02\/10\/general-da-forcas-a-banda-do-vai-quem-quer\/","title":{"rendered":"General d\u00e1 for\u00e7as \u00e0 Banda do Vai Quem Quer"},"content":{"rendered":"<p><img data-recalc-dims=\"1\" loading=\"lazy\" decoding=\"async\" data-attachment-id=\"16520\" data-permalink=\"http:\/\/blogdalucianaoliveira.com.br\/blog\/2018\/02\/10\/general-da-forcas-a-banda-do-vai-quem-quer\/869d1211-8e8d-4861-945f-aaf9503fbc5e\/\" data-orig-file=\"https:\/\/i0.wp.com\/blogdalucianaoliveira.com.br\/blog\/wp-content\/uploads\/2018\/02\/869D1211-8E8D-4861-945F-AAF9503FBC5E.png?fit=935%2C623\" data-orig-size=\"935,623\" data-comments-opened=\"0\" data-image-meta=\"{&quot;aperture&quot;:&quot;0&quot;,&quot;credit&quot;:&quot;&quot;,&quot;camera&quot;:&quot;&quot;,&quot;caption&quot;:&quot;&quot;,&quot;created_timestamp&quot;:&quot;0&quot;,&quot;copyright&quot;:&quot;&quot;,&quot;focal_length&quot;:&quot;0&quot;,&quot;iso&quot;:&quot;0&quot;,&quot;shutter_speed&quot;:&quot;0&quot;,&quot;title&quot;:&quot;&quot;,&quot;orientation&quot;:&quot;0&quot;}\" data-image-title=\"869D1211-8E8D-4861-945F-AAF9503FBC5E\" data-image-description=\"\" data-image-caption=\"\" data-medium-file=\"https:\/\/i0.wp.com\/blogdalucianaoliveira.com.br\/blog\/wp-content\/uploads\/2018\/02\/869D1211-8E8D-4861-945F-AAF9503FBC5E.png?fit=300%2C200\" data-large-file=\"https:\/\/i0.wp.com\/blogdalucianaoliveira.com.br\/blog\/wp-content\/uploads\/2018\/02\/869D1211-8E8D-4861-945F-AAF9503FBC5E.png?fit=600%2C400\" class=\"alignnone size-full wp-image-16520\" src=\"https:\/\/i0.wp.com\/blogdalucianaoliveira.com.br\/blog\/wp-content\/uploads\/2018\/02\/869D1211-8E8D-4861-945F-AAF9503FBC5E.png?resize=600%2C400\" alt=\"869D1211-8E8D-4861-945F-AAF9503FBC5E\" width=\"600\" height=\"400\" srcset=\"https:\/\/i0.wp.com\/blogdalucianaoliveira.com.br\/blog\/wp-content\/uploads\/2018\/02\/869D1211-8E8D-4861-945F-AAF9503FBC5E.png?w=935 935w, https:\/\/i0.wp.com\/blogdalucianaoliveira.com.br\/blog\/wp-content\/uploads\/2018\/02\/869D1211-8E8D-4861-945F-AAF9503FBC5E.png?resize=300%2C200 300w, https:\/\/i0.wp.com\/blogdalucianaoliveira.com.br\/blog\/wp-content\/uploads\/2018\/02\/869D1211-8E8D-4861-945F-AAF9503FBC5E.png?resize=768%2C512 768w, https:\/\/i0.wp.com\/blogdalucianaoliveira.com.br\/blog\/wp-content\/uploads\/2018\/02\/869D1211-8E8D-4861-945F-AAF9503FBC5E.png?resize=450%2C300 450w\" sizes=\"auto, (max-width: 600px) 100vw, 600px\" \/><\/p>\n<p>No Rond\u00f4nia Din\u00e2mica, por Vinicius Canova &#8211; General d\u00e1 for\u00e7as \u00e0 Banda do Vai Quem Quer<br \/>\nPorto Velho, RO \u2013 Foi, numa triste coincid\u00eancia, que justamente no per\u00edodo momesco do j\u00e1 long\u00ednquo 2011 Manoel da Costa Mendon\u00e7a, o Manel\u00e3o, fundador da Banda do Vai Quem Quer (BVQQ), nos deixou para vigiar e coordenar os foli\u00f5es em outro plano de exist\u00eancia.<!--more--><\/p>\n<p>Os pessimistas de plant\u00e3o, como de costume, fizeram quest\u00e3o de decretar, ao mesmo tempo, o in\u00edcio do fim do maior bloco de rua da Amaz\u00f4nia. Passados quase sete anos da ida definitiva de Manel\u00e3o \u00e0s hostes celestiais percebemos claramente que os urubus da decad\u00eancia humana deram com os burros n\u2019\u00e1gua, pois o que ocorreu foi justamente o contr\u00e1rio.<br \/>\nManel\u00e3o, o fundador da Banda do Vai Quem Quer<\/p>\n<p>Capitaneada pela filha do general da alegria, a competente Si\u00e7a Andrade, a Banda seguiu seu caminho mantendo o engajamento dos entusiastas da cultura carnavalesca de Rond\u00f4nia e angariando mais apoio espont\u00e2neo.<\/p>\n<p>Atualmente, no pico do desfile, quase n\u00e3o h\u00e1 espa\u00e7os vazios tanto no epicentro da algazarra quanto nos entornos do itiner\u00e1rio: um verdadeiro fen\u00f4meno de aglutina\u00e7\u00e3o coletiva formado por pessoas que, por instantes, esquecem todas as suas diferen\u00e7as e aderem \u00e0 marchinha mais conhecida:<\/p>\n<p>\u201cChegou a Banda, a Banda, a Banda: a Banda do Vai Quem Quer. N\u00f3s n\u00e3o temos preconceito, na brincadeira entra quem quiser\u201d.<br \/>\nE como seria bom se a mensagem entoada pelo c\u00e2ntico perdurasse para todo o sempre; \u00e9 ut\u00f3pico, mas gostoso idealizar.<\/p>\n<p>Crescendo exponencialmente em todos os sentidos, a Banda transcende aos conceitos de agremia\u00e7\u00e3o, poderio popular, movimento cultural e at\u00e9 do pr\u00f3prio Carnaval, onde seu nome se imp\u00f5e umbilicalmente ao festejo.<br \/>\nPirarucu do Madeira j\u00e1 causou furor no Carnaval 2018<\/p>\n<p>Com isso, outros blocos como o fort\u00edssimo Pirarucu do Madeira seguem a toada de valoriza\u00e7\u00e3o popular e administrativa que, aparentemente, vem largando aos poucos o equivocado conceito de que a cultura deve ser relegada \u00e0 \u00faltima inst\u00e2ncia no ranking de import\u00e2ncia da Administra\u00e7\u00e3o P\u00fablica e do povo.<\/p>\n<p>\u00c9, muito al\u00e9m das pobr\u00edssimas defini\u00e7\u00f5es emprestadas por adjetivos, o estandarte m\u00e1ximo a expressar nosso sucesso enquanto sociedade organizada, algo que n\u00e3o corre ainda, infelizmente, nas searas pol\u00edtica e social.<\/p>\n<p>Que nesta s\u00e1bado (10) chuvoso \u2013 a chuva torrencial \u00e9 uma das marcas nas sa\u00eddas da Banda \u2013 o 38\u00ba desfile da BVQQ siga seu rumo sob prote\u00e7\u00e3o do saudoso e inesquec\u00edvel general que d\u00e1 vida e for\u00e7as \u00e0 divers\u00e3o!<\/p>\n","protected":false},"excerpt":{"rendered":"<p>No Rond\u00f4nia Din\u00e2mica, por Vinicius Canova &#8211; General d\u00e1 for\u00e7as \u00e0 Banda do Vai Quem Quer Porto Velho, RO \u2013 Foi, numa triste coincid\u00eancia, que justamente no per\u00edodo momesco do j\u00e1 long\u00ednquo 2011 Manoel da Costa Mendon\u00e7a, o Manel\u00e3o, fundador da Banda do Vai Quem Quer (BVQQ), nos deixou para vigiar e coordenar os foli\u00f5es&#8230;<a class=\"more-link\" href=\"http:\/\/blogdalucianaoliveira.com.br\/blog\/2018\/02\/10\/general-da-forcas-a-banda-do-vai-quem-quer\/\">Continue a leitura <span class=\"meta-nav\">&raquo;<\/span><\/a><\/p>\n","protected":false},"author":1,"featured_media":16520,"comment_status":"closed","ping_status":"open","sticky":false,"template":"","format":"standard","meta":{"_exactmetrics_skip_tracking":false,"_exactmetrics_sitenote_active":false,"_exactmetrics_sitenote_note":"","_exactmetrics_sitenote_category":0,"jetpack_post_was_ever_published":false,"_jetpack_newsletter_access":"","_jetpack_dont_email_post_to_subs":false,"_jetpack_newsletter_tier_id":0,"_jetpack_memberships_contains_paywalled_content":false,"_jetpack_memberships_contains_paid_content":false,"footnotes":"","jetpack_publicize_message":"","jetpack_publicize_feature_enabled":true,"jetpack_social_post_already_shared":true,"jetpack_social_options":{"image_generator_settings":{"template":"highway","enabled":false},"version":2}},"categories":[1],"tags":[],"class_list":["post-16519","post","type-post","status-publish","format-standard","has-post-thumbnail","hentry","category-notas"],"jetpack_publicize_connections":[],"jetpack_sharing_enabled":true,"jetpack_featured_media_url":"https:\/\/i0.wp.com\/blogdalucianaoliveira.com.br\/blog\/wp-content\/uploads\/2018\/02\/869D1211-8E8D-4861-945F-AAF9503FBC5E.png?fit=935%2C623","jetpack_shortlink":"https:\/\/wp.me\/p7wKYW-4ir","jetpack-related-posts":[],"_links":{"self":[{"href":"http:\/\/blogdalucianaoliveira.com.br\/blog\/wp-json\/wp\/v2\/posts\/16519","targetHints":{"allow":["GET"]}}],"collection":[{"href":"http:\/\/blogdalucianaoliveira.com.br\/blog\/wp-json\/wp\/v2\/posts"}],"about":[{"href":"http:\/\/blogdalucianaoliveira.com.br\/blog\/wp-json\/wp\/v2\/types\/post"}],"author":[{"embeddable":true,"href":"http:\/\/blogdalucianaoliveira.com.br\/blog\/wp-json\/wp\/v2\/users\/1"}],"replies":[{"embeddable":true,"href":"http:\/\/blogdalucianaoliveira.com.br\/blog\/wp-json\/wp\/v2\/comments?post=16519"}],"version-history":[{"count":1,"href":"http:\/\/blogdalucianaoliveira.com.br\/blog\/wp-json\/wp\/v2\/posts\/16519\/revisions"}],"predecessor-version":[{"id":16521,"href":"http:\/\/blogdalucianaoliveira.com.br\/blog\/wp-json\/wp\/v2\/posts\/16519\/revisions\/16521"}],"wp:featuredmedia":[{"embeddable":true,"href":"http:\/\/blogdalucianaoliveira.com.br\/blog\/wp-json\/wp\/v2\/media\/16520"}],"wp:attachment":[{"href":"http:\/\/blogdalucianaoliveira.com.br\/blog\/wp-json\/wp\/v2\/media?parent=16519"}],"wp:term":[{"taxonomy":"category","embeddable":true,"href":"http:\/\/blogdalucianaoliveira.com.br\/blog\/wp-json\/wp\/v2\/categories?post=16519"},{"taxonomy":"post_tag","embeddable":true,"href":"http:\/\/blogdalucianaoliveira.com.br\/blog\/wp-json\/wp\/v2\/tags?post=16519"}],"curies":[{"name":"wp","href":"https:\/\/api.w.org\/{rel}","templated":true}]}}