{"id":16522,"date":"2018-02-12T01:20:16","date_gmt":"2018-02-12T05:20:16","guid":{"rendered":"http:\/\/blogdalucianaoliveira.com.br\/blog\/?p=16522"},"modified":"2018-02-12T01:20:16","modified_gmt":"2018-02-12T05:20:16","slug":"para-superar-acidente-de-2017-tuiuti-leva-paneleiros-e-temer-para-sapucai","status":"publish","type":"post","link":"http:\/\/blogdalucianaoliveira.com.br\/blog\/2018\/02\/12\/para-superar-acidente-de-2017-tuiuti-leva-paneleiros-e-temer-para-sapucai\/","title":{"rendered":"Para superar acidente de 2017, Tuiuti leva paneleiros e Temer para Sapuca\u00ed"},"content":{"rendered":"<p><img data-recalc-dims=\"1\" loading=\"lazy\" decoding=\"async\" data-attachment-id=\"16523\" data-permalink=\"http:\/\/blogdalucianaoliveira.com.br\/blog\/2018\/02\/12\/para-superar-acidente-de-2017-tuiuti-leva-paneleiros-e-temer-para-sapucai\/d6192e4e-41ca-4f2e-9fd9-98ff052d8964\/\" data-orig-file=\"https:\/\/i0.wp.com\/blogdalucianaoliveira.com.br\/blog\/wp-content\/uploads\/2018\/02\/D6192E4E-41CA-4F2E-9FD9-98FF052D8964.jpeg?fit=1000%2C563\" data-orig-size=\"1000,563\" data-comments-opened=\"0\" data-image-meta=\"{&quot;aperture&quot;:&quot;0&quot;,&quot;credit&quot;:&quot;&quot;,&quot;camera&quot;:&quot;&quot;,&quot;caption&quot;:&quot;&quot;,&quot;created_timestamp&quot;:&quot;0&quot;,&quot;copyright&quot;:&quot;&quot;,&quot;focal_length&quot;:&quot;0&quot;,&quot;iso&quot;:&quot;0&quot;,&quot;shutter_speed&quot;:&quot;0&quot;,&quot;title&quot;:&quot;&quot;,&quot;orientation&quot;:&quot;1&quot;}\" data-image-title=\"D6192E4E-41CA-4F2E-9FD9-98FF052D8964\" data-image-description=\"\" data-image-caption=\"\" data-medium-file=\"https:\/\/i0.wp.com\/blogdalucianaoliveira.com.br\/blog\/wp-content\/uploads\/2018\/02\/D6192E4E-41CA-4F2E-9FD9-98FF052D8964.jpeg?fit=300%2C169\" data-large-file=\"https:\/\/i0.wp.com\/blogdalucianaoliveira.com.br\/blog\/wp-content\/uploads\/2018\/02\/D6192E4E-41CA-4F2E-9FD9-98FF052D8964.jpeg?fit=600%2C338\" src=\"https:\/\/i0.wp.com\/blogdalucianaoliveira.com.br\/blog\/wp-content\/uploads\/2018\/02\/D6192E4E-41CA-4F2E-9FD9-98FF052D8964.jpeg?resize=600%2C338\" alt=\"D6192E4E-41CA-4F2E-9FD9-98FF052D8964\" width=\"600\" height=\"338\" class=\"alignnone size-full wp-image-16523\" srcset=\"https:\/\/i0.wp.com\/blogdalucianaoliveira.com.br\/blog\/wp-content\/uploads\/2018\/02\/D6192E4E-41CA-4F2E-9FD9-98FF052D8964.jpeg?w=1000 1000w, https:\/\/i0.wp.com\/blogdalucianaoliveira.com.br\/blog\/wp-content\/uploads\/2018\/02\/D6192E4E-41CA-4F2E-9FD9-98FF052D8964.jpeg?resize=300%2C169 300w, https:\/\/i0.wp.com\/blogdalucianaoliveira.com.br\/blog\/wp-content\/uploads\/2018\/02\/D6192E4E-41CA-4F2E-9FD9-98FF052D8964.jpeg?resize=768%2C432 768w, https:\/\/i0.wp.com\/blogdalucianaoliveira.com.br\/blog\/wp-content\/uploads\/2018\/02\/D6192E4E-41CA-4F2E-9FD9-98FF052D8964.jpeg?resize=533%2C300 533w\" sizes=\"auto, (max-width: 600px) 100vw, 600px\" \/><\/p>\n<p>No UOL &#8211; Depois de uma passagem tr\u00e1gica pela Sapuca\u00ed em 2017, com um acidente com sua \u00faltima alegoria que causou a morte da radialista Liza Carioca, a Para\u00edso do Tuiuti levou um Carnaval de cr\u00edtica social para a avenida na madrugada desta segunda-feira (12).<!--more--><\/p>\n<p>Com o enredo &#8220;Meu Deus, meu Deus, est\u00e1 extinta a escravid\u00e3o?&#8221;, sobre os 130 anos da Lei \u00c1urea, a escola trouxe o tema para o presente no \u00faltimo setor do desfile, mostrando com muita ironia que a escravid\u00e3o permanece at\u00e9 hoje, mas de forma diferente.<\/p>\n<p>O \u00faltimo carro representou um novo navio negreiro, com o presidente Michel Temer transformado em um &#8220;Vampiro Neo Liberalista&#8221;, e batedores de panela (em refer\u00eancia aos protestos contra o governo do PT), tamb\u00e9m lembrados nas fantasias da ala &#8220;Manifestoches&#8221;, com a caracter\u00edstica camisa da sele\u00e7\u00e3o brasileira de futebol. A arquibancada respondeu \u00e0 passagem da alegoria com gritos de &#8220;Fora, Temer&#8221;.<\/p>\n<p>As reformas trabalhista e da previd\u00eancia foram criticadas em alas como a &#8220;Guerreiros da CLT&#8221;, que tamb\u00e9m lembraram o trabalho prec\u00e1rio em fazendas e confec\u00e7\u00f5es.<\/p>\n<p><img data-recalc-dims=\"1\" loading=\"lazy\" decoding=\"async\" data-attachment-id=\"16524\" data-permalink=\"http:\/\/blogdalucianaoliveira.com.br\/blog\/2018\/02\/12\/para-superar-acidente-de-2017-tuiuti-leva-paneleiros-e-temer-para-sapucai\/1b7bc414-efbd-4321-b21d-f95d1093962c\/\" data-orig-file=\"https:\/\/i0.wp.com\/blogdalucianaoliveira.com.br\/blog\/wp-content\/uploads\/2018\/02\/1B7BC414-EFBD-4321-B21D-F95D1093962C.jpeg?fit=1000%2C750\" data-orig-size=\"1000,750\" data-comments-opened=\"0\" data-image-meta=\"{&quot;aperture&quot;:&quot;0&quot;,&quot;credit&quot;:&quot;&quot;,&quot;camera&quot;:&quot;&quot;,&quot;caption&quot;:&quot;&quot;,&quot;created_timestamp&quot;:&quot;0&quot;,&quot;copyright&quot;:&quot;&quot;,&quot;focal_length&quot;:&quot;0&quot;,&quot;iso&quot;:&quot;0&quot;,&quot;shutter_speed&quot;:&quot;0&quot;,&quot;title&quot;:&quot;&quot;,&quot;orientation&quot;:&quot;1&quot;}\" data-image-title=\"1B7BC414-EFBD-4321-B21D-F95D1093962C\" data-image-description=\"\" data-image-caption=\"\" data-medium-file=\"https:\/\/i0.wp.com\/blogdalucianaoliveira.com.br\/blog\/wp-content\/uploads\/2018\/02\/1B7BC414-EFBD-4321-B21D-F95D1093962C.jpeg?fit=300%2C225\" data-large-file=\"https:\/\/i0.wp.com\/blogdalucianaoliveira.com.br\/blog\/wp-content\/uploads\/2018\/02\/1B7BC414-EFBD-4321-B21D-F95D1093962C.jpeg?fit=600%2C450\" src=\"https:\/\/i0.wp.com\/blogdalucianaoliveira.com.br\/blog\/wp-content\/uploads\/2018\/02\/1B7BC414-EFBD-4321-B21D-F95D1093962C.jpeg?resize=600%2C450\" alt=\"1B7BC414-EFBD-4321-B21D-F95D1093962C\" width=\"600\" height=\"450\" class=\"alignnone size-full wp-image-16524\" srcset=\"https:\/\/i0.wp.com\/blogdalucianaoliveira.com.br\/blog\/wp-content\/uploads\/2018\/02\/1B7BC414-EFBD-4321-B21D-F95D1093962C.jpeg?w=1000 1000w, https:\/\/i0.wp.com\/blogdalucianaoliveira.com.br\/blog\/wp-content\/uploads\/2018\/02\/1B7BC414-EFBD-4321-B21D-F95D1093962C.jpeg?resize=300%2C225 300w, https:\/\/i0.wp.com\/blogdalucianaoliveira.com.br\/blog\/wp-content\/uploads\/2018\/02\/1B7BC414-EFBD-4321-B21D-F95D1093962C.jpeg?resize=768%2C576 768w, https:\/\/i0.wp.com\/blogdalucianaoliveira.com.br\/blog\/wp-content\/uploads\/2018\/02\/1B7BC414-EFBD-4321-B21D-F95D1093962C.jpeg?resize=400%2C300 400w\" sizes=\"auto, (max-width: 600px) 100vw, 600px\" \/><\/p>\n<p>O \u00faltimo carro representou um novo navio negreiro, com o presidente Michel Temer transformado em um &#8220;Vampiro Neo Liberalista&#8221;, e batedores de panela (em refer\u00eancia aos protestos contra o governo do PT), tamb\u00e9m lembrados nas fantasias da ala &#8220;Manifestoches&#8221;, com a caracter\u00edstica camisa da sele\u00e7\u00e3o brasileira de futebol. A arquibancada respondeu \u00e0 passagem da alegoria com gritos de &#8220;Fora, Temer&#8221;.<\/p>\n<p>As reformas trabalhista e da previd\u00eancia foram criticadas em alas como a &#8220;Guerreiros da CLT&#8221;, que tamb\u00e9m lembraram o trabalho prec\u00e1rio em fazendas e confec\u00e7\u00f5es.<br \/>\n<img data-recalc-dims=\"1\" loading=\"lazy\" decoding=\"async\" data-attachment-id=\"16525\" data-permalink=\"http:\/\/blogdalucianaoliveira.com.br\/blog\/2018\/02\/12\/para-superar-acidente-de-2017-tuiuti-leva-paneleiros-e-temer-para-sapucai\/1cdc6c74-81da-4d50-a335-d95ec02c7748\/\" data-orig-file=\"https:\/\/i0.wp.com\/blogdalucianaoliveira.com.br\/blog\/wp-content\/uploads\/2018\/02\/1CDC6C74-81DA-4D50-A335-D95EC02C7748.jpeg?fit=960%2C640\" data-orig-size=\"960,640\" data-comments-opened=\"0\" data-image-meta=\"{&quot;aperture&quot;:&quot;0&quot;,&quot;credit&quot;:&quot;&quot;,&quot;camera&quot;:&quot;&quot;,&quot;caption&quot;:&quot;&quot;,&quot;created_timestamp&quot;:&quot;0&quot;,&quot;copyright&quot;:&quot;&quot;,&quot;focal_length&quot;:&quot;0&quot;,&quot;iso&quot;:&quot;0&quot;,&quot;shutter_speed&quot;:&quot;0&quot;,&quot;title&quot;:&quot;&quot;,&quot;orientation&quot;:&quot;1&quot;}\" data-image-title=\"1CDC6C74-81DA-4D50-A335-D95EC02C7748\" data-image-description=\"\" data-image-caption=\"\" data-medium-file=\"https:\/\/i0.wp.com\/blogdalucianaoliveira.com.br\/blog\/wp-content\/uploads\/2018\/02\/1CDC6C74-81DA-4D50-A335-D95EC02C7748.jpeg?fit=300%2C200\" data-large-file=\"https:\/\/i0.wp.com\/blogdalucianaoliveira.com.br\/blog\/wp-content\/uploads\/2018\/02\/1CDC6C74-81DA-4D50-A335-D95EC02C7748.jpeg?fit=600%2C400\" src=\"https:\/\/i0.wp.com\/blogdalucianaoliveira.com.br\/blog\/wp-content\/uploads\/2018\/02\/1CDC6C74-81DA-4D50-A335-D95EC02C7748.jpeg?resize=600%2C400\" alt=\"1CDC6C74-81DA-4D50-A335-D95EC02C7748\" width=\"600\" height=\"400\" class=\"alignnone size-full wp-image-16525\" srcset=\"https:\/\/i0.wp.com\/blogdalucianaoliveira.com.br\/blog\/wp-content\/uploads\/2018\/02\/1CDC6C74-81DA-4D50-A335-D95EC02C7748.jpeg?w=960 960w, https:\/\/i0.wp.com\/blogdalucianaoliveira.com.br\/blog\/wp-content\/uploads\/2018\/02\/1CDC6C74-81DA-4D50-A335-D95EC02C7748.jpeg?resize=300%2C200 300w, https:\/\/i0.wp.com\/blogdalucianaoliveira.com.br\/blog\/wp-content\/uploads\/2018\/02\/1CDC6C74-81DA-4D50-A335-D95EC02C7748.jpeg?resize=768%2C512 768w, https:\/\/i0.wp.com\/blogdalucianaoliveira.com.br\/blog\/wp-content\/uploads\/2018\/02\/1CDC6C74-81DA-4D50-A335-D95EC02C7748.jpeg?resize=450%2C300 450w\" sizes=\"auto, (max-width: 600px) 100vw, 600px\" \/><\/p>\n","protected":false},"excerpt":{"rendered":"<p>No UOL &#8211; Depois de uma passagem tr\u00e1gica pela Sapuca\u00ed em 2017, com um acidente com sua \u00faltima alegoria que causou a morte da radialista Liza Carioca, a Para\u00edso do Tuiuti levou um Carnaval de cr\u00edtica social para a avenida na madrugada desta segunda-feira (12).<\/p>\n","protected":false},"author":1,"featured_media":0,"comment_status":"closed","ping_status":"open","sticky":false,"template":"","format":"standard","meta":{"_exactmetrics_skip_tracking":false,"_exactmetrics_sitenote_active":false,"_exactmetrics_sitenote_note":"","_exactmetrics_sitenote_category":0,"jetpack_post_was_ever_published":false,"_jetpack_newsletter_access":"","_jetpack_dont_email_post_to_subs":false,"_jetpack_newsletter_tier_id":0,"_jetpack_memberships_contains_paywalled_content":false,"_jetpack_memberships_contains_paid_content":false,"footnotes":"","jetpack_publicize_message":"","jetpack_publicize_feature_enabled":true,"jetpack_social_post_already_shared":true,"jetpack_social_options":{"image_generator_settings":{"template":"highway","enabled":false},"version":2}},"categories":[1],"tags":[],"class_list":["post-16522","post","type-post","status-publish","format-standard","hentry","category-notas"],"jetpack_publicize_connections":[],"jetpack_sharing_enabled":true,"jetpack_featured_media_url":"","jetpack_shortlink":"https:\/\/wp.me\/p7wKYW-4iu","jetpack-related-posts":[],"_links":{"self":[{"href":"http:\/\/blogdalucianaoliveira.com.br\/blog\/wp-json\/wp\/v2\/posts\/16522","targetHints":{"allow":["GET"]}}],"collection":[{"href":"http:\/\/blogdalucianaoliveira.com.br\/blog\/wp-json\/wp\/v2\/posts"}],"about":[{"href":"http:\/\/blogdalucianaoliveira.com.br\/blog\/wp-json\/wp\/v2\/types\/post"}],"author":[{"embeddable":true,"href":"http:\/\/blogdalucianaoliveira.com.br\/blog\/wp-json\/wp\/v2\/users\/1"}],"replies":[{"embeddable":true,"href":"http:\/\/blogdalucianaoliveira.com.br\/blog\/wp-json\/wp\/v2\/comments?post=16522"}],"version-history":[{"count":1,"href":"http:\/\/blogdalucianaoliveira.com.br\/blog\/wp-json\/wp\/v2\/posts\/16522\/revisions"}],"predecessor-version":[{"id":16526,"href":"http:\/\/blogdalucianaoliveira.com.br\/blog\/wp-json\/wp\/v2\/posts\/16522\/revisions\/16526"}],"wp:attachment":[{"href":"http:\/\/blogdalucianaoliveira.com.br\/blog\/wp-json\/wp\/v2\/media?parent=16522"}],"wp:term":[{"taxonomy":"category","embeddable":true,"href":"http:\/\/blogdalucianaoliveira.com.br\/blog\/wp-json\/wp\/v2\/categories?post=16522"},{"taxonomy":"post_tag","embeddable":true,"href":"http:\/\/blogdalucianaoliveira.com.br\/blog\/wp-json\/wp\/v2\/tags?post=16522"}],"curies":[{"name":"wp","href":"https:\/\/api.w.org\/{rel}","templated":true}]}}