{"id":16527,"date":"2018-02-12T09:23:31","date_gmt":"2018-02-12T13:23:31","guid":{"rendered":"http:\/\/blogdalucianaoliveira.com.br\/blog\/?p=16527"},"modified":"2018-02-12T09:23:31","modified_gmt":"2018-02-12T13:23:31","slug":"tuiuti-soltou-grito-preso-na-garganta-do-pais-em-plena-globo-fora-temer","status":"publish","type":"post","link":"http:\/\/blogdalucianaoliveira.com.br\/blog\/2018\/02\/12\/tuiuti-soltou-grito-preso-na-garganta-do-pais-em-plena-globo-fora-temer\/","title":{"rendered":"TUIUTI SOLTOU GRITO PRESO NA GARGANTA DO PA\u00cdS EM PLENA GLOBO: FORA TEMER"},"content":{"rendered":"<p><img data-recalc-dims=\"1\" loading=\"lazy\" decoding=\"async\" data-attachment-id=\"16528\" data-permalink=\"http:\/\/blogdalucianaoliveira.com.br\/blog\/2018\/02\/12\/tuiuti-soltou-grito-preso-na-garganta-do-pais-em-plena-globo-fora-temer\/tui\/\" data-orig-file=\"https:\/\/i0.wp.com\/blogdalucianaoliveira.com.br\/blog\/wp-content\/uploads\/2018\/02\/tui.jpg?fit=1000%2C357\" data-orig-size=\"1000,357\" data-comments-opened=\"0\" data-image-meta=\"{&quot;aperture&quot;:&quot;0&quot;,&quot;credit&quot;:&quot;&quot;,&quot;camera&quot;:&quot;&quot;,&quot;caption&quot;:&quot;&quot;,&quot;created_timestamp&quot;:&quot;0&quot;,&quot;copyright&quot;:&quot;&quot;,&quot;focal_length&quot;:&quot;0&quot;,&quot;iso&quot;:&quot;0&quot;,&quot;shutter_speed&quot;:&quot;0&quot;,&quot;title&quot;:&quot;&quot;,&quot;orientation&quot;:&quot;0&quot;}\" data-image-title=\"tui\" data-image-description=\"\" data-image-caption=\"\" data-medium-file=\"https:\/\/i0.wp.com\/blogdalucianaoliveira.com.br\/blog\/wp-content\/uploads\/2018\/02\/tui.jpg?fit=300%2C107\" data-large-file=\"https:\/\/i0.wp.com\/blogdalucianaoliveira.com.br\/blog\/wp-content\/uploads\/2018\/02\/tui.jpg?fit=600%2C214\" src=\"https:\/\/i0.wp.com\/blogdalucianaoliveira.com.br\/blog\/wp-content\/uploads\/2018\/02\/tui.jpg?resize=600%2C214\" alt=\"tui\" width=\"600\" height=\"214\" class=\"alignnone size-full wp-image-16528\" srcset=\"https:\/\/i0.wp.com\/blogdalucianaoliveira.com.br\/blog\/wp-content\/uploads\/2018\/02\/tui.jpg?w=1000 1000w, https:\/\/i0.wp.com\/blogdalucianaoliveira.com.br\/blog\/wp-content\/uploads\/2018\/02\/tui.jpg?resize=300%2C107 300w, https:\/\/i0.wp.com\/blogdalucianaoliveira.com.br\/blog\/wp-content\/uploads\/2018\/02\/tui.jpg?resize=768%2C274 768w, https:\/\/i0.wp.com\/blogdalucianaoliveira.com.br\/blog\/wp-content\/uploads\/2018\/02\/tui.jpg?resize=800%2C286 800w\" sizes=\"auto, (max-width: 600px) 100vw, 600px\" \/><\/p>\n<p>Rio 247 &#8211; O enredo do carnavalesco Jack Vasconcelos soltou o grito que estava preso na garganta de milhares de brasileiros na madrugada desta segunda-feira 12 durante desfile da escola Para\u00edso do Tuiuti, na primeira noite deste Carnaval na Sapuca\u00ed.<!--more--><\/p>\n<p>&#8220;Fora, Temer&#8221;, gritou um dos componentes pouco antes de a escola deixar a avenida, representando os cr\u00edticos do golpe, do governo Temer e das reformas que retiram direitos trabalhistas dos brasileiros, tudo mostrado no desfile.<\/p>\n<p>A transmiss\u00e3o obrigat\u00f3ria do protesto pela TV Globo, que participou do golpe e pode ser considerada as grandes m\u00e3os que controlaram manifantoches que desfilaram fantasiados de camisas verde e amarela, deu um gostinho a mais.<\/p>\n<p>Os narradores ficaram sem saber o que dizer, e acabaram ocultando o real conte\u00fado do enredo, como alfinetou o jornalista e escritor Mario Magalh\u00e3es. &#8220;Fizemos uma coisa que todo mundo quer&#8221;, disse o professor de hist\u00f3ria L\u00e9o Morais, que se vestiu de Temer vampiro no desfile.<\/p>\n<p>Na internet, os pol\u00edticos que fazem oposi\u00e7\u00e3o a Temer exaltam a coragem da escola, que j\u00e1 saiu campe\u00e3, mesmo que n\u00e3o oficialmente, mas &#8220;do povo&#8221;, como comentou um dos internautas nas redes sociais, em uma das centenas de postagens sobre o desfile nesta segunda. Mensagens bem humoradas indicam esperar um novo projeto do MBL: o Carnaval Sem Partido.<\/p>\n<p>A presidente nacional do PT, senadora Gleisi Hoffmann (PR), disse que o desfile foi hist\u00f3rico: &#8220;Fantasias ironizando os desmontes causados pelo atual governo, &#8211; como a Reforma Trabalhista, j\u00e1 t\u00e3o devastadora no dia a dia do povo ap\u00f3s sua aprova\u00e7\u00e3o &#8211; e outros figurinos como fantoches pelo golpe, foram um dos assuntos mais comentados nas redes nesta madrugada. Nota 10 para a escola!!!&#8221;.<\/p>\n<p>A deputada Jandira Feghali, do PCdoB do Rio, criticou a rea\u00e7\u00e3o da Globo: &#8220;E teve clim\u00e3o na Globo pra comentar o desfile com cr\u00edticas ao golpe que a pr\u00f3pria Globo apoiou&#8221;. Em outro post, ela havia registrado: &#8220;MOMENTO INCR\u00cdVEL NO CARNAVAL DE DOMINGO: A Para\u00edso do Tuiuti registrou no Samb\u00f3dromo o golpe no pa\u00eds, a manipula\u00e7\u00e3o de parte da sociedade e os efeitos terr\u00edveis de um governo ileg\u00edtimo al\u00e7ado ao poder dentro da ruptura democr\u00e1tica!!! QUE DESFILE!!!&#8221;<\/p>\n<p>O deputado estadual Marcelo Freixo (PSOL), tamb\u00e9m do Rio de Janeiro, rasgou elogios \u00e0 escola: &#8220;QUE DESFILE! A Para\u00edso do Tuiut\u00ed levou o #ForaTemer \u00e0 avenida, criticou a Reforma Trabalhista do presidente vampir\u00e3o &#8211; tamb\u00e9m presente na Sapuca\u00ed &#8211; e falou sobre escravid\u00e3o. Arrasaram!&#8221;<\/p>\n<div class=\"jetpack-video-wrapper\"><span class=\"embed-youtube\" style=\"text-align:center; display: block;\"><iframe loading=\"lazy\" class=\"youtube-player\" width=\"600\" height=\"338\" src=\"https:\/\/www.youtube.com\/embed\/RkVKiEzQMUw?version=3&#038;rel=1&#038;showsearch=0&#038;showinfo=1&#038;iv_load_policy=1&#038;fs=1&#038;hl=pt-BR&#038;autohide=2&#038;wmode=transparent\" allowfullscreen=\"true\" style=\"border:0;\" sandbox=\"allow-scripts allow-same-origin allow-popups allow-presentation allow-popups-to-escape-sandbox\"><\/iframe><\/span><\/div>\n","protected":false},"excerpt":{"rendered":"<p>Rio 247 &#8211; O enredo do carnavalesco Jack Vasconcelos soltou o grito que estava preso na garganta de milhares de brasileiros na madrugada desta segunda-feira 12 durante desfile da escola Para\u00edso do Tuiuti, na primeira noite deste Carnaval na Sapuca\u00ed.<\/p>\n","protected":false},"author":1,"featured_media":0,"comment_status":"closed","ping_status":"open","sticky":false,"template":"","format":"standard","meta":{"_exactmetrics_skip_tracking":false,"_exactmetrics_sitenote_active":false,"_exactmetrics_sitenote_note":"","_exactmetrics_sitenote_category":0,"jetpack_post_was_ever_published":false,"_jetpack_newsletter_access":"","_jetpack_dont_email_post_to_subs":false,"_jetpack_newsletter_tier_id":0,"_jetpack_memberships_contains_paywalled_content":false,"_jetpack_memberships_contains_paid_content":false,"footnotes":"","jetpack_publicize_message":"","jetpack_publicize_feature_enabled":true,"jetpack_social_post_already_shared":true,"jetpack_social_options":{"image_generator_settings":{"template":"highway","enabled":false},"version":2}},"categories":[1],"tags":[],"class_list":["post-16527","post","type-post","status-publish","format-standard","hentry","category-notas"],"jetpack_publicize_connections":[],"jetpack_sharing_enabled":true,"jetpack_featured_media_url":"","jetpack_shortlink":"https:\/\/wp.me\/p7wKYW-4iz","jetpack-related-posts":[],"_links":{"self":[{"href":"http:\/\/blogdalucianaoliveira.com.br\/blog\/wp-json\/wp\/v2\/posts\/16527","targetHints":{"allow":["GET"]}}],"collection":[{"href":"http:\/\/blogdalucianaoliveira.com.br\/blog\/wp-json\/wp\/v2\/posts"}],"about":[{"href":"http:\/\/blogdalucianaoliveira.com.br\/blog\/wp-json\/wp\/v2\/types\/post"}],"author":[{"embeddable":true,"href":"http:\/\/blogdalucianaoliveira.com.br\/blog\/wp-json\/wp\/v2\/users\/1"}],"replies":[{"embeddable":true,"href":"http:\/\/blogdalucianaoliveira.com.br\/blog\/wp-json\/wp\/v2\/comments?post=16527"}],"version-history":[{"count":1,"href":"http:\/\/blogdalucianaoliveira.com.br\/blog\/wp-json\/wp\/v2\/posts\/16527\/revisions"}],"predecessor-version":[{"id":16529,"href":"http:\/\/blogdalucianaoliveira.com.br\/blog\/wp-json\/wp\/v2\/posts\/16527\/revisions\/16529"}],"wp:attachment":[{"href":"http:\/\/blogdalucianaoliveira.com.br\/blog\/wp-json\/wp\/v2\/media?parent=16527"}],"wp:term":[{"taxonomy":"category","embeddable":true,"href":"http:\/\/blogdalucianaoliveira.com.br\/blog\/wp-json\/wp\/v2\/categories?post=16527"},{"taxonomy":"post_tag","embeddable":true,"href":"http:\/\/blogdalucianaoliveira.com.br\/blog\/wp-json\/wp\/v2\/tags?post=16527"}],"curies":[{"name":"wp","href":"https:\/\/api.w.org\/{rel}","templated":true}]}}