{"id":16530,"date":"2018-02-12T09:30:30","date_gmt":"2018-02-12T13:30:30","guid":{"rendered":"http:\/\/blogdalucianaoliveira.com.br\/blog\/?p=16530"},"modified":"2018-02-12T09:31:03","modified_gmt":"2018-02-12T13:31:03","slug":"16530","status":"publish","type":"post","link":"http:\/\/blogdalucianaoliveira.com.br\/blog\/2018\/02\/12\/16530\/","title":{"rendered":"A pol\u00edtica invade o Samb\u00f3dromo no Rio"},"content":{"rendered":"<div id=\"articulo-galeria\" class=\"articulo-galeria\">\n<div class=\"articulo-galeria__interior\">\n<div class=\"articulo-galeria-listado\">\n<div id=\"articulo-titulares\" class=\"articulo-titulares\">\n<div class=\"articulo-subtitulos\">\n<h2 class=\"articulo-subtitulo\">No El Pa\u00eds &#8211; Para\u00edso do Tuiuti fala de escravid\u00e3o, reforma da Previd\u00eancia, tem presidente vampiro e ala de manifestantes fantoches. Mangueira transforma desfile em protesto contra Crivella<\/h2>\n<p><!--more--><\/p>\n<\/div>\n<\/div>\n<ul class=\"contenedor_fotos\">\n<ul class=\"contenedor_fotos\">\n<li>\n<figure class=\"foto foto_w980\"><span class=\"fondo_img\"><img data-recalc-dims=\"1\" loading=\"lazy\" decoding=\"async\" id=\"foto_gal_1\" class=\"horizontal\" src=\"https:\/\/i0.wp.com\/ep00.epimg.net\/brasil\/imagenes\/2018\/02\/12\/album\/1518434129_825558_1518434941_album_normal.jpg?resize=600%2C400&#038;ssl=1\" alt=\"Ala com manifestantes fantoches na Para\u00edso da Tuiuti.\" width=\"600\" height=\"400\" \/><\/span><figcaption class=\"foto-pie\"><span class=\"foto-texto\">Com o enredo &#8220;Meu Deus, meu Deus, est\u00e1 extinta a escravid\u00e3o?\u201d, Para\u00edso da Tuiti do carnavalesco Jack Vasconcelos, trouxe uma ala com manifestantes fantoches.<\/span><span class=\"foto-firma\"><span class=\"foto-autor\">MAURO PIMENTEL<\/span>\u00a0<span class=\"foto-agencia\">ALA COM MANIFESTANTES FANTOCHES NA PARA\u00cdSO DA TUIUTI.<\/span><\/span><\/figcaption><\/figure>\n<\/li>\n<li id=\"id_gal_pasa_2\">\n<figure class=\"foto foto_w980\"><span class=\"fondo_img\"><img data-recalc-dims=\"1\" loading=\"lazy\" decoding=\"async\" id=\"foto_gal_2\" class=\"horizontal\" src=\"https:\/\/i0.wp.com\/ep00.epimg.net\/brasil\/imagenes\/2018\/02\/12\/album\/1518434129_825558_1518434944_album_normal.jpg?resize=600%2C400&#038;ssl=1\" alt=\"Escola de S\u00e3o Crist\u00f3v\u00e3o fez cr\u00edtica contra a precariza\u00e7\u00e3o do trabalho.\" width=\"600\" height=\"400\" \/><\/span><figcaption class=\"foto-pie\"><span class=\"foto-numero\">2<\/span><span class=\"foto-texto\">Escola de S\u00e3o Crist\u00f3v\u00e3o fez cr\u00edtica contra a precariza\u00e7\u00e3o do trabalho.<\/span><span class=\"foto-firma\"><span class=\"foto-autor\">LEO CORREA<\/span>\u00a0<span class=\"foto-agencia\">AP<\/span><\/span><\/figcaption><\/figure>\n<\/li>\n<li id=\"id_gal_pasa_3\">\n<figure class=\"foto foto_w980\"><span class=\"fondo_img\"><img data-recalc-dims=\"1\" loading=\"lazy\" decoding=\"async\" id=\"foto_gal_3\" class=\"horizontal\" src=\"https:\/\/i0.wp.com\/ep00.epimg.net\/brasil\/imagenes\/2018\/02\/12\/album\/1518434129_825558_1518434946_album_normal.jpg?resize=600%2C400&#038;ssl=1\" alt=\"Ala de manifestantes fantoches e o famoso pato na Para\u00edso da Tuiuti.\" width=\"600\" height=\"400\" \/><\/span><figcaption class=\"foto-pie\"><span class=\"foto-numero\">3<\/span><span class=\"foto-texto\">Ala de manifestantes fantoches e o famoso pato na Para\u00edso da Tuiuti.<\/span><span class=\"foto-firma\"><span class=\"foto-autor\">LEO CORREA<\/span>\u00a0<span class=\"foto-agencia\">AP<\/span><\/span><\/figcaption><\/figure>\n<\/li>\n<\/ul>\n<\/ul>\n<div id=\"elpais_gpt-MPU1\" class=\"publi_luto_vertical\" data-google-query-id=\"CJKvreS8oNkCFYwuHwodV1UA1A\"><\/div>\n<ul class=\"contenedor_fotos\">\n<ul class=\"contenedor_fotos\">\n<li id=\"id_gal_pasa_4\">\n<figure class=\"foto foto_w980\"><span class=\"fondo_img\"><img data-recalc-dims=\"1\" loading=\"lazy\" decoding=\"async\" id=\"foto_gal_4\" class=\"horizontal\" src=\"https:\/\/i0.wp.com\/ep00.epimg.net\/brasil\/imagenes\/2018\/02\/12\/album\/1518434129_825558_1518434947_album_normal.jpg?resize=600%2C400&#038;ssl=1\" alt=\"Tuiuti desfilou neste domingo (11).\" width=\"600\" height=\"400\" \/><\/span><figcaption class=\"foto-pie\"><span class=\"foto-numero\">4<\/span><span class=\"foto-texto\">Tuiuti desfilou neste domingo (11).<\/span><span class=\"foto-firma\"><span class=\"foto-autor\">LEO CORREA<\/span>\u00a0<span class=\"foto-agencia\">AP<\/span><\/span><\/figcaption><\/figure>\n<\/li>\n<li id=\"id_gal_pasa_5\">\n<figure class=\"foto foto_w980\"><span class=\"fondo_img\"><img data-recalc-dims=\"1\" loading=\"lazy\" decoding=\"async\" id=\"foto_gal_5\" class=\"horizontal\" src=\"https:\/\/i0.wp.com\/ep00.epimg.net\/brasil\/imagenes\/2018\/02\/12\/album\/1518434129_825558_1518434948_album_normal.jpg?resize=600%2C400&#038;ssl=1\" alt=\"Presidente vampiro, um dos destaques da escola Para\u00edso do Tuiuti.\" width=\"600\" height=\"400\" \/><\/span><figcaption class=\"foto-pie\"><span class=\"foto-numero\">5<\/span><span class=\"foto-texto\">Presidente vampiro, um dos destaques da escola Para\u00edso do Tuiuti.<\/span><span class=\"foto-firma\"><span class=\"foto-autor\">MAURO PIMENTEL<\/span>\u00a0<span class=\"foto-agencia\">AFP<\/span><\/span><\/figcaption><\/figure>\n<\/li>\n<li id=\"id_gal_pasa_6\">\n<figure class=\"foto foto_w980\"><span class=\"fondo_img\"><img data-recalc-dims=\"1\" loading=\"lazy\" decoding=\"async\" id=\"foto_gal_6\" class=\"horizontal\" src=\"https:\/\/i0.wp.com\/ep00.epimg.net\/brasil\/imagenes\/2018\/02\/12\/album\/1518434129_825558_1518434949_album_normal.jpg?resize=600%2C400&#038;ssl=1\" alt=\"Carteira de trabalho teve lugar de destaque nas alas da Para\u00edso da Tuiuti.\" width=\"600\" height=\"400\" \/><\/span><figcaption class=\"foto-pie\"><span class=\"foto-numero\">6<\/span><span class=\"foto-texto\">Carteira de trabalho teve lugar de destaque nas alas da Para\u00edso da Tuiuti.<\/span><span class=\"foto-firma\"><span class=\"foto-autor\">MAURO PIMENTEL<\/span>\u00a0<span class=\"foto-agencia\">AFP<\/span><\/span><\/figcaption><\/figure>\n<\/li>\n<\/ul>\n<\/ul>\n<div id=\"elpais_gpt-MPU2\" class=\"publi_luto_vertical\" data-google-query-id=\"CN-VseS8oNkCFREoHwodvkcATQ\"><\/div>\n<ul class=\"contenedor_fotos\">\n<ul class=\"contenedor_fotos\">\n<li id=\"id_gal_pasa_7\">\n<figure class=\"foto foto_w980\"><span class=\"fondo_img\"><img data-recalc-dims=\"1\" loading=\"lazy\" decoding=\"async\" id=\"foto_gal_7\" class=\"horizontal\" src=\"https:\/\/i0.wp.com\/ep00.epimg.net\/brasil\/imagenes\/2018\/02\/12\/album\/1518434129_825558_1518434950_album_normal.jpg?resize=600%2C400&#038;ssl=1\" alt=\"Trabalhadores com a carteira de trabalho na Tuiuti.\" width=\"600\" height=\"400\" \/><\/span><figcaption class=\"foto-pie\"><span class=\"foto-numero\">7<\/span><span class=\"foto-texto\">Trabalhadores com a carteira de trabalho na Tuiuti.<\/span><span class=\"foto-firma\"><span class=\"foto-autor\">MAURO PIMENTEL<\/span>\u00a0<span class=\"foto-agencia\">AFP<\/span><\/span><\/figcaption><\/figure>\n<\/li>\n<li id=\"id_gal_pasa_8\">\n<figure class=\"foto foto_w980\"><span class=\"fondo_img\"><img data-recalc-dims=\"1\" loading=\"lazy\" decoding=\"async\" id=\"foto_gal_8\" class=\"horizontal\" src=\"https:\/\/i0.wp.com\/ep00.epimg.net\/brasil\/imagenes\/2018\/02\/12\/album\/1518434129_825558_1518434954_album_normal.jpg?resize=600%2C443&#038;ssl=1\" alt=\"Integrantes da Para\u00edso da Tuiuti desfilam no Samb\u00f3dromo.\" width=\"600\" height=\"443\" \/><\/span><figcaption class=\"foto-pie\"><span class=\"foto-numero\">8<\/span><span class=\"foto-texto\">Integrantes da Para\u00edso da Tuiuti desfilam no Samb\u00f3dromo.<\/span><span class=\"foto-firma\"><span class=\"foto-autor\">ANTONIO LACERDA<\/span>\u00a0<span class=\"foto-agencia\">EFE<\/span><\/span><\/figcaption><\/figure>\n<\/li>\n<li id=\"id_gal_pasa_9\">\n<figure class=\"foto foto_w980\"><span class=\"fondo_img\"><img data-recalc-dims=\"1\" loading=\"lazy\" decoding=\"async\" id=\"foto_gal_9\" class=\"horizontal\" src=\"https:\/\/i0.wp.com\/ep00.epimg.net\/brasil\/imagenes\/2018\/02\/12\/album\/1518434129_825558_1518434955_album_normal.jpg?resize=600%2C381&#038;ssl=1\" alt=\"Comiss\u00e3o de frente da Para\u00edso da Tuiuti trouxe o &quot;grito de liberdade: &quot;N\u00e3o sou escravo de nenhum senhor; Meu Para\u00edso \u00e9 meu basti\u00e3o; Meu Tuiuti o quilombo da favela; \u00c9 sentinela da liberta\u00e7\u00e3o&quot;.\" width=\"600\" height=\"381\" \/><\/span><figcaption class=\"foto-pie\"><span class=\"foto-numero\">9<\/span><span class=\"foto-texto\">Comiss\u00e3o de frente da Para\u00edso da Tuiuti trouxe o &#8220;grito de liberdade: &#8220;N\u00e3o sou escravo de nenhum senhor; Meu Para\u00edso \u00e9 meu basti\u00e3o; Meu Tuiuti o quilombo da favela; \u00c9 sentinela da liberta\u00e7\u00e3o&#8221;.<\/span><span class=\"foto-firma\"><span class=\"foto-autor\">PILAR OLIVARES<\/span>\u00a0<span class=\"foto-agencia\">REUTERS<\/span><\/span><\/figcaption><\/figure>\n<\/li>\n<\/ul>\n<\/ul>\n<div id=\"elpais_gpt-MPU3\" class=\"publi_luto_vertical\" data-google-query-id=\"CL2QseS8oNkCFQYQhwodVKACMw\"><\/div>\n<ul id=\"contenedor_fotos\" class=\"contenedor_fotos\">\n<li id=\"id_gal_pasa_10\">\n<figure class=\"foto foto_w980\"><span class=\"fondo_img\"><img data-recalc-dims=\"1\" loading=\"lazy\" decoding=\"async\" id=\"foto_gal_10\" class=\"horizontal\" src=\"https:\/\/i0.wp.com\/ep00.epimg.net\/brasil\/imagenes\/2018\/02\/12\/album\/1518434129_825558_1518436340_album_normal.jpg?resize=600%2C400&#038;ssl=1\" alt=\"Com o enredo &quot;Com dinheiro ou sem dinheiro, eu brinco&quot;, a Mangueira foi a pen\u00faltima escola a se apresentar no Samb\u00f3dromo no Rio com cr\u00edtica ao prefeito Marcelo Crivella, que reduziu drasticamente os recursos do Carnaval.\" width=\"600\" height=\"400\" \/><\/span><figcaption class=\"foto-pie\"><span class=\"foto-numero\">10<\/span><span class=\"foto-texto\">Com o enredo &#8220;Com dinheiro ou sem dinheiro, eu brinco&#8221;, a Mangueira foi a pen\u00faltima escola a se apresentar no Samb\u00f3dromo no Rio com cr\u00edtica ao prefeito Marcelo Crivella, que reduziu drasticamente os recursos do Carnaval.<\/span><span class=\"foto-firma\"><span class=\"foto-autor\">LEO CORREA<\/span>\u00a0<span class=\"foto-agencia\">AP<\/span><\/span><\/figcaption><\/figure>\n<\/li>\n<li id=\"id_gal_pasa_11\">\n<figure class=\"foto foto_w980\"><span class=\"fondo_img\"><img data-recalc-dims=\"1\" loading=\"lazy\" decoding=\"async\" id=\"foto_gal_11\" class=\"horizontal\" src=\"https:\/\/i0.wp.com\/ep00.epimg.net\/brasil\/imagenes\/2018\/02\/12\/album\/1518434129_825558_1518436339_album_normal.jpg?resize=600%2C399&#038;ssl=1\" alt=\"Crivella foi transformado em um boneco de Judas pela Mangueira. Nesta segunda (12), a Beija Flor tamb\u00e9m promete trazer a pol\u00edtica para o Samb\u00f3dromo com um enredo sobre corrup\u00e7\u00e3o.\" width=\"600\" height=\"399\" \/><\/span><figcaption class=\"foto-pie\"><span class=\"foto-numero\">11<\/span><span class=\"foto-texto\">Crivella foi transformado em um boneco de Judas pela Mangueira. Nesta segunda (12), a Beija Flor tamb\u00e9m promete trazer a pol\u00edtica para o Samb\u00f3dromo com um enredo sobre corrup\u00e7\u00e3o.<\/span><span class=\"foto-firma\"><span class=\"foto-autor\">MAURO PIMENTEL<\/span>\u00a0<span class=\"foto-agencia\">AFP<\/span><\/span><\/figcaption><\/figure>\n<\/li>\n<\/ul>\n<\/div>\n<\/div>\n<\/div>\n<p>&nbsp;<\/p>\n<p>&nbsp;<\/p>\n","protected":false},"excerpt":{"rendered":"<p>No El Pa\u00eds &#8211; Para\u00edso do Tuiuti fala de escravid\u00e3o, reforma da Previd\u00eancia, tem presidente vampiro e ala de manifestantes fantoches. Mangueira transforma desfile em protesto contra Crivella<\/p>\n","protected":false},"author":1,"featured_media":0,"comment_status":"closed","ping_status":"open","sticky":false,"template":"","format":"standard","meta":{"_exactmetrics_skip_tracking":false,"_exactmetrics_sitenote_active":false,"_exactmetrics_sitenote_note":"","_exactmetrics_sitenote_category":0,"jetpack_post_was_ever_published":false,"_jetpack_newsletter_access":"","_jetpack_dont_email_post_to_subs":false,"_jetpack_newsletter_tier_id":0,"_jetpack_memberships_contains_paywalled_content":false,"_jetpack_memberships_contains_paid_content":false,"footnotes":"","jetpack_publicize_message":"","jetpack_publicize_feature_enabled":true,"jetpack_social_post_already_shared":true,"jetpack_social_options":{"image_generator_settings":{"template":"highway","enabled":false},"version":2}},"categories":[1],"tags":[],"class_list":["post-16530","post","type-post","status-publish","format-standard","hentry","category-notas"],"jetpack_publicize_connections":[],"jetpack_sharing_enabled":true,"jetpack_featured_media_url":"","jetpack_shortlink":"https:\/\/wp.me\/s7wKYW-16530","jetpack-related-posts":[],"_links":{"self":[{"href":"http:\/\/blogdalucianaoliveira.com.br\/blog\/wp-json\/wp\/v2\/posts\/16530","targetHints":{"allow":["GET"]}}],"collection":[{"href":"http:\/\/blogdalucianaoliveira.com.br\/blog\/wp-json\/wp\/v2\/posts"}],"about":[{"href":"http:\/\/blogdalucianaoliveira.com.br\/blog\/wp-json\/wp\/v2\/types\/post"}],"author":[{"embeddable":true,"href":"http:\/\/blogdalucianaoliveira.com.br\/blog\/wp-json\/wp\/v2\/users\/1"}],"replies":[{"embeddable":true,"href":"http:\/\/blogdalucianaoliveira.com.br\/blog\/wp-json\/wp\/v2\/comments?post=16530"}],"version-history":[{"count":2,"href":"http:\/\/blogdalucianaoliveira.com.br\/blog\/wp-json\/wp\/v2\/posts\/16530\/revisions"}],"predecessor-version":[{"id":16532,"href":"http:\/\/blogdalucianaoliveira.com.br\/blog\/wp-json\/wp\/v2\/posts\/16530\/revisions\/16532"}],"wp:attachment":[{"href":"http:\/\/blogdalucianaoliveira.com.br\/blog\/wp-json\/wp\/v2\/media?parent=16530"}],"wp:term":[{"taxonomy":"category","embeddable":true,"href":"http:\/\/blogdalucianaoliveira.com.br\/blog\/wp-json\/wp\/v2\/categories?post=16530"},{"taxonomy":"post_tag","embeddable":true,"href":"http:\/\/blogdalucianaoliveira.com.br\/blog\/wp-json\/wp\/v2\/tags?post=16530"}],"curies":[{"name":"wp","href":"https:\/\/api.w.org\/{rel}","templated":true}]}}