{"id":16533,"date":"2018-02-12T09:44:47","date_gmt":"2018-02-12T13:44:47","guid":{"rendered":"http:\/\/blogdalucianaoliveira.com.br\/blog\/?p=16533"},"modified":"2018-02-12T10:10:19","modified_gmt":"2018-02-12T14:10:19","slug":"globo-ignora-critica-social-e-temer-retratado-como-vampiro-em-escola-de-samba-do-rio","status":"publish","type":"post","link":"http:\/\/blogdalucianaoliveira.com.br\/blog\/2018\/02\/12\/globo-ignora-critica-social-e-temer-retratado-como-vampiro-em-escola-de-samba-do-rio\/","title":{"rendered":"GLOBO IGNORA CR\u00cdTICA SOCIAL E TEMER RETRATADO COMO VAMPIRO EM ESCOLA DE SAMBA DO RIO"},"content":{"rendered":"<p>&nbsp;<\/p>\n<p>&nbsp;<\/p>\n<p><img data-recalc-dims=\"1\" loading=\"lazy\" decoding=\"async\" class=\"alignnone size-full wp-image-16534\" src=\"https:\/\/i0.wp.com\/blogdalucianaoliveira.com.br\/blog\/wp-content\/uploads\/2018\/02\/TETE.jpg?resize=600%2C450\" alt=\"TETE\" width=\"600\" height=\"450\" \/><\/p>\n<p>&nbsp;<\/p>\n<p>Quem duvida da participa\u00e7\u00e3o da Rede Globo no golpe que culminou com a destrui\u00e7\u00e3o de direitos e entrega de riquezas do pa\u00eds, precisa refletir sobre a cobertura jornal\u00edstica do desfile da Escola de Samba Para\u00edso do Tuiuti, no Rio de Janeiro.<!--more--><\/p>\n<p>Pela dura cr\u00edtica social e pol\u00edtica e por retratar o presidente ileg\u00edtimo Michel Temer como um vampiro, a Tuiuti virou o segundo assunto no mundo, mais comentando no Twitter no primeiro dia de desfile no Marques de Sapuca\u00ed.<\/p>\n<p>Mas, a Globo simplesmente fingiu n\u00e3o ver.<\/p>\n<div class=\"jetpack-video-wrapper\"><iframe loading=\"lazy\" title=\"GLOBO IGNORA CR\u00cdTICA SOCIAL E TEMER RETRATADO COMO VAMPIRO EM ESCOLA DE SAMBA DO RIO\" width=\"600\" height=\"338\" src=\"https:\/\/www.youtube.com\/embed\/pxWjCk4HIJw?feature=oembed\" frameborder=\"0\" allow=\"accelerometer; autoplay; clipboard-write; encrypted-media; gyroscope; picture-in-picture; web-share\" referrerpolicy=\"strict-origin-when-cross-origin\" allowfullscreen><\/iframe><\/div>\n<p><iframe loading=\"lazy\" src=\"https:\/\/www.facebook.com\/plugins\/video.php?href=https%3A%2F%2Fwww.facebook.com%2Fluciana.oliveira.75457%2Fvideos%2F1713930442016185%2F&#038;show_text=1&#038;width=560\" width=\"560\" height=\"471\" style=\"border:none;overflow:hidden\" scrolling=\"no\" frameborder=\"0\" allowTransparency=\"true\" allowFullScreen=\"true\"><\/iframe><\/p>\n","protected":false},"excerpt":{"rendered":"<p>&nbsp; &nbsp; &nbsp; Quem duvida da participa\u00e7\u00e3o da Rede Globo no golpe que culminou com a destrui\u00e7\u00e3o de direitos e entrega de riquezas do pa\u00eds, precisa refletir sobre a cobertura jornal\u00edstica do desfile da Escola de Samba Para\u00edso do Tuiuti, no Rio de Janeiro.<\/p>\n","protected":false},"author":1,"featured_media":0,"comment_status":"closed","ping_status":"open","sticky":false,"template":"","format":"standard","meta":{"_exactmetrics_skip_tracking":false,"_exactmetrics_sitenote_active":false,"_exactmetrics_sitenote_note":"","_exactmetrics_sitenote_category":0,"jetpack_post_was_ever_published":false,"_jetpack_newsletter_access":"","_jetpack_dont_email_post_to_subs":false,"_jetpack_newsletter_tier_id":0,"_jetpack_memberships_contains_paywalled_content":false,"_jetpack_memberships_contains_paid_content":false,"footnotes":"","jetpack_publicize_message":"","jetpack_publicize_feature_enabled":true,"jetpack_social_post_already_shared":true,"jetpack_social_options":{"image_generator_settings":{"template":"highway","enabled":false},"version":2}},"categories":[1],"tags":[],"class_list":["post-16533","post","type-post","status-publish","format-standard","hentry","category-notas"],"jetpack_publicize_connections":[],"jetpack_sharing_enabled":true,"jetpack_featured_media_url":"","jetpack_shortlink":"https:\/\/wp.me\/p7wKYW-4iF","jetpack-related-posts":[],"_links":{"self":[{"href":"http:\/\/blogdalucianaoliveira.com.br\/blog\/wp-json\/wp\/v2\/posts\/16533","targetHints":{"allow":["GET"]}}],"collection":[{"href":"http:\/\/blogdalucianaoliveira.com.br\/blog\/wp-json\/wp\/v2\/posts"}],"about":[{"href":"http:\/\/blogdalucianaoliveira.com.br\/blog\/wp-json\/wp\/v2\/types\/post"}],"author":[{"embeddable":true,"href":"http:\/\/blogdalucianaoliveira.com.br\/blog\/wp-json\/wp\/v2\/users\/1"}],"replies":[{"embeddable":true,"href":"http:\/\/blogdalucianaoliveira.com.br\/blog\/wp-json\/wp\/v2\/comments?post=16533"}],"version-history":[{"count":4,"href":"http:\/\/blogdalucianaoliveira.com.br\/blog\/wp-json\/wp\/v2\/posts\/16533\/revisions"}],"predecessor-version":[{"id":16538,"href":"http:\/\/blogdalucianaoliveira.com.br\/blog\/wp-json\/wp\/v2\/posts\/16533\/revisions\/16538"}],"wp:attachment":[{"href":"http:\/\/blogdalucianaoliveira.com.br\/blog\/wp-json\/wp\/v2\/media?parent=16533"}],"wp:term":[{"taxonomy":"category","embeddable":true,"href":"http:\/\/blogdalucianaoliveira.com.br\/blog\/wp-json\/wp\/v2\/categories?post=16533"},{"taxonomy":"post_tag","embeddable":true,"href":"http:\/\/blogdalucianaoliveira.com.br\/blog\/wp-json\/wp\/v2\/tags?post=16533"}],"curies":[{"name":"wp","href":"https:\/\/api.w.org\/{rel}","templated":true}]}}