{"id":16542,"date":"2018-02-12T10:39:44","date_gmt":"2018-02-12T14:39:44","guid":{"rendered":"http:\/\/blogdalucianaoliveira.com.br\/blog\/?p=16542"},"modified":"2018-02-12T10:39:44","modified_gmt":"2018-02-12T14:39:44","slug":"separando-legal-do-imoral-com-ilustracoes-didaticas-para-criancas-estrelando-michel-temer-e-joao-cahulla","status":"publish","type":"post","link":"http:\/\/blogdalucianaoliveira.com.br\/blog\/2018\/02\/12\/separando-legal-do-imoral-com-ilustracoes-didaticas-para-criancas-estrelando-michel-temer-e-joao-cahulla\/","title":{"rendered":"Separando legal do imoral com ilustra\u00e7\u00f5es did\u00e1ticas para crian\u00e7as: estrelando Michel Temer e Jo\u00e3o Cah\u00falla"},"content":{"rendered":"<p><img data-recalc-dims=\"1\" loading=\"lazy\" decoding=\"async\" data-attachment-id=\"16543\" data-permalink=\"http:\/\/blogdalucianaoliveira.com.br\/blog\/2018\/02\/12\/separando-legal-do-imoral-com-ilustracoes-didaticas-para-criancas-estrelando-michel-temer-e-joao-cahulla\/cahu\/\" data-orig-file=\"https:\/\/i0.wp.com\/blogdalucianaoliveira.com.br\/blog\/wp-content\/uploads\/2018\/02\/cahu.jpg?fit=700%2C700\" data-orig-size=\"700,700\" data-comments-opened=\"0\" data-image-meta=\"{&quot;aperture&quot;:&quot;0&quot;,&quot;credit&quot;:&quot;&quot;,&quot;camera&quot;:&quot;&quot;,&quot;caption&quot;:&quot;&quot;,&quot;created_timestamp&quot;:&quot;0&quot;,&quot;copyright&quot;:&quot;&quot;,&quot;focal_length&quot;:&quot;0&quot;,&quot;iso&quot;:&quot;0&quot;,&quot;shutter_speed&quot;:&quot;0&quot;,&quot;title&quot;:&quot;&quot;,&quot;orientation&quot;:&quot;1&quot;}\" data-image-title=\"cahu\" data-image-description=\"\" data-image-caption=\"\" data-medium-file=\"https:\/\/i0.wp.com\/blogdalucianaoliveira.com.br\/blog\/wp-content\/uploads\/2018\/02\/cahu.jpg?fit=300%2C300\" data-large-file=\"https:\/\/i0.wp.com\/blogdalucianaoliveira.com.br\/blog\/wp-content\/uploads\/2018\/02\/cahu.jpg?fit=600%2C600\" class=\"alignnone size-full wp-image-16543\" src=\"https:\/\/i0.wp.com\/blogdalucianaoliveira.com.br\/blog\/wp-content\/uploads\/2018\/02\/cahu.jpg?resize=600%2C600\" alt=\"cahu\" width=\"600\" height=\"600\" srcset=\"https:\/\/i0.wp.com\/blogdalucianaoliveira.com.br\/blog\/wp-content\/uploads\/2018\/02\/cahu.jpg?w=700 700w, https:\/\/i0.wp.com\/blogdalucianaoliveira.com.br\/blog\/wp-content\/uploads\/2018\/02\/cahu.jpg?resize=150%2C150 150w, https:\/\/i0.wp.com\/blogdalucianaoliveira.com.br\/blog\/wp-content\/uploads\/2018\/02\/cahu.jpg?resize=300%2C300 300w\" sizes=\"auto, (max-width: 600px) 100vw, 600px\" \/><\/p>\n<p><strong>No Rond\u00f4nia Din\u00e2mica, por Vinicius Canova\u00a0\u2013<\/strong>\u00a0Embora o Judici\u00e1rio seja a bola da vez no olho do furac\u00e3o da revolta popular quando o assunto \u00e9 aux\u00edlio-moradia, a coisa toda come\u00e7ou quando a Folha de S. Paulo resolveu questionar o deputado Jair Bolsonaro (PSL) acerca do tema.<\/p>\n<p>Claro, como o presidenci\u00e1vel ganhou de bandeja o status de inquestion\u00e1vel patrocinado pela patota cega, surda e muda que n\u00e3o admite o \u00eddolo contra a parede, sobrou para os magistrados amargar sozinhos as consequ\u00eancias da guerra deflagrada.<!--more--><\/p>\n<p>Sobre isso, basta dizer como \u00e9 c\u00f4mico observar que at\u00e9 figuras envoltas a conceitos de divindade como o pr\u00f3prio Jesus Cristo, seu pai, conhecido como Deus, Buda, Maom\u00e9, Krishna, Z\u00e9 Pilintra e tantas outras s\u00e3o pass\u00edveis de cr\u00edticas sem que haja tanto choror\u00f4 em troca; ou seja, o brasileiro est\u00e1 levando ao altar da potestade uma criatura de tr\u00eas d\u00e9cadas de v\u00e1cuo universal em detrimento a outras que pelo menos conservam valores hist\u00f3ricos, no m\u00ednimo.<\/p>\n<p>Que seja!<\/p>\n<p>Passamos a nos deparar, ent\u00e3o, com a discuss\u00e3o sobre legal e imoral, algo que j\u00e1 existia, obviamente, mas escancarou-se nos \u00faltimos meses como debate amplo ap\u00f3s o cidad\u00e3o compreender que, enquanto luta e vai morrendo \u00e0 m\u00edngua por um sal\u00e1rio-m\u00ednimo paralelamente \u00e0 perda de direitos, autoridades espalhadas pelos tr\u00eas Poderes enchem os bolsos de dinheiro de maneira completamente desproporcional e injustific\u00e1vel. E n\u00e3o s\u00e3o apenas os pol\u00edticos, diga-se de passagem!<\/p>\n<p>O grande problema em torno dessas conversas est\u00e1 atrelado ao discurso amb\u00edguo do brasileiro convencional. Nacionalmente, o melhor exemplo \u00e9 o tratamento dispensado \u00e0s pedaladas fiscais promovidas pela ex-presidente Dilma Rousseff (PT), que culminaram com o impeachment, voc\u00e1bulo estrangeiro que, neste caso espec\u00edfico, significa golpe no linguajar p\u00e1trio.<\/p>\n<p>Ocorre que antes de Dilma cair golpeada as pedaladas foram demonizadas, alcan\u00e7ando n\u00edvel maior de repulsa que os voltados \u00e0 corrup\u00e7\u00e3o propriamente dita. E adivinhe s\u00f3: dois dias ap\u00f3s a destitui\u00e7\u00e3o permanente da ex-presidente, o governo ileg\u00edtimo de Michel Temer (MDB), em conluio com a maior parte do Congresso Nacional, sancionava lei autorizando-as. O que era ilegal, imoral e inaceit\u00e1vel passou a ser, de um dia para o outro, conceb\u00edvel s\u00f3 porque o manobrista p\u00f4s o carro no lugar certo e ganhou gorjeta.<\/p>\n<p><strong>E AINDA<br \/>\n<a href=\"http:\/\/economia.ig.com.br\/2016-09-02\/lei-orcamento.html\" target=\"_blank\"><u>Dois dias ap\u00f3s impeachment, Senado aprova lei que permite pedaladas fiscal<\/u><\/a><\/strong><\/p>\n<p><a href=\"https:\/\/exame.abril.com.br\/economia\/governo-temer-negocia-nova-pedalada-fiscal-com-o-congresso\/\" target=\"_blank\"><u><strong>Governo Temer negocia nova pedalada fiscal com o Congresso<\/strong><\/u><\/a><\/p>\n<p>Diferentemente da antecessora, Temer prospera por conta do obtuso presidencialismo de coaliz\u00e3o onde impera, basicamente, o\u00a0<em>toma l\u00e1 d\u00e1 c\u00e1\u00a0<\/em>entre Executivo e Legislativo.<\/p>\n<p>E n\u00e3o h\u00e1 gar\u00e7om melhor que o emedebista a cumprir \u00e0 risca esse modelo servil de arranjo pol\u00edtico-institucional.<\/p>\n<p>Por isso comprou, com libera\u00e7\u00e3o de recursos exorbitantes em emendas parlamentares, deputadas e deputados que o salvaram de duas den\u00fancias, livrando-o de responder a processos distintos no Supremo Tribunal Federal (STF) tanto por corrup\u00e7\u00e3o passiva quanto por organiza\u00e7\u00e3o criminosa e obstru\u00e7\u00e3o da Justi\u00e7a. Se existe algo mais imoral que isso, embora legalmente aceit\u00e1vel (\u00e9 o jogo, dizem!), desconhe\u00e7o. E mais uma vez passando com tranquilidade pelo crivo dos insurgentes de veneta.<\/p>\n<p><strong>CONFIRA<\/strong><br \/>\n<strong><a href=\"http:\/\/www.rondoniadinamica.com\/arquivo\/o-brasil-e-a-cara-de-wladimir-costa,9435.shtml\" target=\"_blank\"><u>O Brasil \u00e9 a cara de Wladimir Costa<\/u><\/a><\/strong><\/p>\n<p><a href=\"https:\/\/oglobo.globo.com\/brasil\/antes-de-votacao-temer-distribuiu-15-bilhoes-em-programas-emendas-21596676\" target=\"_blank\"><u><strong>Antes de vota\u00e7\u00e3o, Temer distribuiu R$ 15 bilh\u00f5es em programas e emendas<\/strong><\/u><\/a><\/p>\n<p>J\u00e1 Rond\u00f4nia tem suas pr\u00f3prias trag\u00e9dias.<\/p>\n<p>Farras de di\u00e1rias, passagens e in\u00fameros outros esc\u00e2ndalos que j\u00e1 nos colocaram nas manchetes dos principais jornais do Brasil est\u00e3o causando, tamb\u00e9m, estafa generalizada.<\/p>\n<p>Uma dessas obscenidades \u00e9 a pens\u00e3o especial (para quem?) vital\u00edcia concedida a nossos ex-governadores e vi\u00favas. E j\u00e1 que lei \u00e9 lei e \u00e9 preciso respeitar o direito adquirido, nos resta confabular. O benef\u00edcio n\u00e3o existe mais desde 2011, quando um novo dispositivo legal o revogou a tempo de tirar o doce da boca de Conf\u00facio Moura em diante. Mas antes disso, permitiu aberra\u00e7\u00f5es como a inclus\u00e3o do ex-governador Jo\u00e3o Aparecido Cah\u00falla na perp\u00e9tua folha de pagamento.<\/p>\n<p><strong>LEIA TAMB\u00c9M<br \/>\n<a href=\"http:\/\/rondoniadinamica.com\/arquivo\/cahulla-que-governou-rondonia-por-apenas-8-meses-exige-e-ganha-na-justica-parcela-de-pensao-especial-devida-a-ex-governadores,19739.shtml\" target=\"_blank\"><u>Cah\u00falla exige e ganha na Justi\u00e7a parcela de pens\u00e3o especial devida a ex-governadores<\/u><\/a><\/strong><\/p>\n<p><u><strong><a href=\"http:\/\/www.rondoniadinamica.com\/arquivo\/editorial-ex-governadores-e-viuvas-custam-mais-de-r-34-mi-ao-ano-aos-cofres-de-rondonia,1311.shtml\" target=\"_blank\">Editorial \u2013 Ex-governadores e vi\u00favas custam mais de R$ 3,4 mi ao ano aos cofres de Rond\u00f4nia<\/a><\/strong><\/u><\/p>\n<p>Cah\u00falla governou Rond\u00f4nia por oito meses em 2010, quando Cassol renunciou para disputar vaga ao Senado Federal. E s\u00f3!<\/p>\n<p>Vamos \u00e0s contas. Aparecido fez 64 anos no \u00faltimo domingo (11). Parab\u00e9ns, inclusive.\u00a0A expectativa de vida do brasileiro \u00e9 de quase 76. O pagamento da pens\u00e3o acompanha os reajustes promovidos nos vencimentos do atual governador. Em dezembro de 2017 \u2013 \u00faltimo contracheque \u00e0 disposi\u00e7\u00e3o para consultas\u00a0 no Portal Transpar\u00eancia \u2013 Jo\u00e3o recebeu R$ 25.322,00 (n\u00e3o vamos contar centavos), o mesmo que Conf\u00facio em termos salariais.<\/p>\n<p>Se o ex-governador viver por mais 12 anos alcan\u00e7ando a expectativa de vida do brasileiro estipulada em 2016 e os dividendos n\u00e3o sofrerem mais reajustes, receber\u00e1 do Estado at\u00e9 l\u00e1, e observe, n\u00e3o estou contabilizando o que j\u00e1 foi recebido de 2011 pra c\u00e1, mais de R$ 3,6 milh\u00f5es por m\u00edseros oito meses de servi\u00e7o. Seria como pagar R$ 455 mil por cada um dos oito meses trabalhados (e estou arredondando para baixo). Se Cah\u00falla fizer o tipo longevo e alcan\u00e7ar, sei l\u00e1, 80 anos, seriam mais de 4,8 milh\u00f5es embolsados daqui para l\u00e1; neste panorama, pagar\u00edamos mais de R$ 600 mil por cada um dos oito meses.<\/p>\n<p>Que bom, n\u00e9?<\/p>\n<p>N\u00e3o estou pegando Cah\u00falla para Cristo. Todos os ex-governador e vi\u00favas antes dele, incluindo a\u00ed os\u00a0do antigo Territ\u00f3rio, usufruem, ou usufru\u00edram por muito tempo\u00a0da mesma benesse. \u00c9 o curto per\u00edodo na fun\u00e7\u00e3o que o coloca na condi\u00e7\u00e3o de balb\u00fardia dentro do que j\u00e1 \u00e9 avacalhado demais para suportar. Afinal, pens\u00e3o especial para ex-governador \u00e9 o fim da picada!<\/p>\n<p><img data-recalc-dims=\"1\" decoding=\"async\" class=\"entry-thumb\" src=\"https:\/\/i0.wp.com\/www.rondoniadinamica.com\/uploads\/EXGOVS.jpg?w=600\" alt=\"\" \/><br \/>\n<em>Lista\u00a0com ex-governadores e vi\u00favas que recebem pens\u00e3o do Estado de Rond\u00f4nia<\/em><\/p>\n<p>\u00c9 legal? \u00c9! Mas t\u00e3o imoral que chega a tremer os dedos enquanto redijo estas linhas combalidas, e n\u00e3o, n\u00e3o estou com Parkinson.<\/p>\n<p>No mesmo rol de Cah\u00falla est\u00e3o tamb\u00e9m os ex-governadores Ivo Cassol (PP), Jos\u00e9 de Abreu Bianco (DEM), Valdir Raupp de Matos (MDB), Oswaldo Piana Filho e Humberto da Silva Guedes. E as vi\u00favas Aida Fibiger de Oliveira, do coronel Jorge Teixeira; Palmira Jose de Souza, de Jer\u00f4nimo Santana; Silvia Darwich Zacharias, de Wadih Darwich Zacarias, e ainda Vera Therezinha Reichmann Mader, de Jo\u00e3o Carlos dos Santos Mader.<\/p>\n<p>A gastan\u00e7a mensal com essa turma, nos valores de hoje, chega a R$ 3.038.670,00 por ano. Em apenas uma d\u00e9cada o montante deve ultrapassar a marca dos R$ 30 milh\u00f5es.<\/p>\n<p>E voc\u00ea se contorcendo todo na hora de pagar os 10% pela taxa de servi\u00e7o a\u00ed no com\u00e9rcio&#8230;<\/p>\n<p><img data-recalc-dims=\"1\" decoding=\"async\" class=\"entry-thumb\" src=\"https:\/\/i0.wp.com\/www.rondoniadinamica.com\/uploads\/VINICIUS-PRONTO_30.jpg?w=600\" \/><\/p>\n<p><strong>Autor \/ Fonte: Vinicius Canova<\/strong><\/p>\n<ul class=\"social-link clearfix\">\n<li><strong>Compartilhe:<\/strong><\/li>\n<li>\n<div class=\"addthis_inline_share_toolbox\" data-url=\"http:\/\/rondoniadinamica.com\/arquivo\/separando-legal-do-imoral-com-ilustracoes-didaticas-para-criancas-estrelando-michel-temer-e-joao-cahulla,19840.shtml\" data-title=\"Separando legal do imoral com ilustra\u00e7\u00f5es did\u00e1ticas para crian\u00e7as: estrelando Michel Temer e Jo\u00e3o Cah\u00falla\" data-description=\"Num pa\u00eds que dorme num dia com um conceito sobre pedalada fiscal e acorda no outro totalmente complacente, natural a falta de distin\u00e7\u00e3o\"><\/div>\n<\/li>\n<\/ul>\n","protected":false},"excerpt":{"rendered":"<p>No Rond\u00f4nia Din\u00e2mica, por Vinicius Canova\u00a0\u2013\u00a0Embora o Judici\u00e1rio seja a bola da vez no olho do furac\u00e3o da revolta popular quando o assunto \u00e9 aux\u00edlio-moradia, a coisa toda come\u00e7ou quando a Folha de S. Paulo resolveu questionar o deputado Jair Bolsonaro (PSL) acerca do tema. Claro, como o presidenci\u00e1vel ganhou de bandeja o status de&#8230;<a class=\"more-link\" href=\"http:\/\/blogdalucianaoliveira.com.br\/blog\/2018\/02\/12\/separando-legal-do-imoral-com-ilustracoes-didaticas-para-criancas-estrelando-michel-temer-e-joao-cahulla\/\">Continue a leitura <span class=\"meta-nav\">&raquo;<\/span><\/a><\/p>\n","protected":false},"author":1,"featured_media":0,"comment_status":"closed","ping_status":"open","sticky":false,"template":"","format":"standard","meta":{"_exactmetrics_skip_tracking":false,"_exactmetrics_sitenote_active":false,"_exactmetrics_sitenote_note":"","_exactmetrics_sitenote_category":0,"jetpack_post_was_ever_published":false,"_jetpack_newsletter_access":"","_jetpack_dont_email_post_to_subs":false,"_jetpack_newsletter_tier_id":0,"_jetpack_memberships_contains_paywalled_content":false,"_jetpack_memberships_contains_paid_content":false,"footnotes":"","jetpack_publicize_message":"","jetpack_publicize_feature_enabled":true,"jetpack_social_post_already_shared":true,"jetpack_social_options":{"image_generator_settings":{"template":"highway","enabled":false},"version":2}},"categories":[1],"tags":[],"class_list":["post-16542","post","type-post","status-publish","format-standard","hentry","category-notas"],"jetpack_publicize_connections":[],"jetpack_sharing_enabled":true,"jetpack_featured_media_url":"","jetpack_shortlink":"https:\/\/wp.me\/p7wKYW-4iO","jetpack-related-posts":[],"_links":{"self":[{"href":"http:\/\/blogdalucianaoliveira.com.br\/blog\/wp-json\/wp\/v2\/posts\/16542","targetHints":{"allow":["GET"]}}],"collection":[{"href":"http:\/\/blogdalucianaoliveira.com.br\/blog\/wp-json\/wp\/v2\/posts"}],"about":[{"href":"http:\/\/blogdalucianaoliveira.com.br\/blog\/wp-json\/wp\/v2\/types\/post"}],"author":[{"embeddable":true,"href":"http:\/\/blogdalucianaoliveira.com.br\/blog\/wp-json\/wp\/v2\/users\/1"}],"replies":[{"embeddable":true,"href":"http:\/\/blogdalucianaoliveira.com.br\/blog\/wp-json\/wp\/v2\/comments?post=16542"}],"version-history":[{"count":1,"href":"http:\/\/blogdalucianaoliveira.com.br\/blog\/wp-json\/wp\/v2\/posts\/16542\/revisions"}],"predecessor-version":[{"id":16544,"href":"http:\/\/blogdalucianaoliveira.com.br\/blog\/wp-json\/wp\/v2\/posts\/16542\/revisions\/16544"}],"wp:attachment":[{"href":"http:\/\/blogdalucianaoliveira.com.br\/blog\/wp-json\/wp\/v2\/media?parent=16542"}],"wp:term":[{"taxonomy":"category","embeddable":true,"href":"http:\/\/blogdalucianaoliveira.com.br\/blog\/wp-json\/wp\/v2\/categories?post=16542"},{"taxonomy":"post_tag","embeddable":true,"href":"http:\/\/blogdalucianaoliveira.com.br\/blog\/wp-json\/wp\/v2\/tags?post=16542"}],"curies":[{"name":"wp","href":"https:\/\/api.w.org\/{rel}","templated":true}]}}