{"id":16545,"date":"2018-02-12T11:06:32","date_gmt":"2018-02-12T15:06:32","guid":{"rendered":"http:\/\/blogdalucianaoliveira.com.br\/blog\/?p=16545"},"modified":"2018-02-12T11:06:32","modified_gmt":"2018-02-12T15:06:32","slug":"carnaval-2018-e-o-mais-politizado-da-historia","status":"publish","type":"post","link":"http:\/\/blogdalucianaoliveira.com.br\/blog\/2018\/02\/12\/carnaval-2018-e-o-mais-politizado-da-historia\/","title":{"rendered":"Carnaval 2018 \u00e9 o mais politizado da Hist\u00f3ria"},"content":{"rendered":"<p><img data-recalc-dims=\"1\" loading=\"lazy\" decoding=\"async\" data-attachment-id=\"16546\" data-permalink=\"http:\/\/blogdalucianaoliveira.com.br\/blog\/2018\/02\/12\/carnaval-2018-e-o-mais-politizado-da-historia\/poli-2\/\" data-orig-file=\"https:\/\/i0.wp.com\/blogdalucianaoliveira.com.br\/blog\/wp-content\/uploads\/2018\/02\/poli.jpg?fit=490%2C280\" data-orig-size=\"490,280\" data-comments-opened=\"0\" data-image-meta=\"{&quot;aperture&quot;:&quot;0&quot;,&quot;credit&quot;:&quot;&quot;,&quot;camera&quot;:&quot;&quot;,&quot;caption&quot;:&quot;&quot;,&quot;created_timestamp&quot;:&quot;0&quot;,&quot;copyright&quot;:&quot;&quot;,&quot;focal_length&quot;:&quot;0&quot;,&quot;iso&quot;:&quot;0&quot;,&quot;shutter_speed&quot;:&quot;0&quot;,&quot;title&quot;:&quot;&quot;,&quot;orientation&quot;:&quot;0&quot;}\" data-image-title=\"poli\" data-image-description=\"\" data-image-caption=\"\" data-medium-file=\"https:\/\/i0.wp.com\/blogdalucianaoliveira.com.br\/blog\/wp-content\/uploads\/2018\/02\/poli.jpg?fit=300%2C171\" data-large-file=\"https:\/\/i0.wp.com\/blogdalucianaoliveira.com.br\/blog\/wp-content\/uploads\/2018\/02\/poli.jpg?fit=490%2C280\" class=\"alignnone size-full wp-image-16546\" src=\"https:\/\/i0.wp.com\/blogdalucianaoliveira.com.br\/blog\/wp-content\/uploads\/2018\/02\/poli.jpg?resize=490%2C280\" alt=\"poli\" width=\"490\" height=\"280\" srcset=\"https:\/\/i0.wp.com\/blogdalucianaoliveira.com.br\/blog\/wp-content\/uploads\/2018\/02\/poli.jpg?w=490 490w, https:\/\/i0.wp.com\/blogdalucianaoliveira.com.br\/blog\/wp-content\/uploads\/2018\/02\/poli.jpg?resize=300%2C171 300w\" sizes=\"auto, (max-width: 490px) 100vw, 490px\" \/><\/p>\n<p>247, por Esmael Morais &#8211; &#8220;O MBL prepara nova campanha: Escola de Samba sem partido! Os moleques creem que podem segurar a irrever\u00eancia do povo brasileiro! Crivella tentou&#8230;&#8221;, brincou o ex-ministro do Meio Ambiente Carlos Minc. N\u00e3o \u00e9 para menos. O Carnaval do Rio, deste 2018, j\u00e1 entrou para a Hist\u00f3ria como o mais politizado. Teve o &#8220;Temer Vampir\u00e3o&#8221; e cr\u00edticas ao prefeito do Rio Marcelo Crivella (PRP) que, em plena festa popular, viajou para a Europa.<!--more--><\/p>\n<p>&#8220;O Governo Crivella \u00e9 um bispo fundamentalista que ficou no Antigo Testamento. Duvido que conhe\u00e7a o Novo. N\u00e3o quis tocar no bast\u00e3o a ser entregue ao rei momo. Seria bruxaria para o seu tipo de cristianismo. Por que os cariocas foram escolher um cara que n\u00e3o tem nada a ver com o Rio?&#8221;, questionou o te\u00f3logo Leonardo Boff.<\/p>\n<p>O prefeito Crivella \u00e9 representado por boneco de Judas em desfile da Mangueira. A escola fez uma refer\u00eancia \u00e0 decis\u00e3o da Prefeitura de cortar a verba destinada \u00e0s escolas de samba. Uma heresia para uma cidade que respira Carnaval.<\/p>\n<p>O senador Rom\u00e1rio (PSB) afirmou que Crivella \u00e9 &#8220;um babaca, um merda&#8221; por se ausentar da Sapuca\u00ed.<\/p>\n<p>O fen\u00f4meno da politiza\u00e7\u00e3o do Carnaval do Rio tamb\u00e9m foi visto noutras partes do pa\u00eds. Em S\u00e3o Paulo, por exemplo, o cantor Zeca Pagodinho deu um chega-pra-l\u00e1 no tucano Jo\u00e3o Doria. O sambista se recusou posar para fotografias ao lado do prefake no camarote da Brahma. Foi um baf\u00e3o danado.<\/p>\n<p>Em Belo Horizonte (MG), foli\u00f5es trocaram as tradicionais marchinhas carnavalescas pelo &#8220;Volta, Lula&#8221; e em Olinda (PE) o grito de guerra, com direito \u00e0 transmiss\u00e3o ao vivo, era &#8220;Fora, Temer&#8221;.<\/p>\n<p>Agora, o desfile do Para\u00edso do Tuiuti \u2014 que retratou Michel Temer como o coisa ruim \u2014 foi irretoc\u00e1vel quanto \u00e0s den\u00fancias do golpe, da escravid\u00e3o advinda com a reforma trabalhista, dos manifestantes fantoches que vestiram a camisa da sele\u00e7\u00e3o brasileira, enfim, contempor\u00e2neo.<\/p>\n","protected":false},"excerpt":{"rendered":"<p>247, por Esmael Morais &#8211; &#8220;O MBL prepara nova campanha: Escola de Samba sem partido! Os moleques creem que podem segurar a irrever\u00eancia do povo brasileiro! Crivella tentou&#8230;&#8221;, brincou o ex-ministro do Meio Ambiente Carlos Minc. N\u00e3o \u00e9 para menos. O Carnaval do Rio, deste 2018, j\u00e1 entrou para a Hist\u00f3ria como o mais politizado&#8230;.<a class=\"more-link\" href=\"http:\/\/blogdalucianaoliveira.com.br\/blog\/2018\/02\/12\/carnaval-2018-e-o-mais-politizado-da-historia\/\">Continue a leitura <span class=\"meta-nav\">&raquo;<\/span><\/a><\/p>\n","protected":false},"author":1,"featured_media":0,"comment_status":"closed","ping_status":"open","sticky":false,"template":"","format":"standard","meta":{"_exactmetrics_skip_tracking":false,"_exactmetrics_sitenote_active":false,"_exactmetrics_sitenote_note":"","_exactmetrics_sitenote_category":0,"jetpack_post_was_ever_published":false,"_jetpack_newsletter_access":"","_jetpack_dont_email_post_to_subs":false,"_jetpack_newsletter_tier_id":0,"_jetpack_memberships_contains_paywalled_content":false,"_jetpack_memberships_contains_paid_content":false,"footnotes":"","jetpack_publicize_message":"","jetpack_publicize_feature_enabled":true,"jetpack_social_post_already_shared":true,"jetpack_social_options":{"image_generator_settings":{"template":"highway","enabled":false},"version":2}},"categories":[1],"tags":[],"class_list":["post-16545","post","type-post","status-publish","format-standard","hentry","category-notas"],"jetpack_publicize_connections":[],"jetpack_sharing_enabled":true,"jetpack_featured_media_url":"","jetpack_shortlink":"https:\/\/wp.me\/p7wKYW-4iR","jetpack-related-posts":[],"_links":{"self":[{"href":"http:\/\/blogdalucianaoliveira.com.br\/blog\/wp-json\/wp\/v2\/posts\/16545","targetHints":{"allow":["GET"]}}],"collection":[{"href":"http:\/\/blogdalucianaoliveira.com.br\/blog\/wp-json\/wp\/v2\/posts"}],"about":[{"href":"http:\/\/blogdalucianaoliveira.com.br\/blog\/wp-json\/wp\/v2\/types\/post"}],"author":[{"embeddable":true,"href":"http:\/\/blogdalucianaoliveira.com.br\/blog\/wp-json\/wp\/v2\/users\/1"}],"replies":[{"embeddable":true,"href":"http:\/\/blogdalucianaoliveira.com.br\/blog\/wp-json\/wp\/v2\/comments?post=16545"}],"version-history":[{"count":1,"href":"http:\/\/blogdalucianaoliveira.com.br\/blog\/wp-json\/wp\/v2\/posts\/16545\/revisions"}],"predecessor-version":[{"id":16547,"href":"http:\/\/blogdalucianaoliveira.com.br\/blog\/wp-json\/wp\/v2\/posts\/16545\/revisions\/16547"}],"wp:attachment":[{"href":"http:\/\/blogdalucianaoliveira.com.br\/blog\/wp-json\/wp\/v2\/media?parent=16545"}],"wp:term":[{"taxonomy":"category","embeddable":true,"href":"http:\/\/blogdalucianaoliveira.com.br\/blog\/wp-json\/wp\/v2\/categories?post=16545"},{"taxonomy":"post_tag","embeddable":true,"href":"http:\/\/blogdalucianaoliveira.com.br\/blog\/wp-json\/wp\/v2\/tags?post=16545"}],"curies":[{"name":"wp","href":"https:\/\/api.w.org\/{rel}","templated":true}]}}