{"id":16558,"date":"2018-02-13T12:58:22","date_gmt":"2018-02-13T16:58:22","guid":{"rendered":"http:\/\/blogdalucianaoliveira.com.br\/blog\/?p=16558"},"modified":"2018-02-13T13:01:29","modified_gmt":"2018-02-13T17:01:29","slug":"golpistas-foram-humilhados-no-carnaval","status":"publish","type":"post","link":"http:\/\/blogdalucianaoliveira.com.br\/blog\/2018\/02\/13\/golpistas-foram-humilhados-no-carnaval\/","title":{"rendered":"GOLPISTAS FORAM HUMILHADOS NO CARNAVAL"},"content":{"rendered":"<p><img data-recalc-dims=\"1\" loading=\"lazy\" decoding=\"async\" data-attachment-id=\"16559\" data-permalink=\"http:\/\/blogdalucianaoliveira.com.br\/blog\/2018\/02\/13\/golpistas-foram-humilhados-no-carnaval\/prot-2\/\" data-orig-file=\"https:\/\/i0.wp.com\/blogdalucianaoliveira.com.br\/blog\/wp-content\/uploads\/2018\/02\/prot.jpg?fit=1000%2C357\" data-orig-size=\"1000,357\" data-comments-opened=\"0\" data-image-meta=\"{&quot;aperture&quot;:&quot;0&quot;,&quot;credit&quot;:&quot;&quot;,&quot;camera&quot;:&quot;&quot;,&quot;caption&quot;:&quot;&quot;,&quot;created_timestamp&quot;:&quot;0&quot;,&quot;copyright&quot;:&quot;&quot;,&quot;focal_length&quot;:&quot;0&quot;,&quot;iso&quot;:&quot;0&quot;,&quot;shutter_speed&quot;:&quot;0&quot;,&quot;title&quot;:&quot;&quot;,&quot;orientation&quot;:&quot;0&quot;}\" data-image-title=\"prot\" data-image-description=\"\" data-image-caption=\"\" data-medium-file=\"https:\/\/i0.wp.com\/blogdalucianaoliveira.com.br\/blog\/wp-content\/uploads\/2018\/02\/prot.jpg?fit=300%2C107\" data-large-file=\"https:\/\/i0.wp.com\/blogdalucianaoliveira.com.br\/blog\/wp-content\/uploads\/2018\/02\/prot.jpg?fit=600%2C214\" src=\"https:\/\/i0.wp.com\/blogdalucianaoliveira.com.br\/blog\/wp-content\/uploads\/2018\/02\/prot.jpg?resize=600%2C214\" alt=\"prot\" width=\"600\" height=\"214\" class=\"alignnone size-full wp-image-16559\" srcset=\"https:\/\/i0.wp.com\/blogdalucianaoliveira.com.br\/blog\/wp-content\/uploads\/2018\/02\/prot.jpg?w=1000 1000w, https:\/\/i0.wp.com\/blogdalucianaoliveira.com.br\/blog\/wp-content\/uploads\/2018\/02\/prot.jpg?resize=300%2C107 300w, https:\/\/i0.wp.com\/blogdalucianaoliveira.com.br\/blog\/wp-content\/uploads\/2018\/02\/prot.jpg?resize=768%2C274 768w, https:\/\/i0.wp.com\/blogdalucianaoliveira.com.br\/blog\/wp-content\/uploads\/2018\/02\/prot.jpg?resize=800%2C286 800w\" sizes=\"auto, (max-width: 600px) 100vw, 600px\" \/><\/p>\n<p>Ao contr\u00e1rio do que esperavam os poderosos aliados e a manipul\u00e1vel torcida popular do golpe que derrubou um governo leg\u00edtimo, nada de ruim foi esquecido por conta da folia momesca.<br \/>\nNa mais intensa manifesta\u00e7\u00e3o cultural do pa\u00eds os golpistas foram humilhados.<\/p>\n<p>A est\u00f3ria contada pela grande m\u00eddia nos \u00faltimos tr\u00eas anos foi passada a limpo nas ruas de v\u00e1rias cidades e na maior vitrine do carnaval brasileiro.<!--more--><\/p>\n<p><img data-recalc-dims=\"1\" loading=\"lazy\" decoding=\"async\" data-attachment-id=\"16556\" data-permalink=\"http:\/\/blogdalucianaoliveira.com.br\/blog\/2018\/02\/13\/em-68-globo-fez-com-vandre-o-que-faz-hoje-com-tuiti\/des-2\/\" data-orig-file=\"https:\/\/i0.wp.com\/blogdalucianaoliveira.com.br\/blog\/wp-content\/uploads\/2018\/02\/des.jpg?fit=1600%2C800\" data-orig-size=\"1600,800\" data-comments-opened=\"0\" data-image-meta=\"{&quot;aperture&quot;:&quot;0&quot;,&quot;credit&quot;:&quot;&quot;,&quot;camera&quot;:&quot;&quot;,&quot;caption&quot;:&quot;&quot;,&quot;created_timestamp&quot;:&quot;0&quot;,&quot;copyright&quot;:&quot;&quot;,&quot;focal_length&quot;:&quot;0&quot;,&quot;iso&quot;:&quot;0&quot;,&quot;shutter_speed&quot;:&quot;0&quot;,&quot;title&quot;:&quot;&quot;,&quot;orientation&quot;:&quot;0&quot;}\" data-image-title=\"des\" data-image-description=\"\" data-image-caption=\"\" data-medium-file=\"https:\/\/i0.wp.com\/blogdalucianaoliveira.com.br\/blog\/wp-content\/uploads\/2018\/02\/des.jpg?fit=300%2C150\" data-large-file=\"https:\/\/i0.wp.com\/blogdalucianaoliveira.com.br\/blog\/wp-content\/uploads\/2018\/02\/des.jpg?fit=600%2C300\" src=\"https:\/\/i0.wp.com\/blogdalucianaoliveira.com.br\/blog\/wp-content\/uploads\/2018\/02\/des.jpg?resize=600%2C300\" alt=\"des\" width=\"600\" height=\"300\" class=\"alignnone size-full wp-image-16556\" srcset=\"https:\/\/i0.wp.com\/blogdalucianaoliveira.com.br\/blog\/wp-content\/uploads\/2018\/02\/des.jpg?w=1600 1600w, https:\/\/i0.wp.com\/blogdalucianaoliveira.com.br\/blog\/wp-content\/uploads\/2018\/02\/des.jpg?resize=300%2C150 300w, https:\/\/i0.wp.com\/blogdalucianaoliveira.com.br\/blog\/wp-content\/uploads\/2018\/02\/des.jpg?resize=768%2C384 768w, https:\/\/i0.wp.com\/blogdalucianaoliveira.com.br\/blog\/wp-content\/uploads\/2018\/02\/des.jpg?resize=1024%2C512 1024w, https:\/\/i0.wp.com\/blogdalucianaoliveira.com.br\/blog\/wp-content\/uploads\/2018\/02\/des.jpg?resize=600%2C300 600w, https:\/\/i0.wp.com\/blogdalucianaoliveira.com.br\/blog\/wp-content\/uploads\/2018\/02\/des.jpg?w=1200 1200w\" sizes=\"auto, (max-width: 600px) 100vw, 600px\" \/><\/p>\n<p>Michel Temer amarga um vexame de repercuss\u00e3o internacional por ser retratado como o vampiro que sugou direitos de todos e a consci\u00eancia de uma parcela da popula\u00e7\u00e3o sobre o que \u00e9 certo e errado, bom e ruim no contexto de uma na\u00e7\u00e3o.<\/p>\n<p>O desfile da Para\u00edso do Tuiuti na Marqu\u00eas de Sapuca\u00ed lavou a alma dos que n\u00e3o embarcaram no golpe \u00e0 democracia em 2016. <\/p>\n<p>Quem lutou por um Brasil para todos se sentiu vingado com a ridiculariza\u00e7\u00e3o de quem lutou por um Brasil para poucos.<\/p>\n<p>A ala dos \u2018manifantoches\u2019 da FIESPE foi um recado para que o mundo n\u00e3o me\u00e7a os brasileiros com uma s\u00f3 r\u00e9gua.<\/p>\n<p><img data-recalc-dims=\"1\" loading=\"lazy\" decoding=\"async\" data-attachment-id=\"16551\" data-permalink=\"http:\/\/blogdalucianaoliveira.com.br\/blog\/2018\/02\/13\/tuiuti-ja-ganhou\/6b33608c-72ea-48fa-a52d-16a2dfebfcf2\/\" data-orig-file=\"https:\/\/i0.wp.com\/blogdalucianaoliveira.com.br\/blog\/wp-content\/uploads\/2018\/02\/6B33608C-72EA-48FA-A52D-16A2DFEBFCF2.jpeg?fit=744%2C387\" data-orig-size=\"744,387\" data-comments-opened=\"0\" data-image-meta=\"{&quot;aperture&quot;:&quot;0&quot;,&quot;credit&quot;:&quot;&quot;,&quot;camera&quot;:&quot;&quot;,&quot;caption&quot;:&quot;&quot;,&quot;created_timestamp&quot;:&quot;0&quot;,&quot;copyright&quot;:&quot;&quot;,&quot;focal_length&quot;:&quot;0&quot;,&quot;iso&quot;:&quot;0&quot;,&quot;shutter_speed&quot;:&quot;0&quot;,&quot;title&quot;:&quot;&quot;,&quot;orientation&quot;:&quot;1&quot;}\" data-image-title=\"6B33608C-72EA-48FA-A52D-16A2DFEBFCF2\" data-image-description=\"\" data-image-caption=\"\" data-medium-file=\"https:\/\/i0.wp.com\/blogdalucianaoliveira.com.br\/blog\/wp-content\/uploads\/2018\/02\/6B33608C-72EA-48FA-A52D-16A2DFEBFCF2.jpeg?fit=300%2C156\" data-large-file=\"https:\/\/i0.wp.com\/blogdalucianaoliveira.com.br\/blog\/wp-content\/uploads\/2018\/02\/6B33608C-72EA-48FA-A52D-16A2DFEBFCF2.jpeg?fit=600%2C312\" src=\"https:\/\/i0.wp.com\/blogdalucianaoliveira.com.br\/blog\/wp-content\/uploads\/2018\/02\/6B33608C-72EA-48FA-A52D-16A2DFEBFCF2.jpeg?resize=600%2C312\" alt=\"6B33608C-72EA-48FA-A52D-16A2DFEBFCF2\" width=\"600\" height=\"312\" class=\"alignnone size-full wp-image-16551\" srcset=\"https:\/\/i0.wp.com\/blogdalucianaoliveira.com.br\/blog\/wp-content\/uploads\/2018\/02\/6B33608C-72EA-48FA-A52D-16A2DFEBFCF2.jpeg?w=744 744w, https:\/\/i0.wp.com\/blogdalucianaoliveira.com.br\/blog\/wp-content\/uploads\/2018\/02\/6B33608C-72EA-48FA-A52D-16A2DFEBFCF2.jpeg?resize=300%2C156 300w, https:\/\/i0.wp.com\/blogdalucianaoliveira.com.br\/blog\/wp-content\/uploads\/2018\/02\/6B33608C-72EA-48FA-A52D-16A2DFEBFCF2.jpeg?resize=577%2C300 577w\" sizes=\"auto, (max-width: 600px) 100vw, 600px\" \/><\/p>\n<p>A vassalagem dos manipulados pelo maior conglomerado de comunica\u00e7\u00e3o foi denunciada na avenida, em ruas, pra\u00e7as, na internet e at\u00e9 nos programas da Rede Globo.<\/p>\n<div class=\"jetpack-video-wrapper\"><span class=\"embed-youtube\" style=\"text-align:center; display: block;\"><iframe loading=\"lazy\" class=\"youtube-player\" width=\"600\" height=\"338\" src=\"https:\/\/www.youtube.com\/embed\/LO4ew2ckmTY?version=3&#038;rel=1&#038;showsearch=0&#038;showinfo=1&#038;iv_load_policy=1&#038;fs=1&#038;hl=pt-BR&#038;autohide=2&#038;wmode=transparent\" allowfullscreen=\"true\" style=\"border:0;\" sandbox=\"allow-scripts allow-same-origin allow-popups allow-presentation allow-popups-to-escape-sandbox\"><\/iframe><\/span><\/div>\n<p>\u00c9 da Globo o t\u00edtulo de mais antip\u00e1tica no carnaval de rua.<\/p>\n<p><iframe loading=\"lazy\" src=\"https:\/\/www.facebook.com\/plugins\/video.php?href=https%3A%2F%2Fwww.facebook.com%2FMidiaNINJA%2Fvideos%2F1079331068891704%2F&#038;show_text=0&#038;width=476\" width=\"476\" height=\"476\" style=\"border:none;overflow:hidden\" scrolling=\"no\" frameborder=\"0\" allowTransparency=\"true\" allowFullScreen=\"true\"><\/iframe><\/p>\n<p>A cobertura ao vivo implodiu a mentira de que h\u00e1 normalidade no \u00e2mbito institucional e no cotidiano dos brasileiros.<\/p>\n<p>Dois coros romperam a blindagem da Rede Globo \u00e0s massas: \u201cFora Temer\u201d e \u201cOl\u00ea, Ol\u00ea, Ol\u00e1, Lula!\u201d.<\/p>\n<p><iframe loading=\"lazy\" src=\"https:\/\/www.facebook.com\/plugins\/video.php?href=https%3A%2F%2Fwww.facebook.com%2Fjornalistaslivres%2Fvideos%2F689954064461807%2F&#038;show_text=0&#038;width=560\" width=\"560\" height=\"323\" style=\"border:none;overflow:hidden\" scrolling=\"no\" frameborder=\"0\" allowTransparency=\"true\" allowFullScreen=\"true\"><\/iframe><\/p>\n<p>A cada um o que \u00e9 de seu merecimento, afinal, um construiu um novo pa\u00eds e deixou o governo com 80% de aprova\u00e7\u00e3o e o outro o destruiu em menos de dois anos com a mais alta rejei\u00e7\u00e3o popular.<br \/>\nSoou un\u00edssono nas ruas e at\u00e9 no sil\u00eancio dos covardes: n\u00e3o temos que manter isso, viu?<\/p>\n<p>A Beija-flor de Nil\u00f3polis encerrou seu desfile com a multid\u00e3o em passeata contra o retrocesso no combate \u00e0 desigualdade social. <\/p>\n<p>A escola mostrou que a sociedade que \u00e9 conivente com a concentra\u00e7\u00e3o de riqueza e \u00f3dio aos mais pobres se torna v\u00edtima da indiferen\u00e7a.<\/p>\n<p><iframe loading=\"lazy\" src=\"https:\/\/www.facebook.com\/plugins\/video.php?href=https%3A%2F%2Fwww.facebook.com%2Fachilles.fernandes.3%2Fvideos%2F10214034674833601%2F&#038;show_text=0&#038;width=560\" width=\"560\" height=\"315\" style=\"border:none;overflow:hidden\" scrolling=\"no\" frameborder=\"0\" allowTransparency=\"true\" allowFullScreen=\"true\"><\/iframe><\/p>\n<p>Foi sem d\u00favida, uma mensagem de protesto ainda mais emblem\u00e1tica que a da Tuituti neste carnaval.<\/p>\n<p>Os que n\u00e3o sabem amar e n\u00e3o se preocupam com justi\u00e7a social podem aprender, alertou a beija-flor no samba-enredo. <\/p>\n<p>\u201cMeu canto \u00e9 resist\u00eancia<br \/>\nNo ecoar de um tambor<br \/>\nV\u00eam ver brilhar<br \/>\nMais um menino que voc\u00ea abandonou<br \/>\nOh p\u00e1tria amada, por onde andar\u00e1s?<br \/>\nSeus filhos j\u00e1 n\u00e3o aguentam mais!<br \/>\nVoc\u00ea que n\u00e3o soube cuidar<br \/>\nVoc\u00ea que negou o amor<br \/>\nVem aprender na beija-flor.\u201d<\/p>\n<p>Apesar do azedume nas duras cr\u00edticas sociais neste carnaval, o sentimento de amor \u00e0 p\u00e1tria reacendeu.<\/p>\n<p>Tanto, que n\u00e3o se ouviu sequer em um beco lamacento o coro da torcida do \u00f3dio, dos manifantoches de Jair Bolsonaro. <\/p>\n<p>O monstro que sonha com a presid\u00eancia da rep\u00fablica, o porta-estandarte do preconceito e porta-voz da barb\u00e1rie foi submetido \u00e0 invisibilidade.<\/p>\n<p>E para que n\u00e3o virem protesto e piada no pr\u00f3ximo carnaval, fica o alerta \u00e0 torcida do monstro.<\/p>\n<p>O amor vencer\u00e1 o \u00f3dio.<\/p>\n","protected":false},"excerpt":{"rendered":"<p>Ao contr\u00e1rio do que esperavam os poderosos aliados e a manipul\u00e1vel torcida popular do golpe que derrubou um governo leg\u00edtimo, nada de ruim foi esquecido por conta da folia momesca. Na mais intensa manifesta\u00e7\u00e3o cultural do pa\u00eds os golpistas foram humilhados. A est\u00f3ria contada pela grande m\u00eddia nos \u00faltimos tr\u00eas anos foi passada a limpo&#8230;<a class=\"more-link\" href=\"http:\/\/blogdalucianaoliveira.com.br\/blog\/2018\/02\/13\/golpistas-foram-humilhados-no-carnaval\/\">Continue a leitura <span class=\"meta-nav\">&raquo;<\/span><\/a><\/p>\n","protected":false},"author":1,"featured_media":0,"comment_status":"closed","ping_status":"open","sticky":false,"template":"","format":"standard","meta":{"_exactmetrics_skip_tracking":false,"_exactmetrics_sitenote_active":false,"_exactmetrics_sitenote_note":"","_exactmetrics_sitenote_category":0,"jetpack_post_was_ever_published":false,"_jetpack_newsletter_access":"","_jetpack_dont_email_post_to_subs":false,"_jetpack_newsletter_tier_id":0,"_jetpack_memberships_contains_paywalled_content":false,"_jetpack_memberships_contains_paid_content":false,"footnotes":"","jetpack_publicize_message":"","jetpack_publicize_feature_enabled":true,"jetpack_social_post_already_shared":true,"jetpack_social_options":{"image_generator_settings":{"template":"highway","enabled":false},"version":2}},"categories":[1],"tags":[],"class_list":["post-16558","post","type-post","status-publish","format-standard","hentry","category-notas"],"jetpack_publicize_connections":[],"jetpack_sharing_enabled":true,"jetpack_featured_media_url":"","jetpack_shortlink":"https:\/\/wp.me\/p7wKYW-4j4","jetpack-related-posts":[],"_links":{"self":[{"href":"http:\/\/blogdalucianaoliveira.com.br\/blog\/wp-json\/wp\/v2\/posts\/16558","targetHints":{"allow":["GET"]}}],"collection":[{"href":"http:\/\/blogdalucianaoliveira.com.br\/blog\/wp-json\/wp\/v2\/posts"}],"about":[{"href":"http:\/\/blogdalucianaoliveira.com.br\/blog\/wp-json\/wp\/v2\/types\/post"}],"author":[{"embeddable":true,"href":"http:\/\/blogdalucianaoliveira.com.br\/blog\/wp-json\/wp\/v2\/users\/1"}],"replies":[{"embeddable":true,"href":"http:\/\/blogdalucianaoliveira.com.br\/blog\/wp-json\/wp\/v2\/comments?post=16558"}],"version-history":[{"count":3,"href":"http:\/\/blogdalucianaoliveira.com.br\/blog\/wp-json\/wp\/v2\/posts\/16558\/revisions"}],"predecessor-version":[{"id":16562,"href":"http:\/\/blogdalucianaoliveira.com.br\/blog\/wp-json\/wp\/v2\/posts\/16558\/revisions\/16562"}],"wp:attachment":[{"href":"http:\/\/blogdalucianaoliveira.com.br\/blog\/wp-json\/wp\/v2\/media?parent=16558"}],"wp:term":[{"taxonomy":"category","embeddable":true,"href":"http:\/\/blogdalucianaoliveira.com.br\/blog\/wp-json\/wp\/v2\/categories?post=16558"},{"taxonomy":"post_tag","embeddable":true,"href":"http:\/\/blogdalucianaoliveira.com.br\/blog\/wp-json\/wp\/v2\/tags?post=16558"}],"curies":[{"name":"wp","href":"https:\/\/api.w.org\/{rel}","templated":true}]}}