{"id":16576,"date":"2018-02-14T13:16:42","date_gmt":"2018-02-14T17:16:42","guid":{"rendered":"http:\/\/blogdalucianaoliveira.com.br\/blog\/?p=16576"},"modified":"2018-02-14T13:31:11","modified_gmt":"2018-02-14T17:31:11","slug":"prefeito-faz-o-melhor-carnaval-dos-ultimos-anos-e-se-entoca","status":"publish","type":"post","link":"http:\/\/blogdalucianaoliveira.com.br\/blog\/2018\/02\/14\/prefeito-faz-o-melhor-carnaval-dos-ultimos-anos-e-se-entoca\/","title":{"rendered":"PREFEITO FAZ O MELHOR CARNAVAL DOS \u00daLTIMOS ANOS E SE ENTOCA"},"content":{"rendered":"<p><img data-recalc-dims=\"1\" loading=\"lazy\" decoding=\"async\" data-attachment-id=\"16577\" data-permalink=\"http:\/\/blogdalucianaoliveira.com.br\/blog\/2018\/02\/14\/prefeito-faz-o-melhor-carnaval-dos-ultimos-anos-e-se-entoca\/car-2\/\" data-orig-file=\"https:\/\/i0.wp.com\/blogdalucianaoliveira.com.br\/blog\/wp-content\/uploads\/2018\/02\/car.jpg?fit=640%2C640\" data-orig-size=\"640,640\" data-comments-opened=\"0\" data-image-meta=\"{&quot;aperture&quot;:&quot;0&quot;,&quot;credit&quot;:&quot;&quot;,&quot;camera&quot;:&quot;&quot;,&quot;caption&quot;:&quot;&quot;,&quot;created_timestamp&quot;:&quot;0&quot;,&quot;copyright&quot;:&quot;&quot;,&quot;focal_length&quot;:&quot;0&quot;,&quot;iso&quot;:&quot;0&quot;,&quot;shutter_speed&quot;:&quot;0&quot;,&quot;title&quot;:&quot;&quot;,&quot;orientation&quot;:&quot;0&quot;}\" data-image-title=\"car\" data-image-description=\"\" data-image-caption=\"\" data-medium-file=\"https:\/\/i0.wp.com\/blogdalucianaoliveira.com.br\/blog\/wp-content\/uploads\/2018\/02\/car.jpg?fit=300%2C300\" data-large-file=\"https:\/\/i0.wp.com\/blogdalucianaoliveira.com.br\/blog\/wp-content\/uploads\/2018\/02\/car.jpg?fit=600%2C600\" src=\"https:\/\/i0.wp.com\/blogdalucianaoliveira.com.br\/blog\/wp-content\/uploads\/2018\/02\/car.jpg?resize=600%2C600\" alt=\"car\" width=\"600\" height=\"600\" class=\"alignnone size-full wp-image-16577\" srcset=\"https:\/\/i0.wp.com\/blogdalucianaoliveira.com.br\/blog\/wp-content\/uploads\/2018\/02\/car.jpg?w=640 640w, https:\/\/i0.wp.com\/blogdalucianaoliveira.com.br\/blog\/wp-content\/uploads\/2018\/02\/car.jpg?resize=150%2C150 150w, https:\/\/i0.wp.com\/blogdalucianaoliveira.com.br\/blog\/wp-content\/uploads\/2018\/02\/car.jpg?resize=300%2C300 300w\" sizes=\"auto, (max-width: 600px) 100vw, 600px\" \/><\/p>\n<p>O carnaval de rua est\u00e1 no fim e lamento n\u00e3o ter enviado pessoalmente o convite ao prefeito para o desfile do Bloco Pirarucu do Madeira com um RVSP, express\u00e3o francesa que significa &#8220;Responda por favor&#8221;.<!--more--><\/p>\n<p>O bloco que dirijo junto com o fundador Ernande Segismundo, completou 25 anos e fez um primoroso e inesquec\u00edvel desfile, como tantos que contaram com o apoio da prefeitura atrav\u00e9s da equipe da Funda\u00e7\u00e3o Cultural.<\/p>\n<p>Ningu\u00e9m pegou em dinheiro, mas a prefeitura arcou com a banda, trios, grades e banheiros qu\u00edmicos dos blocos \u2013 uns com mais e outros com menos &#8211; que fizeram deste o melhor carnaval de rua dos \u00faltimos anos.<\/p>\n<p>H\u00e1 um ano a gest\u00e3o de Hildon Chaves s\u00f3 recebeu cr\u00edticas na folia momesca. Minhas, dur\u00edssimas.<\/p>\n<p>Por honestidade, agora fiz quest\u00e3o de agradecer o apoio. <\/p>\n<p>Apesar do planejamento e acompanhamento ser da Funcultural, houve vontade pol\u00edtica para ampliar e diversificar a agenda de carnaval.<\/p>\n<p>Teve folia em todas as regi\u00f5es da cidade, democr\u00e1ticas e variadas.<\/p>\n<p>Um ponto forte foi a sensibilidade do secret\u00e1rio de Cultura em promover repert\u00f3rios tradicionais.<\/p>\n<p>As crian\u00e7as ganharam um evento que lotou o Mercado Cultural e \u00e0 unanimidade recebeu elogios.<\/p>\n<p><img data-recalc-dims=\"1\" loading=\"lazy\" decoding=\"async\" data-attachment-id=\"16578\" data-permalink=\"http:\/\/blogdalucianaoliveira.com.br\/blog\/2018\/02\/14\/prefeito-faz-o-melhor-carnaval-dos-ultimos-anos-e-se-entoca\/mir\/\" data-orig-file=\"https:\/\/i0.wp.com\/blogdalucianaoliveira.com.br\/blog\/wp-content\/uploads\/2018\/02\/mir.jpg?fit=960%2C836\" data-orig-size=\"960,836\" data-comments-opened=\"0\" data-image-meta=\"{&quot;aperture&quot;:&quot;0&quot;,&quot;credit&quot;:&quot;&quot;,&quot;camera&quot;:&quot;&quot;,&quot;caption&quot;:&quot;&quot;,&quot;created_timestamp&quot;:&quot;0&quot;,&quot;copyright&quot;:&quot;&quot;,&quot;focal_length&quot;:&quot;0&quot;,&quot;iso&quot;:&quot;0&quot;,&quot;shutter_speed&quot;:&quot;0&quot;,&quot;title&quot;:&quot;&quot;,&quot;orientation&quot;:&quot;0&quot;}\" data-image-title=\"mir\" data-image-description=\"\" data-image-caption=\"\" data-medium-file=\"https:\/\/i0.wp.com\/blogdalucianaoliveira.com.br\/blog\/wp-content\/uploads\/2018\/02\/mir.jpg?fit=300%2C261\" data-large-file=\"https:\/\/i0.wp.com\/blogdalucianaoliveira.com.br\/blog\/wp-content\/uploads\/2018\/02\/mir.jpg?fit=600%2C523\" src=\"https:\/\/i0.wp.com\/blogdalucianaoliveira.com.br\/blog\/wp-content\/uploads\/2018\/02\/mir.jpg?resize=600%2C523\" alt=\"mir\" width=\"600\" height=\"523\" class=\"alignnone size-full wp-image-16578\" srcset=\"https:\/\/i0.wp.com\/blogdalucianaoliveira.com.br\/blog\/wp-content\/uploads\/2018\/02\/mir.jpg?w=960 960w, https:\/\/i0.wp.com\/blogdalucianaoliveira.com.br\/blog\/wp-content\/uploads\/2018\/02\/mir.jpg?resize=300%2C261 300w, https:\/\/i0.wp.com\/blogdalucianaoliveira.com.br\/blog\/wp-content\/uploads\/2018\/02\/mir.jpg?resize=768%2C669 768w, https:\/\/i0.wp.com\/blogdalucianaoliveira.com.br\/blog\/wp-content\/uploads\/2018\/02\/mir.jpg?resize=344%2C300 344w\" sizes=\"auto, (max-width: 600px) 100vw, 600px\" \/><\/p>\n<p>S\u00f3 pela agenda oficial, 18 blocos desfilaram nas ruas da capital e outros tantos alheios \u00e0 burocracia.<\/p>\n<p>Foi um per\u00edodo f\u00e9rtil de produ\u00e7\u00e3o de m\u00fasicas, adere\u00e7os, coreografias e fantasias.<\/p>\n<p>N\u00e3o sei quanto, mas circulou dinheiro na cidade.<\/p>\n<p>Os ambulantes garantiram uma grana que vinha pingando em conta-gotas.<\/p>\n<p>Al\u00e9m disso, foi um carnaval de paz.<\/p>\n<p>O maior bloco da regi\u00e3o Norte, a Banda do Vai Quem Quer, arrastou seus milhares de foli\u00f5es sem registrar incidente.<\/p>\n<p><img data-recalc-dims=\"1\" loading=\"lazy\" decoding=\"async\" data-attachment-id=\"16580\" data-permalink=\"http:\/\/blogdalucianaoliveira.com.br\/blog\/2018\/02\/14\/prefeito-faz-o-melhor-carnaval-dos-ultimos-anos-e-se-entoca\/bv\/\" data-orig-file=\"https:\/\/i0.wp.com\/blogdalucianaoliveira.com.br\/blog\/wp-content\/uploads\/2018\/02\/bv.jpg?fit=960%2C540\" data-orig-size=\"960,540\" data-comments-opened=\"0\" data-image-meta=\"{&quot;aperture&quot;:&quot;0&quot;,&quot;credit&quot;:&quot;&quot;,&quot;camera&quot;:&quot;&quot;,&quot;caption&quot;:&quot;&quot;,&quot;created_timestamp&quot;:&quot;0&quot;,&quot;copyright&quot;:&quot;&quot;,&quot;focal_length&quot;:&quot;0&quot;,&quot;iso&quot;:&quot;0&quot;,&quot;shutter_speed&quot;:&quot;0&quot;,&quot;title&quot;:&quot;&quot;,&quot;orientation&quot;:&quot;0&quot;}\" data-image-title=\"bv\" data-image-description=\"\" data-image-caption=\"\" data-medium-file=\"https:\/\/i0.wp.com\/blogdalucianaoliveira.com.br\/blog\/wp-content\/uploads\/2018\/02\/bv.jpg?fit=300%2C169\" data-large-file=\"https:\/\/i0.wp.com\/blogdalucianaoliveira.com.br\/blog\/wp-content\/uploads\/2018\/02\/bv.jpg?fit=600%2C338\" src=\"https:\/\/i0.wp.com\/blogdalucianaoliveira.com.br\/blog\/wp-content\/uploads\/2018\/02\/bv.jpg?resize=600%2C338\" alt=\"bv\" width=\"600\" height=\"338\" class=\"alignnone size-full wp-image-16580\" srcset=\"https:\/\/i0.wp.com\/blogdalucianaoliveira.com.br\/blog\/wp-content\/uploads\/2018\/02\/bv.jpg?w=960 960w, https:\/\/i0.wp.com\/blogdalucianaoliveira.com.br\/blog\/wp-content\/uploads\/2018\/02\/bv.jpg?resize=300%2C169 300w, https:\/\/i0.wp.com\/blogdalucianaoliveira.com.br\/blog\/wp-content\/uploads\/2018\/02\/bv.jpg?resize=768%2C432 768w, https:\/\/i0.wp.com\/blogdalucianaoliveira.com.br\/blog\/wp-content\/uploads\/2018\/02\/bv.jpg?resize=533%2C300 533w\" sizes=\"auto, (max-width: 600px) 100vw, 600px\" \/><\/p>\n<p>Passada a festa, todos cochicham pelos cantos: por que o prefeito estando na cidade n\u00e3o foi cumprimentar seu povo?<\/p>\n<p>Hildon acompanhou pela internet e televis\u00e3o a maravilhosa festa que garantiu.<\/p>\n<p>Falam em medo de vaias por conta da gest\u00e3o que se sustenta em banhado. O entra e sai de secret\u00e1rios, um por m\u00eas desde que assumiu, inspira desconfian\u00e7a e queixas.<\/p>\n<p>N\u00e3o creio que seria hostilizado e sendo, que enfrentasse o \u00f4nus de ser prefeito. S\u00f3 desfrutar do b\u00f4nus, \u00e9 imposs\u00edvel.<\/p>\n<p>Perdeu a chance de faturar politicamente e ainda \u00e9 visto como medroso.<\/p>\n<p>Gosto de repetir que quando uma prefeitura n\u00e3o promove a maior manifesta\u00e7\u00e3o cultural do pa\u00eds, mil se revoltam. Mas, quando realiza um bom carnaval, centenas de milhares elogiam.<\/p>\n<p>Acho que o prefeito cometeu um grande erro ao se ausentar da festa popular.<\/p>\n<p>Em capitais com o vigor do nosso carnaval de rua, nenhum prefeito deixa de comparecer.<\/p>\n<p>Quem merecidamente colheu aplausos foi o secret\u00e1rio e a sua equipe da Funcultural, at\u00e9 aqui alvo s\u00f3 de cr\u00edticas e \u2018fogo-amigo\u2019 na gest\u00e3o.<\/p>\n<p><img data-recalc-dims=\"1\" loading=\"lazy\" decoding=\"async\" data-attachment-id=\"16579\" data-permalink=\"http:\/\/blogdalucianaoliveira.com.br\/blog\/2018\/02\/14\/prefeito-faz-o-melhor-carnaval-dos-ultimos-anos-e-se-entoca\/oc\/\" data-orig-file=\"https:\/\/i0.wp.com\/blogdalucianaoliveira.com.br\/blog\/wp-content\/uploads\/2018\/02\/oc.jpg?fit=960%2C720\" data-orig-size=\"960,720\" data-comments-opened=\"0\" data-image-meta=\"{&quot;aperture&quot;:&quot;0&quot;,&quot;credit&quot;:&quot;&quot;,&quot;camera&quot;:&quot;&quot;,&quot;caption&quot;:&quot;&quot;,&quot;created_timestamp&quot;:&quot;0&quot;,&quot;copyright&quot;:&quot;&quot;,&quot;focal_length&quot;:&quot;0&quot;,&quot;iso&quot;:&quot;0&quot;,&quot;shutter_speed&quot;:&quot;0&quot;,&quot;title&quot;:&quot;&quot;,&quot;orientation&quot;:&quot;0&quot;}\" data-image-title=\"oc\" data-image-description=\"\" data-image-caption=\"\" data-medium-file=\"https:\/\/i0.wp.com\/blogdalucianaoliveira.com.br\/blog\/wp-content\/uploads\/2018\/02\/oc.jpg?fit=300%2C225\" data-large-file=\"https:\/\/i0.wp.com\/blogdalucianaoliveira.com.br\/blog\/wp-content\/uploads\/2018\/02\/oc.jpg?fit=600%2C450\" src=\"https:\/\/i0.wp.com\/blogdalucianaoliveira.com.br\/blog\/wp-content\/uploads\/2018\/02\/oc.jpg?resize=600%2C450\" alt=\"oc\" width=\"600\" height=\"450\" class=\"alignnone size-full wp-image-16579\" srcset=\"https:\/\/i0.wp.com\/blogdalucianaoliveira.com.br\/blog\/wp-content\/uploads\/2018\/02\/oc.jpg?w=960 960w, https:\/\/i0.wp.com\/blogdalucianaoliveira.com.br\/blog\/wp-content\/uploads\/2018\/02\/oc.jpg?resize=300%2C225 300w, https:\/\/i0.wp.com\/blogdalucianaoliveira.com.br\/blog\/wp-content\/uploads\/2018\/02\/oc.jpg?resize=768%2C576 768w, https:\/\/i0.wp.com\/blogdalucianaoliveira.com.br\/blog\/wp-content\/uploads\/2018\/02\/oc.jpg?resize=400%2C300 400w\" sizes=\"auto, (max-width: 600px) 100vw, 600px\" \/><\/p>\n<p>Ocampo Fernandes lavou a alma e provou entender que o di\u00e1logo \u00e9 a \u00fanica via poss\u00edvel de verdadeiramente fomentar a cultura popular.<\/p>\n<p>Que ele estenda ao prefeito os parab\u00e9ns pela vontade pol\u00edtica e a queixa pela aus\u00eancia.<\/p>\n<p>O povo esperou o aplauso do prefeito em folias que reuniram elementos considerados um patrim\u00f4nio imaterial cultural do Brasil.<\/p>\n<p>Foi bonita a festa, p\u00e1!<\/p>\n","protected":false},"excerpt":{"rendered":"<p>O carnaval de rua est\u00e1 no fim e lamento n\u00e3o ter enviado pessoalmente o convite ao prefeito para o desfile do Bloco Pirarucu do Madeira com um RVSP, express\u00e3o francesa que significa &#8220;Responda por favor&#8221;.<\/p>\n","protected":false},"author":1,"featured_media":0,"comment_status":"closed","ping_status":"open","sticky":false,"template":"","format":"standard","meta":{"_exactmetrics_skip_tracking":false,"_exactmetrics_sitenote_active":false,"_exactmetrics_sitenote_note":"","_exactmetrics_sitenote_category":0,"jetpack_post_was_ever_published":false,"_jetpack_newsletter_access":"","_jetpack_dont_email_post_to_subs":false,"_jetpack_newsletter_tier_id":0,"_jetpack_memberships_contains_paywalled_content":false,"_jetpack_memberships_contains_paid_content":false,"footnotes":"","jetpack_publicize_message":"","jetpack_publicize_feature_enabled":true,"jetpack_social_post_already_shared":true,"jetpack_social_options":{"image_generator_settings":{"template":"highway","enabled":false},"version":2}},"categories":[1],"tags":[],"class_list":["post-16576","post","type-post","status-publish","format-standard","hentry","category-notas"],"jetpack_publicize_connections":[],"jetpack_sharing_enabled":true,"jetpack_featured_media_url":"","jetpack_shortlink":"https:\/\/wp.me\/p7wKYW-4jm","jetpack-related-posts":[],"_links":{"self":[{"href":"http:\/\/blogdalucianaoliveira.com.br\/blog\/wp-json\/wp\/v2\/posts\/16576","targetHints":{"allow":["GET"]}}],"collection":[{"href":"http:\/\/blogdalucianaoliveira.com.br\/blog\/wp-json\/wp\/v2\/posts"}],"about":[{"href":"http:\/\/blogdalucianaoliveira.com.br\/blog\/wp-json\/wp\/v2\/types\/post"}],"author":[{"embeddable":true,"href":"http:\/\/blogdalucianaoliveira.com.br\/blog\/wp-json\/wp\/v2\/users\/1"}],"replies":[{"embeddable":true,"href":"http:\/\/blogdalucianaoliveira.com.br\/blog\/wp-json\/wp\/v2\/comments?post=16576"}],"version-history":[{"count":2,"href":"http:\/\/blogdalucianaoliveira.com.br\/blog\/wp-json\/wp\/v2\/posts\/16576\/revisions"}],"predecessor-version":[{"id":16582,"href":"http:\/\/blogdalucianaoliveira.com.br\/blog\/wp-json\/wp\/v2\/posts\/16576\/revisions\/16582"}],"wp:attachment":[{"href":"http:\/\/blogdalucianaoliveira.com.br\/blog\/wp-json\/wp\/v2\/media?parent=16576"}],"wp:term":[{"taxonomy":"category","embeddable":true,"href":"http:\/\/blogdalucianaoliveira.com.br\/blog\/wp-json\/wp\/v2\/categories?post=16576"},{"taxonomy":"post_tag","embeddable":true,"href":"http:\/\/blogdalucianaoliveira.com.br\/blog\/wp-json\/wp\/v2\/tags?post=16576"}],"curies":[{"name":"wp","href":"https:\/\/api.w.org\/{rel}","templated":true}]}}