{"id":16586,"date":"2018-02-14T16:13:34","date_gmt":"2018-02-14T20:13:34","guid":{"rendered":"http:\/\/blogdalucianaoliveira.com.br\/blog\/?p=16586"},"modified":"2018-02-14T17:09:13","modified_gmt":"2018-02-14T21:09:13","slug":"globo-vai-transmitir-desfile-da-tuiuti-sem-ignorar-que-temer-e-o-vampiro","status":"publish","type":"post","link":"http:\/\/blogdalucianaoliveira.com.br\/blog\/2018\/02\/14\/globo-vai-transmitir-desfile-da-tuiuti-sem-ignorar-que-temer-e-o-vampiro\/","title":{"rendered":"GLOBO VAI TER QUE MOSTRAR DE NOVO DESFILE DA TUIUTI SEM IGNORAR QUE TEMER \u00c9 O VAMPIRO"},"content":{"rendered":"<p><img data-recalc-dims=\"1\" loading=\"lazy\" decoding=\"async\" data-attachment-id=\"16574\" data-permalink=\"http:\/\/blogdalucianaoliveira.com.br\/blog\/2018\/02\/14\/paraiso-do-tuiuti-cultura-e-educacao\/pes\/\" data-orig-file=\"https:\/\/i0.wp.com\/blogdalucianaoliveira.com.br\/blog\/wp-content\/uploads\/2018\/02\/pes.jpg?fit=490%2C280\" data-orig-size=\"490,280\" data-comments-opened=\"0\" data-image-meta=\"{&quot;aperture&quot;:&quot;0&quot;,&quot;credit&quot;:&quot;&quot;,&quot;camera&quot;:&quot;&quot;,&quot;caption&quot;:&quot;&quot;,&quot;created_timestamp&quot;:&quot;0&quot;,&quot;copyright&quot;:&quot;&quot;,&quot;focal_length&quot;:&quot;0&quot;,&quot;iso&quot;:&quot;0&quot;,&quot;shutter_speed&quot;:&quot;0&quot;,&quot;title&quot;:&quot;&quot;,&quot;orientation&quot;:&quot;0&quot;}\" data-image-title=\"pes\" data-image-description=\"\" data-image-caption=\"\" data-medium-file=\"https:\/\/i0.wp.com\/blogdalucianaoliveira.com.br\/blog\/wp-content\/uploads\/2018\/02\/pes.jpg?fit=300%2C171\" data-large-file=\"https:\/\/i0.wp.com\/blogdalucianaoliveira.com.br\/blog\/wp-content\/uploads\/2018\/02\/pes.jpg?fit=490%2C280\" src=\"https:\/\/i0.wp.com\/blogdalucianaoliveira.com.br\/blog\/wp-content\/uploads\/2018\/02\/pes.jpg?resize=490%2C280\" alt=\"pes\" width=\"490\" height=\"280\" class=\"alignnone size-full wp-image-16574\" srcset=\"https:\/\/i0.wp.com\/blogdalucianaoliveira.com.br\/blog\/wp-content\/uploads\/2018\/02\/pes.jpg?w=490 490w, https:\/\/i0.wp.com\/blogdalucianaoliveira.com.br\/blog\/wp-content\/uploads\/2018\/02\/pes.jpg?resize=300%2C171 300w\" sizes=\"auto, (max-width: 490px) 100vw, 490px\" \/><\/p>\n<p>Vice-campe\u00e3 do carnaval carioca, a Para\u00edso do Tuiuti voltar\u00e1 a desfilar no pr\u00f3ximo s\u00e1bado junto com Beija-Flor, Salgueiro, Portela, Mangueira e Mocidade Independente de Padre Miguel.<\/p>\n<p>A Rede Globo que s\u00f3 reconheceu Michel Temer retratado como vampiro ap\u00f3s 12 horas de muitas cr\u00edticas e cobran\u00e7as na m\u00eddia alternativa, ter\u00e1 que fazer o sacrif\u00edcio de ser imparcial ao mostrar de novo a Tuiuti. <\/p>\n<p>O desfile das campe\u00e3s ser\u00e1 no pr\u00f3ximo s\u00e1bado a partir das 17 horas.<!--more--><\/p>\n<p><!--more--><\/p>\n<div class=\"jetpack-video-wrapper\"><iframe loading=\"lazy\" title=\"GLOBO IGNORA CR\u00cdTICA SOCIAL E TEMER RETRATADO COMO VAMPIRO EM ESCOLA DE SAMBA DO RIO\" width=\"600\" height=\"338\" src=\"https:\/\/www.youtube.com\/embed\/pxWjCk4HIJw?feature=oembed\" frameborder=\"0\" allow=\"accelerometer; autoplay; clipboard-write; encrypted-media; gyroscope; picture-in-picture; web-share\" referrerpolicy=\"strict-origin-when-cross-origin\" allowfullscreen><\/iframe><\/div>\n<p>O Brasil vai rever o presidente golpista e corrupto sendo aplaudido pela primeira vez, s\u00f3 que como vampiro sugador de direitos e avan\u00e7os sociais.<\/p>\n<p>A Tuiuti foi aclamada pelo povo antes mesmo da apura\u00e7\u00e3o, por sua forte cr\u00edtica ao governo ileg\u00edtimo e \u00e0 manipula\u00e7\u00e3o midi\u00e1tica.<\/p>\n<p>A Beija-flor criticou o desprezo no combate \u00e0 desigualdade. <\/p>\n<p>Resumindo, no carnaval venceu o Fora Temer e Nem Pensar Bols \ud83d\ude21n \ud83d\udca9r \ud83d\udca3.<br \/>\nIndiferen\u00e7a e barb\u00e1rie n\u00e3o combinam com o Brasil.<\/p>\n<p>Beija-flor ganhou, mas quem literalmente sambou na cara dos golpistas foi a Tuiuti.<\/p>\n","protected":false},"excerpt":{"rendered":"<p>Vice-campe\u00e3 do carnaval carioca, a Para\u00edso do Tuiuti voltar\u00e1 a desfilar no pr\u00f3ximo s\u00e1bado junto com Beija-Flor, Salgueiro, Portela, Mangueira e Mocidade Independente de Padre Miguel. A Rede Globo que s\u00f3 reconheceu Michel Temer retratado como vampiro ap\u00f3s 12 horas de muitas cr\u00edticas e cobran\u00e7as na m\u00eddia alternativa, ter\u00e1 que fazer o sacrif\u00edcio de ser&#8230;<a class=\"more-link\" href=\"http:\/\/blogdalucianaoliveira.com.br\/blog\/2018\/02\/14\/globo-vai-transmitir-desfile-da-tuiuti-sem-ignorar-que-temer-e-o-vampiro\/\">Continue a leitura <span class=\"meta-nav\">&raquo;<\/span><\/a><\/p>\n","protected":false},"author":1,"featured_media":0,"comment_status":"closed","ping_status":"open","sticky":false,"template":"","format":"standard","meta":{"_exactmetrics_skip_tracking":false,"_exactmetrics_sitenote_active":false,"_exactmetrics_sitenote_note":"","_exactmetrics_sitenote_category":0,"jetpack_post_was_ever_published":false,"_jetpack_newsletter_access":"","_jetpack_dont_email_post_to_subs":false,"_jetpack_newsletter_tier_id":0,"_jetpack_memberships_contains_paywalled_content":false,"_jetpack_memberships_contains_paid_content":false,"footnotes":"","jetpack_publicize_message":"","jetpack_publicize_feature_enabled":true,"jetpack_social_post_already_shared":true,"jetpack_social_options":{"image_generator_settings":{"template":"highway","enabled":false},"version":2}},"categories":[1],"tags":[],"class_list":["post-16586","post","type-post","status-publish","format-standard","hentry","category-notas"],"jetpack_publicize_connections":[],"jetpack_sharing_enabled":true,"jetpack_featured_media_url":"","jetpack_shortlink":"https:\/\/wp.me\/p7wKYW-4jw","jetpack-related-posts":[],"_links":{"self":[{"href":"http:\/\/blogdalucianaoliveira.com.br\/blog\/wp-json\/wp\/v2\/posts\/16586","targetHints":{"allow":["GET"]}}],"collection":[{"href":"http:\/\/blogdalucianaoliveira.com.br\/blog\/wp-json\/wp\/v2\/posts"}],"about":[{"href":"http:\/\/blogdalucianaoliveira.com.br\/blog\/wp-json\/wp\/v2\/types\/post"}],"author":[{"embeddable":true,"href":"http:\/\/blogdalucianaoliveira.com.br\/blog\/wp-json\/wp\/v2\/users\/1"}],"replies":[{"embeddable":true,"href":"http:\/\/blogdalucianaoliveira.com.br\/blog\/wp-json\/wp\/v2\/comments?post=16586"}],"version-history":[{"count":6,"href":"http:\/\/blogdalucianaoliveira.com.br\/blog\/wp-json\/wp\/v2\/posts\/16586\/revisions"}],"predecessor-version":[{"id":16592,"href":"http:\/\/blogdalucianaoliveira.com.br\/blog\/wp-json\/wp\/v2\/posts\/16586\/revisions\/16592"}],"wp:attachment":[{"href":"http:\/\/blogdalucianaoliveira.com.br\/blog\/wp-json\/wp\/v2\/media?parent=16586"}],"wp:term":[{"taxonomy":"category","embeddable":true,"href":"http:\/\/blogdalucianaoliveira.com.br\/blog\/wp-json\/wp\/v2\/categories?post=16586"},{"taxonomy":"post_tag","embeddable":true,"href":"http:\/\/blogdalucianaoliveira.com.br\/blog\/wp-json\/wp\/v2\/tags?post=16586"}],"curies":[{"name":"wp","href":"https:\/\/api.w.org\/{rel}","templated":true}]}}