{"id":1659,"date":"2016-06-15T10:11:24","date_gmt":"2016-06-15T14:11:24","guid":{"rendered":"http:\/\/blogdalucianaoliveira.com.br\/blog\/?p=1659"},"modified":"2016-06-15T10:18:42","modified_gmt":"2016-06-15T14:18:42","slug":"manchetes-catastroficas-sobre-economia-sairam-de-pauta-05-de-avanco-no-varejo-ja-e-sinal-de-melhora","status":"publish","type":"post","link":"http:\/\/blogdalucianaoliveira.com.br\/blog\/2016\/06\/15\/manchetes-catastroficas-sobre-economia-sairam-de-pauta-05-de-avanco-no-varejo-ja-e-sinal-de-melhora\/","title":{"rendered":"Manchetes catastr\u00f3ficas sobre economia sa\u00edram de pauta. 0,5% de avan\u00e7o no varejo j\u00e1 \u00e9 sinal de melhora"},"content":{"rendered":"<p><img data-recalc-dims=\"1\" loading=\"lazy\" decoding=\"async\" data-attachment-id=\"1660\" data-permalink=\"http:\/\/blogdalucianaoliveira.com.br\/blog\/2016\/06\/15\/manchetes-catastroficas-sobre-economia-sairam-de-pauta-05-de-avanco-no-varejo-ja-e-sinal-de-melhora\/charge-manipulacao-da-midia\/\" data-orig-file=\"https:\/\/i0.wp.com\/blogdalucianaoliveira.com.br\/blog\/wp-content\/uploads\/2016\/06\/Charge-Manipulacao-da-Midia.jpg?fit=500%2C345\" data-orig-size=\"500,345\" data-comments-opened=\"0\" data-image-meta=\"{&quot;aperture&quot;:&quot;0&quot;,&quot;credit&quot;:&quot;&quot;,&quot;camera&quot;:&quot;&quot;,&quot;caption&quot;:&quot;&quot;,&quot;created_timestamp&quot;:&quot;0&quot;,&quot;copyright&quot;:&quot;&quot;,&quot;focal_length&quot;:&quot;0&quot;,&quot;iso&quot;:&quot;0&quot;,&quot;shutter_speed&quot;:&quot;0&quot;,&quot;title&quot;:&quot;&quot;,&quot;orientation&quot;:&quot;0&quot;}\" data-image-title=\"Charge-Manipulacao-da-Midia\" data-image-description=\"\" data-image-caption=\"\" data-medium-file=\"https:\/\/i0.wp.com\/blogdalucianaoliveira.com.br\/blog\/wp-content\/uploads\/2016\/06\/Charge-Manipulacao-da-Midia.jpg?fit=300%2C207\" data-large-file=\"https:\/\/i0.wp.com\/blogdalucianaoliveira.com.br\/blog\/wp-content\/uploads\/2016\/06\/Charge-Manipulacao-da-Midia.jpg?fit=500%2C345\" src=\"https:\/\/i0.wp.com\/blogdalucianaoliveira.com.br\/blog\/wp-content\/uploads\/2016\/06\/Charge-Manipulacao-da-Midia.jpg?resize=500%2C345\" alt=\"Charge-Manipulacao-da-Midia\" width=\"500\" height=\"345\" class=\"alignnone size-full wp-image-1660\" srcset=\"https:\/\/i0.wp.com\/blogdalucianaoliveira.com.br\/blog\/wp-content\/uploads\/2016\/06\/Charge-Manipulacao-da-Midia.jpg?w=500 500w, https:\/\/i0.wp.com\/blogdalucianaoliveira.com.br\/blog\/wp-content\/uploads\/2016\/06\/Charge-Manipulacao-da-Midia.jpg?resize=300%2C207 300w, https:\/\/i0.wp.com\/blogdalucianaoliveira.com.br\/blog\/wp-content\/uploads\/2016\/06\/Charge-Manipulacao-da-Midia.jpg?resize=435%2C300 435w\" sizes=\"auto, (max-width: 500px) 100vw, 500px\" \/><\/p>\n<p>Como previsto t\u00e3o logo o governo interino assumisse, o notici\u00e1rio da Globo se esfor\u00e7a pra induzir o otimismo do brasileiro com a recupera\u00e7\u00e3o da economia. As manchetes catastr\u00f3ficas sa\u00edram de pauta e o \u2018mas\u2019 est\u00e1 presente em todos os textos sobre a crise econ\u00f4mica. <!--more--><\/p>\n<p>O IBGE apontou um crescimento de 0,5% no com\u00e9rcio varejista, mas&#8230;<\/p>\n<p>Na Globo, isso j\u00e1 \u00e9 um sinal de recupera\u00e7\u00e3o no setor, anuncia a manchete.<\/p>\n<p>\u201cOs carrinhos ficaram mais cheios?\u201d, pergunta a rep\u00f3rter.<br \/>\n\u201cO meu carrinho n\u00e3o ficou mais vazio. O dinheiro comprou praticamente a mesma coisa, diferente do que vinha havendo nos \u00faltimos meses.\u201d, respondeu o entrevistado.<\/p>\n<p>Segundo o IBGE, em rela\u00e7\u00e3o ao abril de 2015, o varejo recuou 6,7%, mas&#8230;<\/p>\n<p>E o economista entrevistado disse: \u201cque a gente j\u00e1 percebeu alguma melhora em alguns setores.\u201d<\/p>\n<p>N\u00e3o tem serventia desmentir manchetes otimistas, mas \u00e9 fundamental registrar a manipula\u00e7\u00e3o do jornalismo da Globo. As manchetes catastr\u00f3ficas pioraram muito a crise econ\u00f4mica nos \u00faltimos seis meses, impondo a crise psicol\u00f3gica que comprometeu a confian\u00e7a no mercado e nas a\u00e7\u00f5es do governo.<\/p>\n<p>\u00c0s v\u00e9speras da Copa do Mundo em 2014, potencializaram as not\u00edcias sobre protestos contra os gastos, mas&#8230;<br \/>\nH\u00e1 pouco mais de um m\u00eas das Olimp\u00edadas, sob o governo interino, o setor de servi\u00e7os que teve s\u00f3 este ano queda de 4,9%, mais que o acumulado em todo o ano de 2015, o notici\u00e1rio global prev\u00ea que todo o setor deve alcan\u00e7ar benef\u00edcios com a demanda de servi\u00e7os tur\u00edsticos.<\/p>\n<p>O brasileiro vem sofrendo com a crise econ\u00f4mica real e isso ningu\u00e9m discute, mas o pessimismo foi maximizado com outras crises, a pol\u00edtica, a de confian\u00e7a no governo e a psicol\u00f3gica. Todos os dia, antes de Temer, em doses cavalares, a grande m\u00eddia manipulou a informa\u00e7\u00e3o para tornar o cen\u00e1rio pior e ajudar a derrubar o governo, coisa que ali\u00e1s, j\u00e1 fez muito.<\/p>\n<p><img data-recalc-dims=\"1\" loading=\"lazy\" decoding=\"async\" data-attachment-id=\"1664\" data-permalink=\"http:\/\/blogdalucianaoliveira.com.br\/blog\/2016\/06\/15\/manchetes-catastroficas-sobre-economia-sairam-de-pauta-05-de-avanco-no-varejo-ja-e-sinal-de-melhora\/image-359\/\" data-orig-file=\"https:\/\/i0.wp.com\/blogdalucianaoliveira.com.br\/blog\/wp-content\/uploads\/2016\/06\/image-55.jpeg?fit=426%2C284\" data-orig-size=\"426,284\" data-comments-opened=\"0\" data-image-meta=\"{&quot;aperture&quot;:&quot;0&quot;,&quot;credit&quot;:&quot;&quot;,&quot;camera&quot;:&quot;&quot;,&quot;caption&quot;:&quot;&quot;,&quot;created_timestamp&quot;:&quot;0&quot;,&quot;copyright&quot;:&quot;&quot;,&quot;focal_length&quot;:&quot;0&quot;,&quot;iso&quot;:&quot;0&quot;,&quot;shutter_speed&quot;:&quot;0&quot;,&quot;title&quot;:&quot;&quot;,&quot;orientation&quot;:&quot;0&quot;}\" data-image-title=\"image\" data-image-description=\"\" data-image-caption=\"\" data-medium-file=\"https:\/\/i0.wp.com\/blogdalucianaoliveira.com.br\/blog\/wp-content\/uploads\/2016\/06\/image-55.jpeg?fit=300%2C200\" data-large-file=\"https:\/\/i0.wp.com\/blogdalucianaoliveira.com.br\/blog\/wp-content\/uploads\/2016\/06\/image-55.jpeg?fit=426%2C284\" src=\"https:\/\/i0.wp.com\/blogdalucianaoliveira.com.br\/blog\/wp-content\/uploads\/2016\/06\/image-55.jpeg?resize=426%2C284\" alt=\"image\" width=\"426\" height=\"284\" class=\"alignnone size-full wp-image-1664\" srcset=\"https:\/\/i0.wp.com\/blogdalucianaoliveira.com.br\/blog\/wp-content\/uploads\/2016\/06\/image-55.jpeg?w=426 426w, https:\/\/i0.wp.com\/blogdalucianaoliveira.com.br\/blog\/wp-content\/uploads\/2016\/06\/image-55.jpeg?resize=300%2C200 300w\" sizes=\"auto, (max-width: 426px) 100vw, 426px\" \/><\/p>\n<p>Carlos Castilho resumiu bem no Observat\u00f3rio da Imprensa: \u201cNa atual batalha da informa\u00e7\u00e3o a prop\u00f3sito da continuidade ou n\u00e3o de Dilma Rousseff na Presid\u00eancia da Rep\u00fablica, os fatos e dados perderam import\u00e2ncia em favor da forma como cada parte os inseriu num contexto que lhe \u00e9 favor\u00e1vel. A cultura tradicional do jornalismo enfatiza a veracidade e exatid\u00e3o de fatos e dados, mas ainda n\u00e3o desenvolveu o mesmo grau de especificidade e detalhamento em rela\u00e7\u00e3o aos procedimentos editoriais sobre como contextualizar corretamente uma not\u00edcia. Um dado n\u00e3o existe fora de um contexto. Ele pode ser exato mas manipulado conforme a imagem do copo meio cheio ou meio vazio.\u201d<\/p>\n<p>O caminho pra obter dados confi\u00e1veis existe, mas&#8230;<\/p>\n<p>A TV ainda \u00e9 o canal onde o brasileiro mais busca informa\u00e7\u00e3o. <\/p>\n","protected":false},"excerpt":{"rendered":"<p>Como previsto t\u00e3o logo o governo interino assumisse, o notici\u00e1rio da Globo se esfor\u00e7a pra induzir o otimismo do brasileiro com a recupera\u00e7\u00e3o da economia. As manchetes catastr\u00f3ficas sa\u00edram de pauta e o \u2018mas\u2019 est\u00e1 presente em todos os textos sobre a crise econ\u00f4mica.<\/p>\n","protected":false},"author":1,"featured_media":0,"comment_status":"closed","ping_status":"open","sticky":false,"template":"","format":"standard","meta":{"_exactmetrics_skip_tracking":false,"_exactmetrics_sitenote_active":false,"_exactmetrics_sitenote_note":"","_exactmetrics_sitenote_category":0,"jetpack_post_was_ever_published":false,"_jetpack_newsletter_access":"","_jetpack_dont_email_post_to_subs":false,"_jetpack_newsletter_tier_id":0,"_jetpack_memberships_contains_paywalled_content":false,"_jetpack_memberships_contains_paid_content":false,"footnotes":"","jetpack_publicize_message":"","jetpack_publicize_feature_enabled":true,"jetpack_social_post_already_shared":true,"jetpack_social_options":{"image_generator_settings":{"template":"highway","enabled":false},"version":2}},"categories":[1],"tags":[110,128,129,74],"class_list":["post-1659","post","type-post","status-publish","format-standard","hentry","category-notas","tag-crise","tag-economia","tag-globo","tag-manipulacao"],"jetpack_publicize_connections":[],"jetpack_sharing_enabled":true,"jetpack_featured_media_url":"","jetpack_shortlink":"https:\/\/wp.me\/p7wKYW-qL","jetpack-related-posts":[],"_links":{"self":[{"href":"http:\/\/blogdalucianaoliveira.com.br\/blog\/wp-json\/wp\/v2\/posts\/1659","targetHints":{"allow":["GET"]}}],"collection":[{"href":"http:\/\/blogdalucianaoliveira.com.br\/blog\/wp-json\/wp\/v2\/posts"}],"about":[{"href":"http:\/\/blogdalucianaoliveira.com.br\/blog\/wp-json\/wp\/v2\/types\/post"}],"author":[{"embeddable":true,"href":"http:\/\/blogdalucianaoliveira.com.br\/blog\/wp-json\/wp\/v2\/users\/1"}],"replies":[{"embeddable":true,"href":"http:\/\/blogdalucianaoliveira.com.br\/blog\/wp-json\/wp\/v2\/comments?post=1659"}],"version-history":[{"count":4,"href":"http:\/\/blogdalucianaoliveira.com.br\/blog\/wp-json\/wp\/v2\/posts\/1659\/revisions"}],"predecessor-version":[{"id":1666,"href":"http:\/\/blogdalucianaoliveira.com.br\/blog\/wp-json\/wp\/v2\/posts\/1659\/revisions\/1666"}],"wp:attachment":[{"href":"http:\/\/blogdalucianaoliveira.com.br\/blog\/wp-json\/wp\/v2\/media?parent=1659"}],"wp:term":[{"taxonomy":"category","embeddable":true,"href":"http:\/\/blogdalucianaoliveira.com.br\/blog\/wp-json\/wp\/v2\/categories?post=1659"},{"taxonomy":"post_tag","embeddable":true,"href":"http:\/\/blogdalucianaoliveira.com.br\/blog\/wp-json\/wp\/v2\/tags?post=1659"}],"curies":[{"name":"wp","href":"https:\/\/api.w.org\/{rel}","templated":true}]}}