{"id":16593,"date":"2018-02-14T18:31:54","date_gmt":"2018-02-14T22:31:54","guid":{"rendered":"http:\/\/blogdalucianaoliveira.com.br\/blog\/?p=16593"},"modified":"2018-02-14T18:31:54","modified_gmt":"2018-02-14T22:31:54","slug":"agende-esse-protesto","status":"publish","type":"post","link":"http:\/\/blogdalucianaoliveira.com.br\/blog\/2018\/02\/14\/agende-esse-protesto\/","title":{"rendered":"Agende esse protesto"},"content":{"rendered":"<p><img data-recalc-dims=\"1\" loading=\"lazy\" decoding=\"async\" data-attachment-id=\"16594\" data-permalink=\"http:\/\/blogdalucianaoliveira.com.br\/blog\/2018\/02\/14\/agende-esse-protesto\/cfdf138a-64b0-4fb2-8603-cd649e61b2ea\/\" data-orig-file=\"https:\/\/i0.wp.com\/blogdalucianaoliveira.com.br\/blog\/wp-content\/uploads\/2018\/02\/CFDF138A-64B0-4FB2-8603-CD649E61B2EA.jpeg?fit=720%2C652\" data-orig-size=\"720,652\" data-comments-opened=\"0\" data-image-meta=\"{&quot;aperture&quot;:&quot;0&quot;,&quot;credit&quot;:&quot;&quot;,&quot;camera&quot;:&quot;&quot;,&quot;caption&quot;:&quot;&quot;,&quot;created_timestamp&quot;:&quot;0&quot;,&quot;copyright&quot;:&quot;&quot;,&quot;focal_length&quot;:&quot;0&quot;,&quot;iso&quot;:&quot;0&quot;,&quot;shutter_speed&quot;:&quot;0&quot;,&quot;title&quot;:&quot;&quot;,&quot;orientation&quot;:&quot;0&quot;}\" data-image-title=\"CFDF138A-64B0-4FB2-8603-CD649E61B2EA\" data-image-description=\"\" data-image-caption=\"\" data-medium-file=\"https:\/\/i0.wp.com\/blogdalucianaoliveira.com.br\/blog\/wp-content\/uploads\/2018\/02\/CFDF138A-64B0-4FB2-8603-CD649E61B2EA.jpeg?fit=300%2C272\" data-large-file=\"https:\/\/i0.wp.com\/blogdalucianaoliveira.com.br\/blog\/wp-content\/uploads\/2018\/02\/CFDF138A-64B0-4FB2-8603-CD649E61B2EA.jpeg?fit=600%2C543\" src=\"https:\/\/i0.wp.com\/blogdalucianaoliveira.com.br\/blog\/wp-content\/uploads\/2018\/02\/CFDF138A-64B0-4FB2-8603-CD649E61B2EA.jpeg?resize=600%2C543\" alt=\"CFDF138A-64B0-4FB2-8603-CD649E61B2EA\" width=\"600\" height=\"543\" class=\"alignnone size-full wp-image-16594\" srcset=\"https:\/\/i0.wp.com\/blogdalucianaoliveira.com.br\/blog\/wp-content\/uploads\/2018\/02\/CFDF138A-64B0-4FB2-8603-CD649E61B2EA.jpeg?w=720 720w, https:\/\/i0.wp.com\/blogdalucianaoliveira.com.br\/blog\/wp-content\/uploads\/2018\/02\/CFDF138A-64B0-4FB2-8603-CD649E61B2EA.jpeg?resize=300%2C272 300w, https:\/\/i0.wp.com\/blogdalucianaoliveira.com.br\/blog\/wp-content\/uploads\/2018\/02\/CFDF138A-64B0-4FB2-8603-CD649E61B2EA.jpeg?resize=331%2C300 331w\" sizes=\"auto, (max-width: 600px) 100vw, 600px\" \/><\/p>\n<p>O governo ileg\u00edtimo de Michel Temer tenta fazer mais uma de suas maldades com os trabalhadores do Brasil.<br \/>\nAp\u00f3s in\u00fameros adiamentos querem colocar a Reforma da Previd\u00eancia em vota\u00e7\u00e3o. <!--more--><\/p>\n<p>Pra tentar emplacar essa medida impopular gastou milh\u00f5es em propaganda e Temer teve at\u00e9 a cara de pau de aparecer em programas de audit\u00f3rio dizendo que a Reforma \u00e9 boa para todos n\u00f3s.<br \/>\nMas o povo n\u00e3o se engana e vai tomar mais uma vez as ruas pra dizer n\u00e3o a Reforma da Previd\u00eancia.<\/p>\n<p>Dia 19 de fevereiro \u00e9 dia de luta em todo o pa\u00eds! Em Porto Velho a concentra\u00e7\u00e3o ser\u00e1 em frente a CERON, na Av. 7 de Setembro \u00e0s 8h.<\/p>\n","protected":false},"excerpt":{"rendered":"<p>O governo ileg\u00edtimo de Michel Temer tenta fazer mais uma de suas maldades com os trabalhadores do Brasil. Ap\u00f3s in\u00fameros adiamentos querem colocar a Reforma da Previd\u00eancia em vota\u00e7\u00e3o.<\/p>\n","protected":false},"author":1,"featured_media":0,"comment_status":"closed","ping_status":"open","sticky":false,"template":"","format":"standard","meta":{"_exactmetrics_skip_tracking":false,"_exactmetrics_sitenote_active":false,"_exactmetrics_sitenote_note":"","_exactmetrics_sitenote_category":0,"jetpack_post_was_ever_published":false,"_jetpack_newsletter_access":"","_jetpack_dont_email_post_to_subs":false,"_jetpack_newsletter_tier_id":0,"_jetpack_memberships_contains_paywalled_content":false,"_jetpack_memberships_contains_paid_content":false,"footnotes":"","jetpack_publicize_message":"","jetpack_publicize_feature_enabled":true,"jetpack_social_post_already_shared":true,"jetpack_social_options":{"image_generator_settings":{"template":"highway","enabled":false},"version":2}},"categories":[1],"tags":[],"class_list":["post-16593","post","type-post","status-publish","format-standard","hentry","category-notas"],"jetpack_publicize_connections":[],"jetpack_sharing_enabled":true,"jetpack_featured_media_url":"","jetpack_shortlink":"https:\/\/wp.me\/p7wKYW-4jD","jetpack-related-posts":[],"_links":{"self":[{"href":"http:\/\/blogdalucianaoliveira.com.br\/blog\/wp-json\/wp\/v2\/posts\/16593","targetHints":{"allow":["GET"]}}],"collection":[{"href":"http:\/\/blogdalucianaoliveira.com.br\/blog\/wp-json\/wp\/v2\/posts"}],"about":[{"href":"http:\/\/blogdalucianaoliveira.com.br\/blog\/wp-json\/wp\/v2\/types\/post"}],"author":[{"embeddable":true,"href":"http:\/\/blogdalucianaoliveira.com.br\/blog\/wp-json\/wp\/v2\/users\/1"}],"replies":[{"embeddable":true,"href":"http:\/\/blogdalucianaoliveira.com.br\/blog\/wp-json\/wp\/v2\/comments?post=16593"}],"version-history":[{"count":1,"href":"http:\/\/blogdalucianaoliveira.com.br\/blog\/wp-json\/wp\/v2\/posts\/16593\/revisions"}],"predecessor-version":[{"id":16595,"href":"http:\/\/blogdalucianaoliveira.com.br\/blog\/wp-json\/wp\/v2\/posts\/16593\/revisions\/16595"}],"wp:attachment":[{"href":"http:\/\/blogdalucianaoliveira.com.br\/blog\/wp-json\/wp\/v2\/media?parent=16593"}],"wp:term":[{"taxonomy":"category","embeddable":true,"href":"http:\/\/blogdalucianaoliveira.com.br\/blog\/wp-json\/wp\/v2\/categories?post=16593"},{"taxonomy":"post_tag","embeddable":true,"href":"http:\/\/blogdalucianaoliveira.com.br\/blog\/wp-json\/wp\/v2\/tags?post=16593"}],"curies":[{"name":"wp","href":"https:\/\/api.w.org\/{rel}","templated":true}]}}