{"id":16596,"date":"2018-02-15T09:41:22","date_gmt":"2018-02-15T13:41:22","guid":{"rendered":"http:\/\/blogdalucianaoliveira.com.br\/blog\/?p=16596"},"modified":"2018-02-15T09:41:22","modified_gmt":"2018-02-15T13:41:22","slug":"tuiuti-na-contramao-da-historia-oficial","status":"publish","type":"post","link":"http:\/\/blogdalucianaoliveira.com.br\/blog\/2018\/02\/15\/tuiuti-na-contramao-da-historia-oficial\/","title":{"rendered":"Tuiuti: na contram\u00e3o da hist\u00f3ria oficial"},"content":{"rendered":"<p><img data-recalc-dims=\"1\" loading=\"lazy\" decoding=\"async\" data-attachment-id=\"16597\" data-permalink=\"http:\/\/blogdalucianaoliveira.com.br\/blog\/2018\/02\/15\/tuiuti-na-contramao-da-historia-oficial\/507fb1e4-e4d4-45c7-8efc-93dfc2a74ed7\/\" data-orig-file=\"https:\/\/i0.wp.com\/blogdalucianaoliveira.com.br\/blog\/wp-content\/uploads\/2018\/02\/507FB1E4-E4D4-45C7-8EFC-93DFC2A74ED7.jpeg?fit=642%2C229\" data-orig-size=\"642,229\" data-comments-opened=\"0\" data-image-meta=\"{&quot;aperture&quot;:&quot;0&quot;,&quot;credit&quot;:&quot;&quot;,&quot;camera&quot;:&quot;&quot;,&quot;caption&quot;:&quot;&quot;,&quot;created_timestamp&quot;:&quot;0&quot;,&quot;copyright&quot;:&quot;&quot;,&quot;focal_length&quot;:&quot;0&quot;,&quot;iso&quot;:&quot;0&quot;,&quot;shutter_speed&quot;:&quot;0&quot;,&quot;title&quot;:&quot;&quot;,&quot;orientation&quot;:&quot;0&quot;}\" data-image-title=\"507FB1E4-E4D4-45C7-8EFC-93DFC2A74ED7\" data-image-description=\"\" data-image-caption=\"\" data-medium-file=\"https:\/\/i0.wp.com\/blogdalucianaoliveira.com.br\/blog\/wp-content\/uploads\/2018\/02\/507FB1E4-E4D4-45C7-8EFC-93DFC2A74ED7.jpeg?fit=300%2C107\" data-large-file=\"https:\/\/i0.wp.com\/blogdalucianaoliveira.com.br\/blog\/wp-content\/uploads\/2018\/02\/507FB1E4-E4D4-45C7-8EFC-93DFC2A74ED7.jpeg?fit=600%2C214\" src=\"https:\/\/i0.wp.com\/blogdalucianaoliveira.com.br\/blog\/wp-content\/uploads\/2018\/02\/507FB1E4-E4D4-45C7-8EFC-93DFC2A74ED7.jpeg?resize=600%2C214\" alt=\"507FB1E4-E4D4-45C7-8EFC-93DFC2A74ED7\" width=\"600\" height=\"214\" class=\"alignnone size-full wp-image-16597\" srcset=\"https:\/\/i0.wp.com\/blogdalucianaoliveira.com.br\/blog\/wp-content\/uploads\/2018\/02\/507FB1E4-E4D4-45C7-8EFC-93DFC2A74ED7.jpeg?w=642 642w, https:\/\/i0.wp.com\/blogdalucianaoliveira.com.br\/blog\/wp-content\/uploads\/2018\/02\/507FB1E4-E4D4-45C7-8EFC-93DFC2A74ED7.jpeg?resize=300%2C107 300w\" sizes=\"auto, (max-width: 600px) 100vw, 600px\" \/><\/p>\n<p>Por Marcos Bagno<\/p>\n<p>Tuiuti \u00e9 uma palavra guarani que significa \u201cloda\u00e7al branco\u201d. \u00c9 o nome de uma regi\u00e3o pantanosa do sul do Paraguai onde foi travada a mais sangrenta batalha campal jamais travada em solo americano. <!--more--><\/p>\n<p>No dia 24 de maio de 1866, o ex\u00e9rcito paraguaio foi derrotado pelas for\u00e7as da Tr\u00edplice Alian\u00e7a (Brasil, Argentina e Uruguai), financiadas pelo grande capital brit\u00e2nico (bancos Baring Brothers e Rotschild, entre outros), que n\u00e3o tolerou a ideia de um pa\u00eds aut\u00f4nomo, independente do circuito econ\u00f4mico dominado a ferro e fogo pela Inglaterra imperialista, que imp\u00f4s o livre-mercado a suas neocol\u00f4nias sul-americanas. A guerra foi um genoc\u00eddio: 60% da popula\u00e7\u00e3o paraguaia foi dizimada (mais de 300.000 v\u00edtimas) e a imensa maioria dos homens foram mortos, causando um desequil\u00edbrio demogr\u00e1fico que perdura at\u00e9 hoje. O pa\u00eds perdeu v\u00e1rias por\u00e7\u00f5es de seu territ\u00f3rio (parte do atual Mato Grosso do Sul, por exemplo, era terra paraguaia antes da guerra), teve sua economia devastada e seu povo reduzido \u00e0 fome e \u00e0 mis\u00e9ria. J\u00e1 no Brasil, os genocidas se tornaram her\u00f3is nacionais e receberam t\u00edtulos nobili\u00e1rquicos: Lu\u00eds Alves de Lima e Silva se tornou o Duque de Caxias (apelidado de \u201cO Pacificador\u201d pelo tanto de sangue que fez derramar), o Almirante Barroso se tornou o Bar\u00e3o do Amazonas, e o General Os\u00f3rio virou Marqu\u00eas do Herval. <\/p>\n<p>Para formar suas tropas, o imp\u00e9rio brasileiro recorreu aos chamados \u201cvolunt\u00e1rios da p\u00e1tria\u201d, que de volunt\u00e1rios n\u00e3o tinham nada. Centenas de ind\u00edgenas e caboclos da Amaz\u00f4nia foram sequestrados de suas terras para irem, debaixo de chicote e acorrentados, defender interesses que n\u00e3o eram seus e combater gente de sua mesma etnia, falante de uma l\u00edngua irm\u00e3 (o guarani paraguaio, o abanheenga, muito semelhante ao tupi amaz\u00f4nico, o nheengatu). Negros escravizados tamb\u00e9m foram combater sob a falsa promessa de que, no regresso, seriam libertados. \u00c9 a mesma, velha e monstruosa hist\u00f3ria dos povos submetidos \u00e0 viol\u00eancia colonial e de seus patr\u00f5es que se vendem f\u00e1cil aos interesses das grandes pot\u00eancias internacionais. <\/p>\n<p>Hoje, no Brasil, a gente quase sempre se refere ao Paraguai com deboche e desprezo, como uma fonte de produtos falsificados, o reino das falcatruas, na ignor\u00e2ncia de que, antes da guerra, ali ocorreram muitos avan\u00e7os sociais (como uma importante reforma agr\u00e1ria) que os \u201caliados\u201d a soldo ingl\u00eas cuidaram de demolir. Quem anda Brasil afora e Brasil adentro encontra ruas e outros logradouros que comemoram a \u201cvit\u00f3ria\u201d sobre os \u201ctiranos\u201d paraguaios: Volunt\u00e1rios da P\u00e1tria, Cerro Cor\u00e1, Lomas Valentinas, Riachuelo, Ava\u00ed, Tuiuti, Humait\u00e1, Passo da P\u00e1tria etc. Sem falar nas homenagens aos \u201cher\u00f3is\u201d que encheram o solo paraguaio de sangue brasileiro, argentino, uruguaio e principalmente paraguaio. <\/p>\n<p>\u00c9 bem prov\u00e1vel que o nome do Morro do Tuiuti, no Rio de Janeiro, ber\u00e7o da escola de samba Para\u00edso do Tuiuti, tenha sua origem numa dessas homenagens \u00e0 destrui\u00e7\u00e3o de um povo e de um pa\u00eds, pois a comunidade que ali se formou surgiu justamente no per\u00edodo do segundo imp\u00e9rio brasileiro.<\/p>\n<p>\ufffc<\/p>\n<p>Seja como for, os criadores do enredo da escola este ano, ao levar para a avenida uma cr\u00edtica nada sutil aos golpistas mafiosos que est\u00e3o destruindo o Brasil e espoliando o povo brasileiro, deixaram a nu a farsa da hist\u00f3ria oficial, denunciando os crimes que h\u00e1 s\u00e9culos v\u00eam sendo cometidos contra todas as pessoas esmagadas pelos interesses de meia d\u00fazia de donos do poder, fantoches de poderes ainda maiores e mais sanguin\u00e1rios. N\u00e3o importa o resultado da apura\u00e7\u00e3o dos votos: a G.R.E.S. Para\u00edso do Tuiuti j\u00e1 conquistou a maior e melhor vit\u00f3ria, que \u00e9 a solidariedade de todos quantos sabem que a hist\u00f3ria oficial \u00e9 uma cole\u00e7\u00e3o de mentiras e de hipocrisias contadas e recontadas para aplacar a consci\u00eancia criminosa das classes dominantes. <\/p>\n","protected":false},"excerpt":{"rendered":"<p>Por Marcos Bagno Tuiuti \u00e9 uma palavra guarani que significa \u201cloda\u00e7al branco\u201d. \u00c9 o nome de uma regi\u00e3o pantanosa do sul do Paraguai onde foi travada a mais sangrenta batalha campal jamais travada em solo americano.<\/p>\n","protected":false},"author":1,"featured_media":0,"comment_status":"closed","ping_status":"open","sticky":false,"template":"","format":"standard","meta":{"_exactmetrics_skip_tracking":false,"_exactmetrics_sitenote_active":false,"_exactmetrics_sitenote_note":"","_exactmetrics_sitenote_category":0,"jetpack_post_was_ever_published":false,"_jetpack_newsletter_access":"","_jetpack_dont_email_post_to_subs":false,"_jetpack_newsletter_tier_id":0,"_jetpack_memberships_contains_paywalled_content":false,"_jetpack_memberships_contains_paid_content":false,"footnotes":"","jetpack_publicize_message":"","jetpack_publicize_feature_enabled":true,"jetpack_social_post_already_shared":true,"jetpack_social_options":{"image_generator_settings":{"template":"highway","enabled":false},"version":2}},"categories":[1],"tags":[],"class_list":["post-16596","post","type-post","status-publish","format-standard","hentry","category-notas"],"jetpack_publicize_connections":[],"jetpack_sharing_enabled":true,"jetpack_featured_media_url":"","jetpack_shortlink":"https:\/\/wp.me\/p7wKYW-4jG","jetpack-related-posts":[],"_links":{"self":[{"href":"http:\/\/blogdalucianaoliveira.com.br\/blog\/wp-json\/wp\/v2\/posts\/16596","targetHints":{"allow":["GET"]}}],"collection":[{"href":"http:\/\/blogdalucianaoliveira.com.br\/blog\/wp-json\/wp\/v2\/posts"}],"about":[{"href":"http:\/\/blogdalucianaoliveira.com.br\/blog\/wp-json\/wp\/v2\/types\/post"}],"author":[{"embeddable":true,"href":"http:\/\/blogdalucianaoliveira.com.br\/blog\/wp-json\/wp\/v2\/users\/1"}],"replies":[{"embeddable":true,"href":"http:\/\/blogdalucianaoliveira.com.br\/blog\/wp-json\/wp\/v2\/comments?post=16596"}],"version-history":[{"count":1,"href":"http:\/\/blogdalucianaoliveira.com.br\/blog\/wp-json\/wp\/v2\/posts\/16596\/revisions"}],"predecessor-version":[{"id":16598,"href":"http:\/\/blogdalucianaoliveira.com.br\/blog\/wp-json\/wp\/v2\/posts\/16596\/revisions\/16598"}],"wp:attachment":[{"href":"http:\/\/blogdalucianaoliveira.com.br\/blog\/wp-json\/wp\/v2\/media?parent=16596"}],"wp:term":[{"taxonomy":"category","embeddable":true,"href":"http:\/\/blogdalucianaoliveira.com.br\/blog\/wp-json\/wp\/v2\/categories?post=16596"},{"taxonomy":"post_tag","embeddable":true,"href":"http:\/\/blogdalucianaoliveira.com.br\/blog\/wp-json\/wp\/v2\/tags?post=16596"}],"curies":[{"name":"wp","href":"https:\/\/api.w.org\/{rel}","templated":true}]}}