{"id":16606,"date":"2018-02-16T09:51:39","date_gmt":"2018-02-16T13:51:39","guid":{"rendered":"http:\/\/blogdalucianaoliveira.com.br\/blog\/?p=16606"},"modified":"2018-02-16T09:51:39","modified_gmt":"2018-02-16T13:51:39","slug":"intervencao-no-rio-e-caminho-para-ditadura","status":"publish","type":"post","link":"http:\/\/blogdalucianaoliveira.com.br\/blog\/2018\/02\/16\/intervencao-no-rio-e-caminho-para-ditadura\/","title":{"rendered":"Interven\u00e7\u00e3o no Rio \u00e9 caminho para ditadura"},"content":{"rendered":"<p><img data-recalc-dims=\"1\" loading=\"lazy\" decoding=\"async\" data-attachment-id=\"16607\" data-permalink=\"http:\/\/blogdalucianaoliveira.com.br\/blog\/2018\/02\/16\/intervencao-no-rio-e-caminho-para-ditadura\/rioo\/\" data-orig-file=\"https:\/\/i0.wp.com\/blogdalucianaoliveira.com.br\/blog\/wp-content\/uploads\/2018\/02\/rioo.jpg?fit=490%2C280\" data-orig-size=\"490,280\" data-comments-opened=\"0\" data-image-meta=\"{&quot;aperture&quot;:&quot;0&quot;,&quot;credit&quot;:&quot;&quot;,&quot;camera&quot;:&quot;&quot;,&quot;caption&quot;:&quot;&quot;,&quot;created_timestamp&quot;:&quot;0&quot;,&quot;copyright&quot;:&quot;&quot;,&quot;focal_length&quot;:&quot;0&quot;,&quot;iso&quot;:&quot;0&quot;,&quot;shutter_speed&quot;:&quot;0&quot;,&quot;title&quot;:&quot;&quot;,&quot;orientation&quot;:&quot;0&quot;}\" data-image-title=\"rioo\" data-image-description=\"\" data-image-caption=\"\" data-medium-file=\"https:\/\/i0.wp.com\/blogdalucianaoliveira.com.br\/blog\/wp-content\/uploads\/2018\/02\/rioo.jpg?fit=300%2C171\" data-large-file=\"https:\/\/i0.wp.com\/blogdalucianaoliveira.com.br\/blog\/wp-content\/uploads\/2018\/02\/rioo.jpg?fit=490%2C280\" src=\"https:\/\/i0.wp.com\/blogdalucianaoliveira.com.br\/blog\/wp-content\/uploads\/2018\/02\/rioo.jpg?resize=490%2C280\" alt=\"rioo\" width=\"490\" height=\"280\" class=\"alignnone size-full wp-image-16607\" srcset=\"https:\/\/i0.wp.com\/blogdalucianaoliveira.com.br\/blog\/wp-content\/uploads\/2018\/02\/rioo.jpg?w=490 490w, https:\/\/i0.wp.com\/blogdalucianaoliveira.com.br\/blog\/wp-content\/uploads\/2018\/02\/rioo.jpg?resize=300%2C171 300w\" sizes=\"auto, (max-width: 490px) 100vw, 490px\" \/><\/p>\n<p>Vejo com preocupa\u00e7\u00e3o a decis\u00e3o do governo Temer de decretar interven\u00e7\u00e3o federal (ou militar) no Rio de Janeiro, algo que n\u00e3o acontecia desde o Estado Novo &#8211; Get\u00falio Vargas \u00e9 que nomeava interventores em vez de governadores.<!--more--><\/p>\n<p>  No 247, por Alex Solnik &#8211; Na ditadura militar de 64 os governadores eram eleitos pelas Assembleias Legislativas at\u00e9 1982, quando voltaram as diretas para governos estaduais.<\/p>\n<p>   Est\u00e1 claro que a interven\u00e7\u00e3o nos estados, embora conste da constitui\u00e7\u00e3o de 1988 sup\u00f5e uma ruptura da ordem democr\u00e1tica, pois o governador \u00e9 afastado e um general assume o posto.<\/p>\n<p>   A primeira consequ\u00eancia da interven\u00e7\u00e3o \u2013 se o Congresso Nacional aprov\u00e1-la \u2013 \u00e9 a volta dos generais ao poder no segundo maior estado brasileiro.  <\/p>\n<p>   A interven\u00e7\u00e3o caracteriza-se sempre como ato pol\u00edtico, apesar de ser apresentada pelo governo como medida que tem o intuito de proteger a popula\u00e7\u00e3o de bandidos.<\/p>\n<p>   A leitura do artigo 34, que se refere ao tema, revela que o que mais se aproxima de uma justificativa para esse ato radical \u00e9 o item 3\u00ba.: \u201cp\u00f4r termo a grave comprometimento da ordem p\u00fablica\u201d.<\/p>\n<p>   No meu entendimento, isso quer dizer anarquia fora de controle, choques armados entre civis nas ruas, esse tipo de coisas que havia durante o Estado Novo entre integralistas e comunistas, n\u00e3o o que acontece no Rio que \u00e9 uma guerra entre a pol\u00edcia e os bandidos, com a popula\u00e7\u00e3o no meio sendo assaltada pelos bandidos e \u00e0 merc\u00ea de balas perdidas de ambos os lados .<\/p>\n<p>   Na minha opini\u00e3o, \u201ccomprometimento da ordem p\u00fablica\u201d n\u00e3o \u00e9 haver um assalto a cada meia hora e sim uma revolta popular armada, algo desse g\u00eanero. O problema do Rio \u00e9 policial, n\u00e3o pol\u00edtico. E o artigo 34 subentende uma situa\u00e7\u00e3o pol\u00edtica.<\/p>\n<p>   N\u00e3o vejo, portanto, como enquadrar a grave situa\u00e7\u00e3o carioca no artigo 34 \u2013 e espero que deputados e senadores tamb\u00e9m entendam assim e n\u00e3o aprovem essa medida que \u00e9 o caminho mais curto para a ditadura.<\/p>\n<p>   A \u00faltima vez em que soldados foram vistos em a\u00e7\u00e3o no Rio de Janeiro, baixando o cassete, foi entre 1964 e 68, e n\u00e3o se tratava de prender traficantes.<\/p>\n<p>   O Ex\u00e9rcito n\u00e3o tem nenhuma expertise para fazer o trabalho de policiamento de uma cidade, n\u00e3o tem equipamento adequado e nem mesmo algemas.<\/p>\n<p>   Ou os soldados v\u00e3o ficar parados nas esquinas da Zona Sul, como na Olimp\u00edada, criando uma falsa sensa\u00e7\u00e3o de seguran\u00e7a ou, se partirem para o ataque v\u00e3o provocar problemas ainda maiores para os cariocas, devido ao equipamento pesado que empregam.<\/p>\n<p>   A consequ\u00eancia ser\u00e1 mais balas perdidas.<\/p>\n","protected":false},"excerpt":{"rendered":"<p>Vejo com preocupa\u00e7\u00e3o a decis\u00e3o do governo Temer de decretar interven\u00e7\u00e3o federal (ou militar) no Rio de Janeiro, algo que n\u00e3o acontecia desde o Estado Novo &#8211; Get\u00falio Vargas \u00e9 que nomeava interventores em vez de governadores.<\/p>\n","protected":false},"author":1,"featured_media":0,"comment_status":"closed","ping_status":"open","sticky":false,"template":"","format":"standard","meta":{"_exactmetrics_skip_tracking":false,"_exactmetrics_sitenote_active":false,"_exactmetrics_sitenote_note":"","_exactmetrics_sitenote_category":0,"jetpack_post_was_ever_published":false,"_jetpack_newsletter_access":"","_jetpack_dont_email_post_to_subs":false,"_jetpack_newsletter_tier_id":0,"_jetpack_memberships_contains_paywalled_content":false,"_jetpack_memberships_contains_paid_content":false,"footnotes":"","jetpack_publicize_message":"","jetpack_publicize_feature_enabled":true,"jetpack_social_post_already_shared":true,"jetpack_social_options":{"image_generator_settings":{"template":"highway","enabled":false},"version":2}},"categories":[1],"tags":[],"class_list":["post-16606","post","type-post","status-publish","format-standard","hentry","category-notas"],"jetpack_publicize_connections":[],"jetpack_sharing_enabled":true,"jetpack_featured_media_url":"","jetpack_shortlink":"https:\/\/wp.me\/p7wKYW-4jQ","jetpack-related-posts":[],"_links":{"self":[{"href":"http:\/\/blogdalucianaoliveira.com.br\/blog\/wp-json\/wp\/v2\/posts\/16606","targetHints":{"allow":["GET"]}}],"collection":[{"href":"http:\/\/blogdalucianaoliveira.com.br\/blog\/wp-json\/wp\/v2\/posts"}],"about":[{"href":"http:\/\/blogdalucianaoliveira.com.br\/blog\/wp-json\/wp\/v2\/types\/post"}],"author":[{"embeddable":true,"href":"http:\/\/blogdalucianaoliveira.com.br\/blog\/wp-json\/wp\/v2\/users\/1"}],"replies":[{"embeddable":true,"href":"http:\/\/blogdalucianaoliveira.com.br\/blog\/wp-json\/wp\/v2\/comments?post=16606"}],"version-history":[{"count":1,"href":"http:\/\/blogdalucianaoliveira.com.br\/blog\/wp-json\/wp\/v2\/posts\/16606\/revisions"}],"predecessor-version":[{"id":16608,"href":"http:\/\/blogdalucianaoliveira.com.br\/blog\/wp-json\/wp\/v2\/posts\/16606\/revisions\/16608"}],"wp:attachment":[{"href":"http:\/\/blogdalucianaoliveira.com.br\/blog\/wp-json\/wp\/v2\/media?parent=16606"}],"wp:term":[{"taxonomy":"category","embeddable":true,"href":"http:\/\/blogdalucianaoliveira.com.br\/blog\/wp-json\/wp\/v2\/categories?post=16606"},{"taxonomy":"post_tag","embeddable":true,"href":"http:\/\/blogdalucianaoliveira.com.br\/blog\/wp-json\/wp\/v2\/tags?post=16606"}],"curies":[{"name":"wp","href":"https:\/\/api.w.org\/{rel}","templated":true}]}}