{"id":16615,"date":"2018-02-16T11:33:18","date_gmt":"2018-02-16T15:33:18","guid":{"rendered":"http:\/\/blogdalucianaoliveira.com.br\/blog\/?p=16615"},"modified":"2018-02-16T11:33:18","modified_gmt":"2018-02-16T15:33:18","slug":"stf-vai-ser-cumplice-da-mutreta-para-votar-previdencia","status":"publish","type":"post","link":"http:\/\/blogdalucianaoliveira.com.br\/blog\/2018\/02\/16\/stf-vai-ser-cumplice-da-mutreta-para-votar-previdencia\/","title":{"rendered":"STF vai ser c\u00famplice da mutreta para votar Previd\u00eancia?"},"content":{"rendered":"<p><img data-recalc-dims=\"1\" loading=\"lazy\" decoding=\"async\" data-attachment-id=\"16616\" data-permalink=\"http:\/\/blogdalucianaoliveira.com.br\/blog\/2018\/02\/16\/stf-vai-ser-cumplice-da-mutreta-para-votar-previdencia\/rioo-2\/\" data-orig-file=\"https:\/\/i0.wp.com\/blogdalucianaoliveira.com.br\/blog\/wp-content\/uploads\/2018\/02\/rioo-1.jpg?fit=490%2C280\" data-orig-size=\"490,280\" data-comments-opened=\"0\" data-image-meta=\"{&quot;aperture&quot;:&quot;0&quot;,&quot;credit&quot;:&quot;&quot;,&quot;camera&quot;:&quot;&quot;,&quot;caption&quot;:&quot;&quot;,&quot;created_timestamp&quot;:&quot;0&quot;,&quot;copyright&quot;:&quot;&quot;,&quot;focal_length&quot;:&quot;0&quot;,&quot;iso&quot;:&quot;0&quot;,&quot;shutter_speed&quot;:&quot;0&quot;,&quot;title&quot;:&quot;&quot;,&quot;orientation&quot;:&quot;0&quot;}\" data-image-title=\"rioo\" data-image-description=\"\" data-image-caption=\"\" data-medium-file=\"https:\/\/i0.wp.com\/blogdalucianaoliveira.com.br\/blog\/wp-content\/uploads\/2018\/02\/rioo-1.jpg?fit=300%2C171\" data-large-file=\"https:\/\/i0.wp.com\/blogdalucianaoliveira.com.br\/blog\/wp-content\/uploads\/2018\/02\/rioo-1.jpg?fit=490%2C280\" src=\"https:\/\/i0.wp.com\/blogdalucianaoliveira.com.br\/blog\/wp-content\/uploads\/2018\/02\/rioo-1.jpg?resize=490%2C280\" alt=\"rioo\" width=\"490\" height=\"280\" class=\"alignnone size-full wp-image-16616\" srcset=\"https:\/\/i0.wp.com\/blogdalucianaoliveira.com.br\/blog\/wp-content\/uploads\/2018\/02\/rioo-1.jpg?w=490 490w, https:\/\/i0.wp.com\/blogdalucianaoliveira.com.br\/blog\/wp-content\/uploads\/2018\/02\/rioo-1.jpg?resize=300%2C171 300w\" sizes=\"auto, (max-width: 490px) 100vw, 490px\" \/><\/p>\n<p>No Tijola\u00e7o, por Fernando Brito &#8211; Em v\u00e1rios jornais, e com manchete em O Globo para a inef\u00e1vel Miriam Leit\u00e3o, d\u00e1-se como certo que, ainda nem decretada a interven\u00e7\u00e3o federal do Rio de Janeiro, Michel Temer a suspenderia para evitar a proibi\u00e7\u00e3o constitucional de emendar a Carta enquanto houver este estado excepcional.<!--more--><\/p>\n<p>Para isso acontecer, exigir-se-\u00e1 um verdadeiro estupro do Estado de Direito e, claro, do pr\u00f3prio parlamento.<\/p>\n<p>As raz\u00f5es s\u00e3o objetivas e, a eles, ao final, se somar\u00e1 uma, pol\u00edtica.<\/p>\n<p>A primeira delas \u00e9 que a interven\u00e7\u00e3o, neste caso justificada apenas por \u201cp\u00f4r termo a grave comprometimento da ordem p\u00fablica\u201d (art.34, inciso III), dever\u00e1, ao ser apresentada ao Congresso, especificar \u201ca amplitude, o prazo e as condi\u00e7\u00f5es de execu\u00e7\u00e3o\u201d ( art.36, \u00a7 1\u00ba).<\/p>\n<p>N\u00e3o h\u00e1 previs\u00e3o constitucional para \u201csuspens\u00e3o tempor\u00e1ria\u201d da interven\u00e7\u00e3o. Ela ter\u00e1 de ser revogada, \u201ccessados seus motivos\u201d  ( art.36, \u00a7 4\u00ba). Mas em vigor, permanece o comando do artigo 60, par\u00e1grafo primeiro: \u201ca Constitui\u00e7\u00e3o n\u00e3o poder\u00e1 ser emendada na vig\u00eancia de interven\u00e7\u00e3o federal, de estado de defesa ou de estado de s\u00edtio\u201d.<\/p>\n<p>Ent\u00e3o, p\u00f5e-se o seguinte: segunda-feira, h\u00e1 \u201d grave comprometimento da ordem p\u00fablica\u201d, Mas na ter\u00e7a, j\u00e1 n\u00e3o h\u00e1 mais \u201d grave comprometimento da ordem p\u00fablica\u201d. Vota-se e, na quarta, volta a haver \u201d grave comprometimento da ordem p\u00fablica\u201d. E, como a vota\u00e7\u00e3o de emenda constitucional \u00e9 em dois turnos, repete-se a \u201cbrincadeira\u201d na semana seguinte.<\/p>\n<p>Ah, sim: segunda, o general ocupa a cadeira e leva os pap\u00e9is \u00e0 mesa; ter\u00e7a, junta a papelada e sai e, quarta, volta. Ter\u00e7a, fica vazio o comando do estado onde havia \u201d grave comprometimento da ordem p\u00fablica\u201d. Uma humilha\u00e7\u00e3o a que nossas For\u00e7as Armadas n\u00e3o merecem ser submetidas.<\/p>\n<p>Nem mesmo o rid\u00edculo Supremo que temos pode aceitar uma farsa destas. Isso se chegar l\u00e1, porque do jeito em que anda nossa organiza\u00e7\u00e3o judicial, qualquer juiz de primeira inst\u00e2ncia d\u00e1 uma liminar suspendendo essa baderna.<\/p>\n<p>A raz\u00e3o pol\u00edtica: Rodrigo Maia, esbofeteado por Temer com o decreto de interven\u00e7\u00e3o, vai marcar a vota\u00e7\u00e3o? Vai faz\u00ea-la? E se n\u00e3o houver quorum, a interven\u00e7\u00e3o fica suspensa?<\/p>\n<p>Isso \u00e9 um circo, n\u00e3o h\u00e1 outra palavra para descrever.<\/p>\n<p>Os poderes da Rep\u00fablica viraram um escracho e o que sai dali, fede. E vai salpicar sobre as For\u00e7as Armadas.<\/p>\n<p>O \u201cvampir\u00e3o\u201d nos transformou numa Rep\u00fablica de Bananas em sua \u00e2nsia de tomar para si o controle da Pol\u00edcia Federal manipulando a crise de seguran\u00e7a. S\u00f3 n\u00e3o v\u00ea quem n\u00e3o quer.<\/p>\n<p>E em Rep\u00fablica de Bananas, como se sabe, n\u00e3o h\u00e1 elei\u00e7\u00f5es.<\/p>\n","protected":false},"excerpt":{"rendered":"<p>No Tijola\u00e7o, por Fernando Brito &#8211; Em v\u00e1rios jornais, e com manchete em O Globo para a inef\u00e1vel Miriam Leit\u00e3o, d\u00e1-se como certo que, ainda nem decretada a interven\u00e7\u00e3o federal do Rio de Janeiro, Michel Temer a suspenderia para evitar a proibi\u00e7\u00e3o constitucional de emendar a Carta enquanto houver este estado excepcional.<\/p>\n","protected":false},"author":1,"featured_media":0,"comment_status":"closed","ping_status":"open","sticky":false,"template":"","format":"standard","meta":{"_exactmetrics_skip_tracking":false,"_exactmetrics_sitenote_active":false,"_exactmetrics_sitenote_note":"","_exactmetrics_sitenote_category":0,"jetpack_post_was_ever_published":false,"_jetpack_newsletter_access":"","_jetpack_dont_email_post_to_subs":false,"_jetpack_newsletter_tier_id":0,"_jetpack_memberships_contains_paywalled_content":false,"_jetpack_memberships_contains_paid_content":false,"footnotes":"","jetpack_publicize_message":"","jetpack_publicize_feature_enabled":true,"jetpack_social_post_already_shared":true,"jetpack_social_options":{"image_generator_settings":{"template":"highway","enabled":false},"version":2}},"categories":[1],"tags":[],"class_list":["post-16615","post","type-post","status-publish","format-standard","hentry","category-notas"],"jetpack_publicize_connections":[],"jetpack_sharing_enabled":true,"jetpack_featured_media_url":"","jetpack_shortlink":"https:\/\/wp.me\/p7wKYW-4jZ","jetpack-related-posts":[],"_links":{"self":[{"href":"http:\/\/blogdalucianaoliveira.com.br\/blog\/wp-json\/wp\/v2\/posts\/16615","targetHints":{"allow":["GET"]}}],"collection":[{"href":"http:\/\/blogdalucianaoliveira.com.br\/blog\/wp-json\/wp\/v2\/posts"}],"about":[{"href":"http:\/\/blogdalucianaoliveira.com.br\/blog\/wp-json\/wp\/v2\/types\/post"}],"author":[{"embeddable":true,"href":"http:\/\/blogdalucianaoliveira.com.br\/blog\/wp-json\/wp\/v2\/users\/1"}],"replies":[{"embeddable":true,"href":"http:\/\/blogdalucianaoliveira.com.br\/blog\/wp-json\/wp\/v2\/comments?post=16615"}],"version-history":[{"count":1,"href":"http:\/\/blogdalucianaoliveira.com.br\/blog\/wp-json\/wp\/v2\/posts\/16615\/revisions"}],"predecessor-version":[{"id":16617,"href":"http:\/\/blogdalucianaoliveira.com.br\/blog\/wp-json\/wp\/v2\/posts\/16615\/revisions\/16617"}],"wp:attachment":[{"href":"http:\/\/blogdalucianaoliveira.com.br\/blog\/wp-json\/wp\/v2\/media?parent=16615"}],"wp:term":[{"taxonomy":"category","embeddable":true,"href":"http:\/\/blogdalucianaoliveira.com.br\/blog\/wp-json\/wp\/v2\/categories?post=16615"},{"taxonomy":"post_tag","embeddable":true,"href":"http:\/\/blogdalucianaoliveira.com.br\/blog\/wp-json\/wp\/v2\/tags?post=16615"}],"curies":[{"name":"wp","href":"https:\/\/api.w.org\/{rel}","templated":true}]}}