{"id":16621,"date":"2018-02-16T17:50:32","date_gmt":"2018-02-16T21:50:32","guid":{"rendered":"http:\/\/blogdalucianaoliveira.com.br\/blog\/?p=16621"},"modified":"2018-02-16T17:50:32","modified_gmt":"2018-02-16T21:50:32","slug":"tijolaco-intervem-desintervem-intervem-a-vergonha-que-vai-parar-no-supremo","status":"publish","type":"post","link":"http:\/\/blogdalucianaoliveira.com.br\/blog\/2018\/02\/16\/tijolaco-intervem-desintervem-intervem-a-vergonha-que-vai-parar-no-supremo\/","title":{"rendered":"TIJOLA\u00c7O: INTERV\u00c9M -\u2018DESINTERV\u00c9M\u2019- INTERV\u00c9M. A VERGONHA QUE VAI PARAR NO SUPREMO"},"content":{"rendered":"<p><img data-recalc-dims=\"1\" loading=\"lazy\" decoding=\"async\" data-attachment-id=\"16622\" data-permalink=\"http:\/\/blogdalucianaoliveira.com.br\/blog\/2018\/02\/16\/tijolaco-intervem-desintervem-intervem-a-vergonha-que-vai-parar-no-supremo\/verg\/\" data-orig-file=\"https:\/\/i0.wp.com\/blogdalucianaoliveira.com.br\/blog\/wp-content\/uploads\/2018\/02\/verg.jpg?fit=1000%2C357\" data-orig-size=\"1000,357\" data-comments-opened=\"0\" data-image-meta=\"{&quot;aperture&quot;:&quot;0&quot;,&quot;credit&quot;:&quot;&quot;,&quot;camera&quot;:&quot;&quot;,&quot;caption&quot;:&quot;&quot;,&quot;created_timestamp&quot;:&quot;0&quot;,&quot;copyright&quot;:&quot;&quot;,&quot;focal_length&quot;:&quot;0&quot;,&quot;iso&quot;:&quot;0&quot;,&quot;shutter_speed&quot;:&quot;0&quot;,&quot;title&quot;:&quot;&quot;,&quot;orientation&quot;:&quot;0&quot;}\" data-image-title=\"verg\" data-image-description=\"\" data-image-caption=\"\" data-medium-file=\"https:\/\/i0.wp.com\/blogdalucianaoliveira.com.br\/blog\/wp-content\/uploads\/2018\/02\/verg.jpg?fit=300%2C107\" data-large-file=\"https:\/\/i0.wp.com\/blogdalucianaoliveira.com.br\/blog\/wp-content\/uploads\/2018\/02\/verg.jpg?fit=600%2C214\" src=\"https:\/\/i0.wp.com\/blogdalucianaoliveira.com.br\/blog\/wp-content\/uploads\/2018\/02\/verg.jpg?resize=600%2C214\" alt=\"verg\" width=\"600\" height=\"214\" class=\"alignnone size-full wp-image-16622\" srcset=\"https:\/\/i0.wp.com\/blogdalucianaoliveira.com.br\/blog\/wp-content\/uploads\/2018\/02\/verg.jpg?w=1000 1000w, https:\/\/i0.wp.com\/blogdalucianaoliveira.com.br\/blog\/wp-content\/uploads\/2018\/02\/verg.jpg?resize=300%2C107 300w, https:\/\/i0.wp.com\/blogdalucianaoliveira.com.br\/blog\/wp-content\/uploads\/2018\/02\/verg.jpg?resize=768%2C274 768w, https:\/\/i0.wp.com\/blogdalucianaoliveira.com.br\/blog\/wp-content\/uploads\/2018\/02\/verg.jpg?resize=800%2C286 800w\" sizes=\"auto, (max-width: 600px) 100vw, 600px\" \/><\/p>\n<p>Por Fernando Brito, do Tijola\u00e7o &#8211; Quem acompanhou a entrevista dos ministros Raul Jungmann e S\u00e9rgio Etchegoyen \u2013 que quase n\u00e3o deixou falar o general-interventor Braga Neto \u2013 viu que n\u00e3o desceu goela abaixo dos rep\u00f3rteres a hist\u00f3ria de que a interven\u00e7\u00e3o federal ser\u00e1 revogada, na hora de votar a reforma da previd\u00eancia e \u201cre-decretada\u201d depois, para driblar a proibi\u00e7\u00e3o constitucional de que a Carta n\u00e3o pode ser emendada durante a vig\u00eancia de interven\u00e7\u00f5es.<!--more--><\/p>\n<p>N\u00e3o desceu e nem poderia descer, porque \u00e9 uma burla das mais descaradas a um dispositivo constitucional que s\u00f3 um constitucionalista de marotices como Michel Temer poderia imaginar.<\/p>\n<p>\u00c9 inevit\u00e1vel que esta quest\u00e3o seja judicializada, porque \u2013 mesmo sendo in\u00e9dita a interven\u00e7\u00e3o militar formal na Seguran\u00e7a P\u00fablica \u2013 o Supremo j\u00e1 julgou d\u00fazias de a\u00e7\u00f5es pedindo interven\u00e7\u00e3o nos Estados por outros motivos e, invariavelmente, afirmou que a interven\u00e7\u00e3o \u00e9 medida extrema, s\u00f3 pass\u00edvel de ser adotada se n\u00e3o h\u00e1 outra para substitu\u00ed-la, com efeitos iguais ou semelhantes.<\/p>\n<p>Se a interven\u00e7\u00e3o pode ser casuisticamente extinta para ser substitu\u00edda por uma \u201cOpera\u00e7\u00e3o de Garantia da Lei e da Ordem\u201d (GLO) enquanto durar a necessidade de n\u00e3o viger para permitir a vota\u00e7\u00e3o de emenda no Congresso e, em seguida, decretada de novo, est\u00e1 evidente quedas duas, uma: ou ela n\u00e3o era a \u00fanica a\u00e7\u00e3o poss\u00edvel ou na sua cessa\u00e7\u00e3o est\u00e1 sendo invocada uma raz\u00e3o de mera pol\u00edtica parlamentar, completamente indissociada do seu car\u00e1ter de \u201cgarantia da ordem\u201d.<\/p>\n<p>Vai ser dif\u00edcil, porque at\u00e9 figuras pr\u00f3 governo no STF j\u00e1 disseram que a interven\u00e7\u00e3o \u00e9 ato t\u00e3o extremo que s\u00f3 se justifica quando n\u00e3o h\u00e1 outro a tomar. Gilmar Mendes escreve, em artigo na Revista Justi\u00e7a e Cidadania, que um dos fundamento de legalidade de uma ato de interven\u00e7\u00e3o \u00e9 o de ser \u201cnecess\u00e1rio (isto \u00e9, insubstitu\u00edvel por outro meio menos gravoso e igualmente eficaz)\u201d.<\/p>\n<p>Ora, se pode ser,  planejada e confessadamente, substitu\u00eddo por uma opera\u00e7\u00e3o de GLO (que ali\u00e1s j\u00e1 est\u00e1 em curso),  \u00e9 porque a interven\u00e7\u00e3o n\u00e3o \u00e9 \u201cinsubstitu\u00edvel\u201d, por \u00f3bvio.<\/p>\n<p>A resposta, todos sabemos, \u00e9 politica. Ou politicagem, porque em coopera\u00e7\u00e3o com as For\u00e7as Armadas, o Governador poderia, at\u00e9, trocar os comandos que sejam considerados ineficazes ou comprometidos com a criminalidade.<\/p>\n<p>Temer tirou de foco a Reforma da previd\u00eancia, fugiu de encarar a vota\u00e7\u00e3o na segunda ou ter\u00e7a usando um expediente que explora o desespero criado na popula\u00e7\u00e3o com o que j\u00e1 \u00e9 grave no real mas fica ainda mais com a amplifica\u00e7\u00e3o que lhe d\u00e3o os meios de comunica\u00e7\u00e3o.<\/p>\n<p>N\u00e3o \u00e9 assim? Ent\u00e3o leia o que disse o pr\u00f3prio general-interventor, na sa\u00edda da entrevista em que quase n\u00e3o falou, descrito pelo insuspeito O Globo:<\/p>\n<p>Rec\u00e9m-nomeado interventor federal no Rio de Janeiro, o general Walter Souza Braga Netto disse que a situa\u00e7\u00e3o no Rio n\u00e3o est\u00e1 t\u00e3o ruim. Ao fim da entrevista coletiva montada no Pal\u00e1cio do Planalto para explicar o decreto assinado pelo presidente Michel Temer, quando se encaminhava para o gabinete do presidente, ao subir as escadas, foi perguntado se a situa\u00e7\u00e3o no Rio estava muito ruim. O general virou-se, fez que n\u00e3o, abanando o dedo indicador direito, e respondeu:<\/p>\n<p> \u2014 Muita m\u00eddia.<br \/>\nGeneral, o senhor que d\u00e1 sinais de ser uma pessoa l\u00facida e pouco disposta a fazer terrorismo, perdoe a liberdade. Mas perca a mania de dizer a verdade aos jornais, porque n\u00e3o vai custar para o senhor ser crucificado se n\u00e3o colocar em marcha uma a\u00e7\u00e3o selvagem contra os pobres.<\/p>\n","protected":false},"excerpt":{"rendered":"<p>Por Fernando Brito, do Tijola\u00e7o &#8211; Quem acompanhou a entrevista dos ministros Raul Jungmann e S\u00e9rgio Etchegoyen \u2013 que quase n\u00e3o deixou falar o general-interventor Braga Neto \u2013 viu que n\u00e3o desceu goela abaixo dos rep\u00f3rteres a hist\u00f3ria de que a interven\u00e7\u00e3o federal ser\u00e1 revogada, na hora de votar a reforma da previd\u00eancia e \u201cre-decretada\u201d&#8230;<a class=\"more-link\" href=\"http:\/\/blogdalucianaoliveira.com.br\/blog\/2018\/02\/16\/tijolaco-intervem-desintervem-intervem-a-vergonha-que-vai-parar-no-supremo\/\">Continue a leitura <span class=\"meta-nav\">&raquo;<\/span><\/a><\/p>\n","protected":false},"author":1,"featured_media":0,"comment_status":"closed","ping_status":"open","sticky":false,"template":"","format":"standard","meta":{"_exactmetrics_skip_tracking":false,"_exactmetrics_sitenote_active":false,"_exactmetrics_sitenote_note":"","_exactmetrics_sitenote_category":0,"jetpack_post_was_ever_published":false,"_jetpack_newsletter_access":"","_jetpack_dont_email_post_to_subs":false,"_jetpack_newsletter_tier_id":0,"_jetpack_memberships_contains_paywalled_content":false,"_jetpack_memberships_contains_paid_content":false,"footnotes":"","jetpack_publicize_message":"","jetpack_publicize_feature_enabled":true,"jetpack_social_post_already_shared":true,"jetpack_social_options":{"image_generator_settings":{"template":"highway","enabled":false},"version":2}},"categories":[1],"tags":[],"class_list":["post-16621","post","type-post","status-publish","format-standard","hentry","category-notas"],"jetpack_publicize_connections":[],"jetpack_sharing_enabled":true,"jetpack_featured_media_url":"","jetpack_shortlink":"https:\/\/wp.me\/p7wKYW-4k5","jetpack-related-posts":[],"_links":{"self":[{"href":"http:\/\/blogdalucianaoliveira.com.br\/blog\/wp-json\/wp\/v2\/posts\/16621","targetHints":{"allow":["GET"]}}],"collection":[{"href":"http:\/\/blogdalucianaoliveira.com.br\/blog\/wp-json\/wp\/v2\/posts"}],"about":[{"href":"http:\/\/blogdalucianaoliveira.com.br\/blog\/wp-json\/wp\/v2\/types\/post"}],"author":[{"embeddable":true,"href":"http:\/\/blogdalucianaoliveira.com.br\/blog\/wp-json\/wp\/v2\/users\/1"}],"replies":[{"embeddable":true,"href":"http:\/\/blogdalucianaoliveira.com.br\/blog\/wp-json\/wp\/v2\/comments?post=16621"}],"version-history":[{"count":1,"href":"http:\/\/blogdalucianaoliveira.com.br\/blog\/wp-json\/wp\/v2\/posts\/16621\/revisions"}],"predecessor-version":[{"id":16623,"href":"http:\/\/blogdalucianaoliveira.com.br\/blog\/wp-json\/wp\/v2\/posts\/16621\/revisions\/16623"}],"wp:attachment":[{"href":"http:\/\/blogdalucianaoliveira.com.br\/blog\/wp-json\/wp\/v2\/media?parent=16621"}],"wp:term":[{"taxonomy":"category","embeddable":true,"href":"http:\/\/blogdalucianaoliveira.com.br\/blog\/wp-json\/wp\/v2\/categories?post=16621"},{"taxonomy":"post_tag","embeddable":true,"href":"http:\/\/blogdalucianaoliveira.com.br\/blog\/wp-json\/wp\/v2\/tags?post=16621"}],"curies":[{"name":"wp","href":"https:\/\/api.w.org\/{rel}","templated":true}]}}