{"id":16625,"date":"2018-02-18T11:25:55","date_gmt":"2018-02-18T15:25:55","guid":{"rendered":"http:\/\/blogdalucianaoliveira.com.br\/blog\/?p=16625"},"modified":"2018-02-18T11:25:55","modified_gmt":"2018-02-18T15:25:55","slug":"golpe-censura-tuiuti-e-vampirao-desfila-sem-faixa-presidencial","status":"publish","type":"post","link":"http:\/\/blogdalucianaoliveira.com.br\/blog\/2018\/02\/18\/golpe-censura-tuiuti-e-vampirao-desfila-sem-faixa-presidencial\/","title":{"rendered":"GOLPE CENSURA TUIUTI E VAMPIR\u00c3O DESFILA SEM FAIXA PRESIDENCIAL"},"content":{"rendered":"<p><img data-recalc-dims=\"1\" loading=\"lazy\" decoding=\"async\" data-attachment-id=\"16626\" data-permalink=\"http:\/\/blogdalucianaoliveira.com.br\/blog\/2018\/02\/18\/golpe-censura-tuiuti-e-vampirao-desfila-sem-faixa-presidencial\/redea\/\" data-orig-file=\"https:\/\/i0.wp.com\/blogdalucianaoliveira.com.br\/blog\/wp-content\/uploads\/2018\/02\/redea.jpg?fit=1000%2C357\" data-orig-size=\"1000,357\" data-comments-opened=\"0\" data-image-meta=\"{&quot;aperture&quot;:&quot;0&quot;,&quot;credit&quot;:&quot;&quot;,&quot;camera&quot;:&quot;&quot;,&quot;caption&quot;:&quot;&quot;,&quot;created_timestamp&quot;:&quot;0&quot;,&quot;copyright&quot;:&quot;&quot;,&quot;focal_length&quot;:&quot;0&quot;,&quot;iso&quot;:&quot;0&quot;,&quot;shutter_speed&quot;:&quot;0&quot;,&quot;title&quot;:&quot;&quot;,&quot;orientation&quot;:&quot;0&quot;}\" data-image-title=\"redea\" data-image-description=\"\" data-image-caption=\"\" data-medium-file=\"https:\/\/i0.wp.com\/blogdalucianaoliveira.com.br\/blog\/wp-content\/uploads\/2018\/02\/redea.jpg?fit=300%2C107\" data-large-file=\"https:\/\/i0.wp.com\/blogdalucianaoliveira.com.br\/blog\/wp-content\/uploads\/2018\/02\/redea.jpg?fit=600%2C214\" src=\"https:\/\/i0.wp.com\/blogdalucianaoliveira.com.br\/blog\/wp-content\/uploads\/2018\/02\/redea.jpg?resize=600%2C214\" alt=\"redea\" width=\"600\" height=\"214\" class=\"alignnone size-full wp-image-16626\" srcset=\"https:\/\/i0.wp.com\/blogdalucianaoliveira.com.br\/blog\/wp-content\/uploads\/2018\/02\/redea.jpg?w=1000 1000w, https:\/\/i0.wp.com\/blogdalucianaoliveira.com.br\/blog\/wp-content\/uploads\/2018\/02\/redea.jpg?resize=300%2C107 300w, https:\/\/i0.wp.com\/blogdalucianaoliveira.com.br\/blog\/wp-content\/uploads\/2018\/02\/redea.jpg?resize=768%2C274 768w, https:\/\/i0.wp.com\/blogdalucianaoliveira.com.br\/blog\/wp-content\/uploads\/2018\/02\/redea.jpg?resize=800%2C286 800w\" sizes=\"auto, (max-width: 600px) 100vw, 600px\" \/><\/p>\n<p>247 \u2013 A censura est\u00e1 de volta ao Brasil, um dia depois da interven\u00e7\u00e3o militar no Rio de Janeiro. Nesta madrugada, no no desfile das campe\u00e3s, o &#8220;vampir\u00e3o&#8221; da Para\u00edso do Tuiuti desfilou sem faixa presidencial. Em entrevista \u00e0 M\u00eddia Ninja, o historiador L\u00e9o Morais, que deu vida ao &#8220;vampir\u00e3o&#8221;, afirmou que seu personagem representa o &#8220;sistema&#8221; \u2013 e n\u00e3o necessariamente Michel Temer, que usurpou a presid\u00eancia da Rep\u00fablica por meio de um golpe parlamentar.<!--more--><\/p>\n<p>No desfile, as arquibancadas foram tamb\u00e9m tomadas por protestos contra a Globo, pe\u00e7a central no golpe de 2016, que pediu a volta das for\u00e7as armadas no Rio de Janeiro. L\u00e9o Morais se disse muito feliz com a segunda coloca\u00e7\u00e3o da Tuiuti e tamb\u00e9m muito preocupado com as semelhan\u00e7as entre os dias atuais e o per\u00edodo que antecedeu o golpe militar de 1964.<\/p>\n<p>Em editorial publicado nesta sexta-feira 17, a Globo pediu que os militares fiquem no Rio de Janeiro por muito mais tempo.<\/p>\n<p>Num v\u00eddeo produzido pela M\u00eddia Ninja, revelou-se que L\u00e9o Morais foi quase impedido de desfilar e s\u00f3 obteve autoriza\u00e7\u00e3o depois da confirma\u00e7\u00e3o de que ele sairia sem a faixa presidencial. Ou seja: a censura foi a primeira medida tomada no Rio ap\u00f3s a interven\u00e7\u00e3o militar na seguran\u00e7a p\u00fablica. <\/p>\n<p>Em depoimento, o carnavalesco Jack Vasconcelos admitiu os inc\u00f4modos criados pelo personagem &#8220;vampir\u00e3o&#8221;, mas afirmou que o &#8220;furd\u00fancio j\u00e1 valeu a pena&#8221;. <\/p>\n","protected":false},"excerpt":{"rendered":"<p>247 \u2013 A censura est\u00e1 de volta ao Brasil, um dia depois da interven\u00e7\u00e3o militar no Rio de Janeiro. Nesta madrugada, no no desfile das campe\u00e3s, o &#8220;vampir\u00e3o&#8221; da Para\u00edso do Tuiuti desfilou sem faixa presidencial. Em entrevista \u00e0 M\u00eddia Ninja, o historiador L\u00e9o Morais, que deu vida ao &#8220;vampir\u00e3o&#8221;, afirmou que seu personagem representa&#8230;<a class=\"more-link\" href=\"http:\/\/blogdalucianaoliveira.com.br\/blog\/2018\/02\/18\/golpe-censura-tuiuti-e-vampirao-desfila-sem-faixa-presidencial\/\">Continue a leitura <span class=\"meta-nav\">&raquo;<\/span><\/a><\/p>\n","protected":false},"author":1,"featured_media":0,"comment_status":"closed","ping_status":"open","sticky":false,"template":"","format":"standard","meta":{"_exactmetrics_skip_tracking":false,"_exactmetrics_sitenote_active":false,"_exactmetrics_sitenote_note":"","_exactmetrics_sitenote_category":0,"jetpack_post_was_ever_published":false,"_jetpack_newsletter_access":"","_jetpack_dont_email_post_to_subs":false,"_jetpack_newsletter_tier_id":0,"_jetpack_memberships_contains_paywalled_content":false,"_jetpack_memberships_contains_paid_content":false,"footnotes":"","jetpack_publicize_message":"","jetpack_publicize_feature_enabled":true,"jetpack_social_post_already_shared":true,"jetpack_social_options":{"image_generator_settings":{"template":"highway","enabled":false},"version":2}},"categories":[1],"tags":[],"class_list":["post-16625","post","type-post","status-publish","format-standard","hentry","category-notas"],"jetpack_publicize_connections":[],"jetpack_sharing_enabled":true,"jetpack_featured_media_url":"","jetpack_shortlink":"https:\/\/wp.me\/p7wKYW-4k9","jetpack-related-posts":[],"_links":{"self":[{"href":"http:\/\/blogdalucianaoliveira.com.br\/blog\/wp-json\/wp\/v2\/posts\/16625","targetHints":{"allow":["GET"]}}],"collection":[{"href":"http:\/\/blogdalucianaoliveira.com.br\/blog\/wp-json\/wp\/v2\/posts"}],"about":[{"href":"http:\/\/blogdalucianaoliveira.com.br\/blog\/wp-json\/wp\/v2\/types\/post"}],"author":[{"embeddable":true,"href":"http:\/\/blogdalucianaoliveira.com.br\/blog\/wp-json\/wp\/v2\/users\/1"}],"replies":[{"embeddable":true,"href":"http:\/\/blogdalucianaoliveira.com.br\/blog\/wp-json\/wp\/v2\/comments?post=16625"}],"version-history":[{"count":1,"href":"http:\/\/blogdalucianaoliveira.com.br\/blog\/wp-json\/wp\/v2\/posts\/16625\/revisions"}],"predecessor-version":[{"id":16627,"href":"http:\/\/blogdalucianaoliveira.com.br\/blog\/wp-json\/wp\/v2\/posts\/16625\/revisions\/16627"}],"wp:attachment":[{"href":"http:\/\/blogdalucianaoliveira.com.br\/blog\/wp-json\/wp\/v2\/media?parent=16625"}],"wp:term":[{"taxonomy":"category","embeddable":true,"href":"http:\/\/blogdalucianaoliveira.com.br\/blog\/wp-json\/wp\/v2\/categories?post=16625"},{"taxonomy":"post_tag","embeddable":true,"href":"http:\/\/blogdalucianaoliveira.com.br\/blog\/wp-json\/wp\/v2\/tags?post=16625"}],"curies":[{"name":"wp","href":"https:\/\/api.w.org\/{rel}","templated":true}]}}