{"id":16628,"date":"2018-02-18T11:57:00","date_gmt":"2018-02-18T15:57:00","guid":{"rendered":"http:\/\/blogdalucianaoliveira.com.br\/blog\/?p=16628"},"modified":"2018-02-18T11:59:30","modified_gmt":"2018-02-18T15:59:30","slug":"ausencia-de-faixa-em-temer-vampiro-e-estaca-na-liberdade-de-expressao","status":"publish","type":"post","link":"http:\/\/blogdalucianaoliveira.com.br\/blog\/2018\/02\/18\/ausencia-de-faixa-em-temer-vampiro-e-estaca-na-liberdade-de-expressao\/","title":{"rendered":"AUS\u00caNCIA DE FAIXA EM &#8216;TEMER VAMPIRO&#8217; \u00c9 ESTACA NA LIBERDADE DE EXPRESS\u00c3O"},"content":{"rendered":"<p><img data-recalc-dims=\"1\" loading=\"lazy\" decoding=\"async\" data-attachment-id=\"16629\" data-permalink=\"http:\/\/blogdalucianaoliveira.com.br\/blog\/2018\/02\/18\/ausencia-de-faixa-em-temer-vampiro-e-estaca-na-liberdade-de-expressao\/fai\/\" data-orig-file=\"https:\/\/i0.wp.com\/blogdalucianaoliveira.com.br\/blog\/wp-content\/uploads\/2018\/02\/fai.jpg?fit=699%2C420\" data-orig-size=\"699,420\" data-comments-opened=\"0\" data-image-meta=\"{&quot;aperture&quot;:&quot;0&quot;,&quot;credit&quot;:&quot;&quot;,&quot;camera&quot;:&quot;&quot;,&quot;caption&quot;:&quot;&quot;,&quot;created_timestamp&quot;:&quot;0&quot;,&quot;copyright&quot;:&quot;&quot;,&quot;focal_length&quot;:&quot;0&quot;,&quot;iso&quot;:&quot;0&quot;,&quot;shutter_speed&quot;:&quot;0&quot;,&quot;title&quot;:&quot;&quot;,&quot;orientation&quot;:&quot;0&quot;}\" data-image-title=\"fai\" data-image-description=\"\" data-image-caption=\"\" data-medium-file=\"https:\/\/i0.wp.com\/blogdalucianaoliveira.com.br\/blog\/wp-content\/uploads\/2018\/02\/fai.jpg?fit=300%2C180\" data-large-file=\"https:\/\/i0.wp.com\/blogdalucianaoliveira.com.br\/blog\/wp-content\/uploads\/2018\/02\/fai.jpg?fit=600%2C361\" src=\"https:\/\/i0.wp.com\/blogdalucianaoliveira.com.br\/blog\/wp-content\/uploads\/2018\/02\/fai.jpg?resize=600%2C361\" alt=\"fai\" width=\"600\" height=\"361\" class=\"alignnone size-full wp-image-16629\" srcset=\"https:\/\/i0.wp.com\/blogdalucianaoliveira.com.br\/blog\/wp-content\/uploads\/2018\/02\/fai.jpg?w=699 699w, https:\/\/i0.wp.com\/blogdalucianaoliveira.com.br\/blog\/wp-content\/uploads\/2018\/02\/fai.jpg?resize=300%2C180 300w, https:\/\/i0.wp.com\/blogdalucianaoliveira.com.br\/blog\/wp-content\/uploads\/2018\/02\/fai.jpg?resize=499%2C300 499w\" sizes=\"auto, (max-width: 600px) 100vw, 600px\" \/><\/p>\n<p>&#8220;O pior pecado depois do pecado, \u00e9 a publica\u00e7\u00e3o do pecado&#8221;, escreveu Machado de Assis.<\/p>\n<p>N\u00e3o bastou ao governo golpista e corrupto blindar a grande a imprensa para ignorar a apari\u00e7\u00e3o do &#8216;vampiro Temer&#8217; no primeiro desfile da Para\u00edso do Tuiut\u00ed. Diante da enorme repercuss\u00e3o negativa ao governo e positiva \u00e0 sociedade brasileira, resgataram a censura.<!--more--><\/p>\n<p>No desfile das campe\u00e3s, o ator que encenou o &#8216;presidente vampiro&#8217; sugador de direitos foi obrigado a trocar a faixa presidencial por uma gravata verde e amarela.<\/p>\n<p>A vergonha s\u00f3 aumentou de tamanho.<\/p>\n<p>Censura \u00e9 um instrumento de repress\u00e3o ao senso cr\u00edtico que n\u00e3o cabe numa democracia e no carnaval ganha um potencial danoso ainda maior. A s\u00e1tira \u00e9 um elemento imprescind\u00edvel \u00e0 maior manifesta\u00e7\u00e3o cultural do planeta. Na Europa, v\u00e1rios presidentes foram retratados em situa\u00e7\u00f5es de deboche. <\/p>\n<p>Por que Temer n\u00e3o? Com ou sem faixa, o mundo inteiro guardar\u00e1 quem \u00e9 o vampiro.<\/p>\n<p>\u00c9 o que o espelho reflete ao presidente ileg\u00edtimo que imp\u00f4s as trevas.<\/p>\n<p>Temer n\u00e3o teme a imortalidade como vampiro nos livros de hist\u00f3ria, mas a pr\u00f3pria consci\u00eancia que acompanha o arrastar de correntes cada vez que d\u00e1 um passo.<\/p>\n<p>Contra a censura, arma dos desesperados, um trecho de Augusto dos Anjos:<\/p>\n<p>Profund\u00edssimamente hipocondr\u00edaco,<br \/>\nEste ambiente me causa repugn\u00e2ncia\u2026<br \/>\nSobe-me \u00e0 boca uma \u00e2nsia an\u00e1loga \u00e0 \u00e2nsia<br \/>\nQue se escapa da boca de um card\u00edaco.<\/p>\n<p>J\u00e1 o verme \u2014 este oper\u00e1rio das ru\u00ednas \u2014<br \/>\nQue o sangue podre das carnificinas<br \/>\nCome, e \u00e0 vida em geral declara guerra,<\/p>\n<p>Anda a espreitar meus olhos para ro\u00ea-los,<br \/>\nE h\u00e1-de deixar-me apenas os cabelos,<br \/>\nNa frialdade inorg\u00e2nica da terra!  <\/p>\n","protected":false},"excerpt":{"rendered":"<p>&#8220;O pior pecado depois do pecado, \u00e9 a publica\u00e7\u00e3o do pecado&#8221;, escreveu Machado de Assis. N\u00e3o bastou ao governo golpista e corrupto blindar a grande a imprensa para ignorar a apari\u00e7\u00e3o do &#8216;vampiro Temer&#8217; no primeiro desfile da Para\u00edso do Tuiut\u00ed. Diante da enorme repercuss\u00e3o negativa ao governo e positiva \u00e0 sociedade brasileira, resgataram a&#8230;<a class=\"more-link\" href=\"http:\/\/blogdalucianaoliveira.com.br\/blog\/2018\/02\/18\/ausencia-de-faixa-em-temer-vampiro-e-estaca-na-liberdade-de-expressao\/\">Continue a leitura <span class=\"meta-nav\">&raquo;<\/span><\/a><\/p>\n","protected":false},"author":1,"featured_media":0,"comment_status":"closed","ping_status":"open","sticky":false,"template":"","format":"standard","meta":{"_exactmetrics_skip_tracking":false,"_exactmetrics_sitenote_active":false,"_exactmetrics_sitenote_note":"","_exactmetrics_sitenote_category":0,"jetpack_post_was_ever_published":false,"_jetpack_newsletter_access":"","_jetpack_dont_email_post_to_subs":false,"_jetpack_newsletter_tier_id":0,"_jetpack_memberships_contains_paywalled_content":false,"_jetpack_memberships_contains_paid_content":false,"footnotes":"","jetpack_publicize_message":"","jetpack_publicize_feature_enabled":true,"jetpack_social_post_already_shared":true,"jetpack_social_options":{"image_generator_settings":{"template":"highway","enabled":false},"version":2}},"categories":[1],"tags":[],"class_list":["post-16628","post","type-post","status-publish","format-standard","hentry","category-notas"],"jetpack_publicize_connections":[],"jetpack_sharing_enabled":true,"jetpack_featured_media_url":"","jetpack_shortlink":"https:\/\/wp.me\/p7wKYW-4kc","jetpack-related-posts":[],"_links":{"self":[{"href":"http:\/\/blogdalucianaoliveira.com.br\/blog\/wp-json\/wp\/v2\/posts\/16628","targetHints":{"allow":["GET"]}}],"collection":[{"href":"http:\/\/blogdalucianaoliveira.com.br\/blog\/wp-json\/wp\/v2\/posts"}],"about":[{"href":"http:\/\/blogdalucianaoliveira.com.br\/blog\/wp-json\/wp\/v2\/types\/post"}],"author":[{"embeddable":true,"href":"http:\/\/blogdalucianaoliveira.com.br\/blog\/wp-json\/wp\/v2\/users\/1"}],"replies":[{"embeddable":true,"href":"http:\/\/blogdalucianaoliveira.com.br\/blog\/wp-json\/wp\/v2\/comments?post=16628"}],"version-history":[{"count":3,"href":"http:\/\/blogdalucianaoliveira.com.br\/blog\/wp-json\/wp\/v2\/posts\/16628\/revisions"}],"predecessor-version":[{"id":16632,"href":"http:\/\/blogdalucianaoliveira.com.br\/blog\/wp-json\/wp\/v2\/posts\/16628\/revisions\/16632"}],"wp:attachment":[{"href":"http:\/\/blogdalucianaoliveira.com.br\/blog\/wp-json\/wp\/v2\/media?parent=16628"}],"wp:term":[{"taxonomy":"category","embeddable":true,"href":"http:\/\/blogdalucianaoliveira.com.br\/blog\/wp-json\/wp\/v2\/categories?post=16628"},{"taxonomy":"post_tag","embeddable":true,"href":"http:\/\/blogdalucianaoliveira.com.br\/blog\/wp-json\/wp\/v2\/tags?post=16628"}],"curies":[{"name":"wp","href":"https:\/\/api.w.org\/{rel}","templated":true}]}}