{"id":16636,"date":"2018-02-19T12:16:20","date_gmt":"2018-02-19T16:16:20","guid":{"rendered":"http:\/\/blogdalucianaoliveira.com.br\/blog\/?p=16636"},"modified":"2018-02-19T12:16:20","modified_gmt":"2018-02-19T16:16:20","slug":"o-rio-saira-o-mesmo-depois-da-intervencao-ja-o-exercito","status":"publish","type":"post","link":"http:\/\/blogdalucianaoliveira.com.br\/blog\/2018\/02\/19\/o-rio-saira-o-mesmo-depois-da-intervencao-ja-o-exercito\/","title":{"rendered":"O Rio sair\u00e1 o mesmo depois da interven\u00e7\u00e3o. J\u00e1 o Ex\u00e9rcito\u2026"},"content":{"rendered":"<p><img data-recalc-dims=\"1\" loading=\"lazy\" decoding=\"async\" data-attachment-id=\"16637\" data-permalink=\"http:\/\/blogdalucianaoliveira.com.br\/blog\/2018\/02\/19\/o-rio-saira-o-mesmo-depois-da-intervencao-ja-o-exercito\/vam\/\" data-orig-file=\"https:\/\/i0.wp.com\/blogdalucianaoliveira.com.br\/blog\/wp-content\/uploads\/2018\/02\/vam.jpg?fit=600%2C337\" data-orig-size=\"600,337\" data-comments-opened=\"0\" data-image-meta=\"{&quot;aperture&quot;:&quot;0&quot;,&quot;credit&quot;:&quot;&quot;,&quot;camera&quot;:&quot;&quot;,&quot;caption&quot;:&quot;&quot;,&quot;created_timestamp&quot;:&quot;0&quot;,&quot;copyright&quot;:&quot;&quot;,&quot;focal_length&quot;:&quot;0&quot;,&quot;iso&quot;:&quot;0&quot;,&quot;shutter_speed&quot;:&quot;0&quot;,&quot;title&quot;:&quot;&quot;,&quot;orientation&quot;:&quot;0&quot;}\" data-image-title=\"vam\" data-image-description=\"\" data-image-caption=\"\" data-medium-file=\"https:\/\/i0.wp.com\/blogdalucianaoliveira.com.br\/blog\/wp-content\/uploads\/2018\/02\/vam.jpg?fit=300%2C169\" data-large-file=\"https:\/\/i0.wp.com\/blogdalucianaoliveira.com.br\/blog\/wp-content\/uploads\/2018\/02\/vam.jpg?fit=600%2C337\" src=\"https:\/\/i0.wp.com\/blogdalucianaoliveira.com.br\/blog\/wp-content\/uploads\/2018\/02\/vam.jpg?resize=600%2C337\" alt=\"vam\" width=\"600\" height=\"337\" class=\"alignnone size-full wp-image-16637\" srcset=\"https:\/\/i0.wp.com\/blogdalucianaoliveira.com.br\/blog\/wp-content\/uploads\/2018\/02\/vam.jpg?w=600 600w, https:\/\/i0.wp.com\/blogdalucianaoliveira.com.br\/blog\/wp-content\/uploads\/2018\/02\/vam.jpg?resize=300%2C169 300w, https:\/\/i0.wp.com\/blogdalucianaoliveira.com.br\/blog\/wp-content\/uploads\/2018\/02\/vam.jpg?resize=534%2C300 534w\" sizes=\"auto, (max-width: 600px) 100vw, 600px\" \/><\/p>\n<p>no DCM, por Marcos Sacramento &#8211; O an\u00fancio da interven\u00e7\u00e3o federal no Rio de Janeiro encheu o notici\u00e1rio e as redes sociais de indaga\u00e7\u00f5es a respeito das inten\u00e7\u00f5es de Temer. H\u00e1 an\u00e1lises que veem um movimento no tabuleiro do jogo da reforma da Previd\u00eancia.<!--more--><\/p>\n<p>Outras, exageradas, consideram o primeiro passo da jornada rumo \u00e0 interven\u00e7\u00e3o militar na Venezuela.<\/p>\n<p>Entre hip\u00f3teses fact\u00edveis e fantasiosas, a \u00fanica certeza \u00e9 a in\u00e9pcia presidencial para encarar o problema da viol\u00eancia urbana. Defeito, ali\u00e1s, que n\u00e3o \u00e9 exclusivo de Temer e sua gangue.<\/p>\n<p>A ideia da for\u00e7a como \u00fanico recurso para combater o crime \u00e9 t\u00e3o comum entre pol\u00edticos e gestores p\u00fablicos quanto os ternos azul-marinho.<\/p>\n<p>N\u00e3o interessa que as experi\u00eancias passadas tenham comprovado a inefic\u00e1cia da f\u00f3rmula. Entra ano e sai ano o pa\u00eds \u00e9 bombardeado com not\u00edcias de mortes por balas perdidas, arrast\u00f5es, latroc\u00ednios, traficantes com armas de guerra, policiais mortos e suspeitos executados no Rio de Janeiro.<\/p>\n<p>O cen\u00e1rio \u00e9 parecido em outros estados, assim como as medidas para enfrentar o problema, com \u00eanfase nos mecanismos de repress\u00e3o e vigil\u00e2ncia, como opera\u00e7\u00f5es policiais e instala\u00e7\u00e3o de sistemas de videomonitoramento.<\/p>\n<p>Projetos de preven\u00e7\u00e3o focados na inclus\u00e3o social, quando existem, ficam ref\u00e9ns das mudan\u00e7as pol\u00edticas.<\/p>\n<p>N\u00e3o raro programas s\u00e3o interrompidos assim que um novo governo assume, sob a justificativa de que apresentavam falhas e diante da promessa de implanta\u00e7\u00e3o de um projeto \u201cinovador\u201d de preven\u00e7\u00e3o \u00e0 criminalidade.<\/p>\n<p>A viol\u00eancia urbana \u00e9 um problema com muitas causas: desigualdade social, educa\u00e7\u00e3o p\u00fablica prec\u00e1ria, corrup\u00e7\u00e3o policial, falta de pol\u00edticas sociais para a inf\u00e2ncia e a juventude, consumismo, desemprego, entre v\u00e1rios outros.<\/p>\n<p>\u00cdndices de homic\u00eddios elevados em bairros onde o esgoto corre a c\u00e9u aberto em contraponto \u00e0s escassas mortes em bairros bem cuidados de ruas arborizadas e cal\u00e7adas largas n\u00e3o s\u00e3o coincid\u00eancias.<\/p>\n<p>Assim como n\u00e3o \u00e9 uma simples escolha que leva um jovem a trabalhar no tr\u00e1fico mesmo sabendo que em poucos anos estar\u00e1 morto ou preso.<\/p>\n<p>Os exemplos mostram como a quest\u00e3o \u00e9 complexa. Envolve tanto a \u00e1rea de infraestrutura urbana quanto a Psicologia.<\/p>\n<p>Para os donos do poder, contudo, a \u00fanica alternativa \u00e9 o uso da for\u00e7a policial, aquilo que a especialista em seguran\u00e7a p\u00fablica Jacqueline Muniz chamou, em entrevista \u00e0 Globo News, de \u201cefeito espanta barata, sobe e desce morro\u201d.<\/p>\n<p>Claro que as opera\u00e7\u00f5es policiais s\u00e3o importantes, mas sem pol\u00edticas de preven\u00e7\u00e3o elas se tornam um ciclo eterno de apreens\u00f5es, pris\u00f5es e mortes.<\/p>\n<p>Acontece que para reprimir basta juntar a tropa, ir para os lugares de sempre e pegar os suspeitos de sempre. Preven\u00e7\u00e3o \u00e9 outra hist\u00f3ria. Exige comprometimento, pensamento a longo prazo e estudo, muito estudo.<\/p>\n<p>Do alto dos seus 77 anos, \u00e9 imposs\u00edvel que Temer nunca tenha ouvido falar disso. Como idade avan\u00e7ada n\u00e3o significa sabedoria, em vez de estudos ele emprega a teatralidade b\u00e9lica.<\/p>\n<p>Comprometimento s\u00f3 existe com as pr\u00f3prias vaidades, como na hora de mandar emiss\u00e1rios \u00e0 escola de samba para impedir o desfile do \u201cvampiro-presidente\u201d.<\/p>\n<p>O pensamento a longo prazo d\u00e1 lugar \u00e0 cria\u00e7\u00e3o apressada do Minist\u00e9rio de Seguran\u00e7a P\u00fablica, com a miss\u00e3o evasiva de \u201ccoordenar a seguran\u00e7a p\u00fablica em todo o pa\u00eds\u201d e prazo de validade para ser extinto.<\/p>\n<p>Com tantas medidas equivocadas em curt\u00edssimo espa\u00e7o, n\u00e3o \u00e9 preciso ser especialista para apostar que a situa\u00e7\u00e3o do Rio continuar\u00e1 a mesma ap\u00f3s a interven\u00e7\u00e3o federal.<\/p>\n<p>Isso se o crime n\u00e3o sair fortalecido.<\/p>\n","protected":false},"excerpt":{"rendered":"<p>no DCM, por Marcos Sacramento &#8211; O an\u00fancio da interven\u00e7\u00e3o federal no Rio de Janeiro encheu o notici\u00e1rio e as redes sociais de indaga\u00e7\u00f5es a respeito das inten\u00e7\u00f5es de Temer. H\u00e1 an\u00e1lises que veem um movimento no tabuleiro do jogo da reforma da Previd\u00eancia.<\/p>\n","protected":false},"author":1,"featured_media":0,"comment_status":"closed","ping_status":"open","sticky":false,"template":"","format":"standard","meta":{"_exactmetrics_skip_tracking":false,"_exactmetrics_sitenote_active":false,"_exactmetrics_sitenote_note":"","_exactmetrics_sitenote_category":0,"jetpack_post_was_ever_published":false,"_jetpack_newsletter_access":"","_jetpack_dont_email_post_to_subs":false,"_jetpack_newsletter_tier_id":0,"_jetpack_memberships_contains_paywalled_content":false,"_jetpack_memberships_contains_paid_content":false,"footnotes":"","jetpack_publicize_message":"","jetpack_publicize_feature_enabled":true,"jetpack_social_post_already_shared":true,"jetpack_social_options":{"image_generator_settings":{"template":"highway","enabled":false},"version":2}},"categories":[1],"tags":[],"class_list":["post-16636","post","type-post","status-publish","format-standard","hentry","category-notas"],"jetpack_publicize_connections":[],"jetpack_sharing_enabled":true,"jetpack_featured_media_url":"","jetpack_shortlink":"https:\/\/wp.me\/p7wKYW-4kk","jetpack-related-posts":[],"_links":{"self":[{"href":"http:\/\/blogdalucianaoliveira.com.br\/blog\/wp-json\/wp\/v2\/posts\/16636","targetHints":{"allow":["GET"]}}],"collection":[{"href":"http:\/\/blogdalucianaoliveira.com.br\/blog\/wp-json\/wp\/v2\/posts"}],"about":[{"href":"http:\/\/blogdalucianaoliveira.com.br\/blog\/wp-json\/wp\/v2\/types\/post"}],"author":[{"embeddable":true,"href":"http:\/\/blogdalucianaoliveira.com.br\/blog\/wp-json\/wp\/v2\/users\/1"}],"replies":[{"embeddable":true,"href":"http:\/\/blogdalucianaoliveira.com.br\/blog\/wp-json\/wp\/v2\/comments?post=16636"}],"version-history":[{"count":1,"href":"http:\/\/blogdalucianaoliveira.com.br\/blog\/wp-json\/wp\/v2\/posts\/16636\/revisions"}],"predecessor-version":[{"id":16638,"href":"http:\/\/blogdalucianaoliveira.com.br\/blog\/wp-json\/wp\/v2\/posts\/16636\/revisions\/16638"}],"wp:attachment":[{"href":"http:\/\/blogdalucianaoliveira.com.br\/blog\/wp-json\/wp\/v2\/media?parent=16636"}],"wp:term":[{"taxonomy":"category","embeddable":true,"href":"http:\/\/blogdalucianaoliveira.com.br\/blog\/wp-json\/wp\/v2\/categories?post=16636"},{"taxonomy":"post_tag","embeddable":true,"href":"http:\/\/blogdalucianaoliveira.com.br\/blog\/wp-json\/wp\/v2\/tags?post=16636"}],"curies":[{"name":"wp","href":"https:\/\/api.w.org\/{rel}","templated":true}]}}