{"id":16639,"date":"2018-02-19T12:23:51","date_gmt":"2018-02-19T16:23:51","guid":{"rendered":"http:\/\/blogdalucianaoliveira.com.br\/blog\/?p=16639"},"modified":"2018-02-19T12:23:51","modified_gmt":"2018-02-19T16:23:51","slug":"temer-vai-gastar-bilhoes-com-intervencao-no-rio","status":"publish","type":"post","link":"http:\/\/blogdalucianaoliveira.com.br\/blog\/2018\/02\/19\/temer-vai-gastar-bilhoes-com-intervencao-no-rio\/","title":{"rendered":"Temer vai gastar BILH\u00d5ES com interven\u00e7\u00e3o no Rio"},"content":{"rendered":"<p><img data-recalc-dims=\"1\" loading=\"lazy\" decoding=\"async\" data-attachment-id=\"16640\" data-permalink=\"http:\/\/blogdalucianaoliveira.com.br\/blog\/2018\/02\/19\/temer-vai-gastar-bilhoes-com-intervencao-no-rio\/temer-dinheiro-1-696x390\/\" data-orig-file=\"https:\/\/i0.wp.com\/blogdalucianaoliveira.com.br\/blog\/wp-content\/uploads\/2018\/02\/temer-dinheiro-1-696x390.jpg?fit=696%2C390\" data-orig-size=\"696,390\" data-comments-opened=\"0\" data-image-meta=\"{&quot;aperture&quot;:&quot;0&quot;,&quot;credit&quot;:&quot;&quot;,&quot;camera&quot;:&quot;&quot;,&quot;caption&quot;:&quot;&quot;,&quot;created_timestamp&quot;:&quot;0&quot;,&quot;copyright&quot;:&quot;&quot;,&quot;focal_length&quot;:&quot;0&quot;,&quot;iso&quot;:&quot;0&quot;,&quot;shutter_speed&quot;:&quot;0&quot;,&quot;title&quot;:&quot;&quot;,&quot;orientation&quot;:&quot;0&quot;}\" data-image-title=\"temer-dinheiro-1-696&amp;#215;390\" data-image-description=\"\" data-image-caption=\"\" data-medium-file=\"https:\/\/i0.wp.com\/blogdalucianaoliveira.com.br\/blog\/wp-content\/uploads\/2018\/02\/temer-dinheiro-1-696x390.jpg?fit=300%2C168\" data-large-file=\"https:\/\/i0.wp.com\/blogdalucianaoliveira.com.br\/blog\/wp-content\/uploads\/2018\/02\/temer-dinheiro-1-696x390.jpg?fit=600%2C336\" src=\"https:\/\/i0.wp.com\/blogdalucianaoliveira.com.br\/blog\/wp-content\/uploads\/2018\/02\/temer-dinheiro-1-696x390.jpg?resize=600%2C336\" alt=\"temer-dinheiro-1-696x390\" width=\"600\" height=\"336\" class=\"alignnone size-full wp-image-16640\" srcset=\"https:\/\/i0.wp.com\/blogdalucianaoliveira.com.br\/blog\/wp-content\/uploads\/2018\/02\/temer-dinheiro-1-696x390.jpg?resize=696%2C390 696w, https:\/\/i0.wp.com\/blogdalucianaoliveira.com.br\/blog\/wp-content\/uploads\/2018\/02\/temer-dinheiro-1-696x390.jpg?resize=300%2C168 300w, https:\/\/i0.wp.com\/blogdalucianaoliveira.com.br\/blog\/wp-content\/uploads\/2018\/02\/temer-dinheiro-1-696x390.jpg?resize=535%2C300 535w\" sizes=\"auto, (max-width: 600px) 100vw, 600px\" \/><\/p>\n<p>No Blog da Cidadania &#8211; O ministro da Fazenda, Henrique Meirelles, confirmou que o governo vai refor\u00e7ar o or\u00e7amento das For\u00e7as Armadas devido \u00e0 interven\u00e7\u00e3o no Rio de Janeiro.<\/p>\n<p>Segundo ele, a primeira alternativa seria remanejar recursos j\u00e1 direcionados para Ex\u00e9rcito, Marinha e Aeron\u00e1utica, mas Meirelles n\u00e3o descartou que dinheiro de outras \u00e1reas do governo federal que precise ser usado na interven\u00e7\u00e3o.<!--more--><\/p>\n<p>\u201cA princ\u00edpio estamos avaliando com Ex\u00e9rcito a disponibilidade que j\u00e1 est\u00e1 no or\u00e7amento para as For\u00e7as Armadas, para ver se existe a necessidade de algum custo adicional.<\/p>\n<p>Os homens j\u00e1 estavam antes \u00e0 disposi\u00e7\u00e3o do Rio e vamos trabalhar para vermos se h\u00e1 custos al\u00e9m do que est\u00e1 previsto\u201d, afirmou.<\/p>\n<p>Segundo o ministro, a eventual necessidade de envio de tropas ao Cear\u00e1 obedecer\u00e1 o mesmo racioc\u00ednio.<\/p>\n<p>O Ministro da Fazenda, Henrique Meirelles Meirelles lembrou que o or\u00e7amento federal de 2018 j\u00e1 est\u00e1 no limite do Teto de Gastos, que \u00e9 uma restri\u00e7\u00e3o constitucional.<\/p>\n<p>\u201cPortanto, qualquer despesa adicional tem de ser remanejada de outra \u00e1rea. Por isso vamos olhar com muito rigor o or\u00e7amento que j\u00e1 existe para as For\u00e7as Armadas\u201d, completou.<\/p>\n<p>Al\u00e9m do Minist\u00e9rio da Defesa, o Minist\u00e9rio do Planejamento tamb\u00e9m participa do debate sobre a necessidade de remanejamento dos recursos para a interven\u00e7\u00e3o no Rio.<\/p>\n<p>\u201cGovernar \u00e9 definir prioridades e definir or\u00e7amento tamb\u00e9m \u00e9 definir prioridades. Mas j\u00e1 estamos no Teto de Gastos, qualquer despesa adicional significar\u00e1 cortes em outras \u00e1reas\u201d, reafirmou.<\/p>\n<p>Meirelles lembrou que o Rio de Janeiro j\u00e1 aderiu ao Regime de Recupera\u00e7\u00e3o Fiscal dos Estados para tentar equacionar sua grave crise financeira. Al\u00e9m da suspens\u00e3o do pagamento das parcelas da d\u00edvida do Estado com a Uni\u00e3o por tr\u00eas anos, o governo fluminense j\u00e1 obteve um empr\u00e9stimo banc\u00e1rio de R$ 2,9 bilh\u00f5es a partir da penhora de a\u00e7\u00f5es da Cedae e negocia um novo financiamento lastreado nas receitas com os royalties de petr\u00f3leo.<\/p>\n<p>Meirelles, no entanto, n\u00e3o detalhou o valor desse novo cr\u00e9dito. \u201cA quest\u00e3o financeira do Rio est\u00e1 sendo enfrentada h\u00e1 muito tempo. O Estado j\u00e1 recebeu um empr\u00e9stimo h\u00e1 pouco tempo e negociamos nesta semana um novo empr\u00e9stimo com a cess\u00e3o dos royalties do petr\u00f3leo\u201d, afirmou.<\/p>\n<p>Na avalia\u00e7\u00e3o do ministro, a pr\u00f3pria privatiza\u00e7\u00e3o da Cedae deve ter uma \u201cbase mais s\u00f3lida\u201d com a interven\u00e7\u00e3o que, segundo ele, mostra o compromisso em resolver os problemas do Rio.<\/p>\n<p>Apesar da Reforma da Previd\u00eancia ter sido retirada da pauta do plen\u00e1rio da C\u00e2mara dos Deputados com a interven\u00e7\u00e3o, o ministro insistiu que a mudan\u00e7a nas aposentadorias \u00e9 a prioridade n\u00famero um do governo.<\/p>\n<p>\u201cSe as lideran\u00e7as do Congresso conclu\u00edrem que a reforma tem votos suficientes para ser aprovada, a ideia \u00e9 tomar uma medida que viabilize a vota\u00e7\u00e3o. Tudo ocorrer\u00e1 dentro de normas constitucionais. Antes de se definir o n\u00famero de votos n\u00e3o cabe ficarmos discutindo \u2018planos Bs&#8217;\u201d, completou.<\/p>\n<p>Meirelles ainda comentou que o resultado do IBC-BR de alta de 1,04% no acumulado do ano passado, divulgado hoje pelo Banco Central, mostra que o Brasil j\u00e1 cresceu em 2017 e crescer\u00e1 ainda mais em 2018.<\/p>\n<p>Facebook<\/p>\n","protected":false},"excerpt":{"rendered":"<p>No Blog da Cidadania &#8211; O ministro da Fazenda, Henrique Meirelles, confirmou que o governo vai refor\u00e7ar o or\u00e7amento das For\u00e7as Armadas devido \u00e0 interven\u00e7\u00e3o no Rio de Janeiro. Segundo ele, a primeira alternativa seria remanejar recursos j\u00e1 direcionados para Ex\u00e9rcito, Marinha e Aeron\u00e1utica, mas Meirelles n\u00e3o descartou que dinheiro de outras \u00e1reas do governo&#8230;<a class=\"more-link\" href=\"http:\/\/blogdalucianaoliveira.com.br\/blog\/2018\/02\/19\/temer-vai-gastar-bilhoes-com-intervencao-no-rio\/\">Continue a leitura <span class=\"meta-nav\">&raquo;<\/span><\/a><\/p>\n","protected":false},"author":1,"featured_media":0,"comment_status":"closed","ping_status":"open","sticky":false,"template":"","format":"standard","meta":{"_exactmetrics_skip_tracking":false,"_exactmetrics_sitenote_active":false,"_exactmetrics_sitenote_note":"","_exactmetrics_sitenote_category":0,"jetpack_post_was_ever_published":false,"_jetpack_newsletter_access":"","_jetpack_dont_email_post_to_subs":false,"_jetpack_newsletter_tier_id":0,"_jetpack_memberships_contains_paywalled_content":false,"_jetpack_memberships_contains_paid_content":false,"footnotes":"","jetpack_publicize_message":"","jetpack_publicize_feature_enabled":true,"jetpack_social_post_already_shared":true,"jetpack_social_options":{"image_generator_settings":{"template":"highway","enabled":false},"version":2}},"categories":[1],"tags":[],"class_list":["post-16639","post","type-post","status-publish","format-standard","hentry","category-notas"],"jetpack_publicize_connections":[],"jetpack_sharing_enabled":true,"jetpack_featured_media_url":"","jetpack_shortlink":"https:\/\/wp.me\/p7wKYW-4kn","jetpack-related-posts":[],"_links":{"self":[{"href":"http:\/\/blogdalucianaoliveira.com.br\/blog\/wp-json\/wp\/v2\/posts\/16639","targetHints":{"allow":["GET"]}}],"collection":[{"href":"http:\/\/blogdalucianaoliveira.com.br\/blog\/wp-json\/wp\/v2\/posts"}],"about":[{"href":"http:\/\/blogdalucianaoliveira.com.br\/blog\/wp-json\/wp\/v2\/types\/post"}],"author":[{"embeddable":true,"href":"http:\/\/blogdalucianaoliveira.com.br\/blog\/wp-json\/wp\/v2\/users\/1"}],"replies":[{"embeddable":true,"href":"http:\/\/blogdalucianaoliveira.com.br\/blog\/wp-json\/wp\/v2\/comments?post=16639"}],"version-history":[{"count":1,"href":"http:\/\/blogdalucianaoliveira.com.br\/blog\/wp-json\/wp\/v2\/posts\/16639\/revisions"}],"predecessor-version":[{"id":16641,"href":"http:\/\/blogdalucianaoliveira.com.br\/blog\/wp-json\/wp\/v2\/posts\/16639\/revisions\/16641"}],"wp:attachment":[{"href":"http:\/\/blogdalucianaoliveira.com.br\/blog\/wp-json\/wp\/v2\/media?parent=16639"}],"wp:term":[{"taxonomy":"category","embeddable":true,"href":"http:\/\/blogdalucianaoliveira.com.br\/blog\/wp-json\/wp\/v2\/categories?post=16639"},{"taxonomy":"post_tag","embeddable":true,"href":"http:\/\/blogdalucianaoliveira.com.br\/blog\/wp-json\/wp\/v2\/tags?post=16639"}],"curies":[{"name":"wp","href":"https:\/\/api.w.org\/{rel}","templated":true}]}}