{"id":16642,"date":"2018-02-20T11:53:58","date_gmt":"2018-02-20T15:53:58","guid":{"rendered":"http:\/\/blogdalucianaoliveira.com.br\/blog\/?p=16642"},"modified":"2018-02-20T11:57:42","modified_gmt":"2018-02-20T15:57:42","slug":"novo-racha-em-grupo-muda-perspectiva-de-eleicao-da-oab-ro","status":"publish","type":"post","link":"http:\/\/blogdalucianaoliveira.com.br\/blog\/2018\/02\/20\/novo-racha-em-grupo-muda-perspectiva-de-eleicao-da-oab-ro\/","title":{"rendered":"NOVO RACHA EM GRUPO MUDA PERSPECTIVA DE ELEI\u00c7\u00c3O DA OAB-RO"},"content":{"rendered":"<p><img data-recalc-dims=\"1\" loading=\"lazy\" decoding=\"async\" data-attachment-id=\"16643\" data-permalink=\"http:\/\/blogdalucianaoliveira.com.br\/blog\/2018\/02\/20\/novo-racha-em-grupo-muda-perspectiva-de-eleicao-da-oab-ro\/andrey-cavalcante\/\" data-orig-file=\"https:\/\/i0.wp.com\/blogdalucianaoliveira.com.br\/blog\/wp-content\/uploads\/2018\/02\/Andrey-Cavalcante.jpg?fit=440%2C250\" data-orig-size=\"440,250\" data-comments-opened=\"0\" data-image-meta=\"{&quot;aperture&quot;:&quot;0&quot;,&quot;credit&quot;:&quot;&quot;,&quot;camera&quot;:&quot;&quot;,&quot;caption&quot;:&quot;&quot;,&quot;created_timestamp&quot;:&quot;0&quot;,&quot;copyright&quot;:&quot;&quot;,&quot;focal_length&quot;:&quot;0&quot;,&quot;iso&quot;:&quot;0&quot;,&quot;shutter_speed&quot;:&quot;0&quot;,&quot;title&quot;:&quot;&quot;,&quot;orientation&quot;:&quot;0&quot;}\" data-image-title=\"Andrey-Cavalcante\" data-image-description=\"\" data-image-caption=\"\" data-medium-file=\"https:\/\/i0.wp.com\/blogdalucianaoliveira.com.br\/blog\/wp-content\/uploads\/2018\/02\/Andrey-Cavalcante.jpg?fit=300%2C170\" data-large-file=\"https:\/\/i0.wp.com\/blogdalucianaoliveira.com.br\/blog\/wp-content\/uploads\/2018\/02\/Andrey-Cavalcante.jpg?fit=440%2C250\" src=\"https:\/\/i0.wp.com\/blogdalucianaoliveira.com.br\/blog\/wp-content\/uploads\/2018\/02\/Andrey-Cavalcante.jpg?resize=440%2C250\" alt=\"Andrey-Cavalcante\" width=\"440\" height=\"250\" class=\"alignnone size-full wp-image-16643\" srcset=\"https:\/\/i0.wp.com\/blogdalucianaoliveira.com.br\/blog\/wp-content\/uploads\/2018\/02\/Andrey-Cavalcante.jpg?w=440 440w, https:\/\/i0.wp.com\/blogdalucianaoliveira.com.br\/blog\/wp-content\/uploads\/2018\/02\/Andrey-Cavalcante.jpg?resize=300%2C170 300w\" sizes=\"auto, (max-width: 440px) 100vw, 440px\" \/><\/p>\n<p>\u00c9 cada vez mais dif\u00edcil ao presidente da OAB, sustentar o &#8216;argumento&#8217; de que as cobran\u00e7as e cr\u00edticas deste blog t\u00eam car\u00e1ter pessoal em fun\u00e7\u00e3o de sua vit\u00f3ria na \u00faltima elei\u00e7\u00e3o da seccional.<\/p>\n<p>Os maus press\u00e1gios aqui lan\u00e7ados, se confirmam. O grupo de Andrey Cavalcante deve sofrer o impacto de um meteoro e espalhar caco pra todo lado.<!--more--><\/p>\n<p>E tudo pela gula do presidente e do restrito c\u00edrculo de poder que construiu com uma imagem muito muito distante da realidade.<\/p>\n<p>\u00c9 um \u00eddolo com os p\u00e9s de barro e a pedrinha que o amea\u00e7a esfarelar chama-se Mara Oliveira, a vice-presidente.<\/p>\n<p>Andrey quer colocar Mara na sombra de novo, sendo dela boa parte do m\u00e9rito por sua reelei\u00e7\u00e3o. O que de melhor ele tinha para mostrar da primeira gest\u00e3o era o trabalho da Comiss\u00e3o de Prerrogativas que tinha \u00e0 frente a Mara. Recordo de ter usado a costumeira franqueza \u00e0 \u00e9poca da campanha para dizer que achava que ela deveria concorrer \u00e0 presid\u00eancia.<\/p>\n<p><img data-recalc-dims=\"1\" loading=\"lazy\" decoding=\"async\" data-attachment-id=\"16645\" data-permalink=\"http:\/\/blogdalucianaoliveira.com.br\/blog\/2018\/02\/20\/novo-racha-em-grupo-muda-perspectiva-de-eleicao-da-oab-ro\/maracelia-oliveira\/\" data-orig-file=\"https:\/\/i0.wp.com\/blogdalucianaoliveira.com.br\/blog\/wp-content\/uploads\/2018\/02\/Marac%C3%A9lia-Oliveira.jpg?fit=1152%2C768\" data-orig-size=\"1152,768\" data-comments-opened=\"0\" data-image-meta=\"{&quot;aperture&quot;:&quot;5.6&quot;,&quot;credit&quot;:&quot;&quot;,&quot;camera&quot;:&quot;Canon EOS REBEL T3i&quot;,&quot;caption&quot;:&quot;&quot;,&quot;created_timestamp&quot;:&quot;1493068239&quot;,&quot;copyright&quot;:&quot;&quot;,&quot;focal_length&quot;:&quot;87&quot;,&quot;iso&quot;:&quot;3200&quot;,&quot;shutter_speed&quot;:&quot;0.01&quot;,&quot;title&quot;:&quot;&quot;,&quot;orientation&quot;:&quot;1&quot;}\" data-image-title=\"Marac\u00e9lia-Oliveira\" data-image-description=\"\" data-image-caption=\"\" data-medium-file=\"https:\/\/i0.wp.com\/blogdalucianaoliveira.com.br\/blog\/wp-content\/uploads\/2018\/02\/Marac%C3%A9lia-Oliveira.jpg?fit=300%2C200\" data-large-file=\"https:\/\/i0.wp.com\/blogdalucianaoliveira.com.br\/blog\/wp-content\/uploads\/2018\/02\/Marac%C3%A9lia-Oliveira.jpg?fit=600%2C400\" src=\"https:\/\/i0.wp.com\/blogdalucianaoliveira.com.br\/blog\/wp-content\/uploads\/2018\/02\/Marac%C3%A9lia-Oliveira.jpg?resize=600%2C400\" alt=\"Marac\u00e9lia-Oliveira\" width=\"600\" height=\"400\" class=\"alignnone size-full wp-image-16645\" srcset=\"https:\/\/i0.wp.com\/blogdalucianaoliveira.com.br\/blog\/wp-content\/uploads\/2018\/02\/Marac%C3%A9lia-Oliveira.jpg?w=1152 1152w, https:\/\/i0.wp.com\/blogdalucianaoliveira.com.br\/blog\/wp-content\/uploads\/2018\/02\/Marac%C3%A9lia-Oliveira.jpg?resize=300%2C200 300w, https:\/\/i0.wp.com\/blogdalucianaoliveira.com.br\/blog\/wp-content\/uploads\/2018\/02\/Marac%C3%A9lia-Oliveira.jpg?resize=768%2C512 768w, https:\/\/i0.wp.com\/blogdalucianaoliveira.com.br\/blog\/wp-content\/uploads\/2018\/02\/Marac%C3%A9lia-Oliveira.jpg?resize=1024%2C683 1024w, https:\/\/i0.wp.com\/blogdalucianaoliveira.com.br\/blog\/wp-content\/uploads\/2018\/02\/Marac%C3%A9lia-Oliveira.jpg?resize=450%2C300 450w\" sizes=\"auto, (max-width: 600px) 100vw, 600px\" \/><\/p>\n<p>H\u00e1 uma semana a perspectiva para o pr\u00f3ximo pleito na OAB era de uma chapa \u00fanica com o advogado Elton Assis, quem considero um grande advogado, mas abomino a ideia de que seja obrigado a colocar Andrey &#8211; condenado \u00e0 multa por ato atentat\u00f3rio \u00e0 dignidade da justi\u00e7a \u2013 no Conselho Federal.<\/p>\n<p>At\u00e9 o grupo de Juacy Loura, dissidente que obteve o segundo lugar na \u00faltima elei\u00e7\u00e3o j\u00e1 se acomodava \u00e0 ideia de composi\u00e7\u00e3o.<\/p>\n<p>Essa perspectiva confort\u00e1vel j\u00e1 n\u00e3o existe.<\/p>\n<p>Essas s\u00e3o informa\u00e7\u00f5es que colhi sobre o novo rompimento no grupo.<\/p>\n<p>Mara pediu o que considerou justo e Andrey teria oferecido bem menos da metade.<\/p>\n<p>Ele, claro, dono do grupo, quer n\u00e3o s\u00f3 colocar Mara de novo \u00e1 sua sombra, mas garantir uma vaga no Conselho Federal e com ela uma dire\u00e7\u00e3o nacional.<\/p>\n<p>Com quase 10 mil advogados no estado, o atual grupo n\u00e3o abre espa\u00e7o para tantos brilhantes jovens da advocacia e menos ainda um lugar de destaque para uma mulher t\u00e3o\/quanto ou at\u00e9 mais competente.<\/p>\n<p>Ali\u00e1s, a elei\u00e7\u00e3o de uma mulher como presidente poderia enfim oxigenar a institui\u00e7\u00e3o.<\/p>\n<p>Seria a primeira a presidir a seccional e mulher competente para assumir a tarefa n\u00e3o falta. Mara Oliveira e Z\u00eania Cernov s\u00e3o dois nomes de peso.<\/p>\n<p>A dan\u00e7a das cadeiras entre homens do mesmo restrito grupo tem que acabar. N\u00e3o \u00e9 bom exemplo a falta de altern\u00e2ncia no Conselho Federal e em diretorias importantes.<\/p>\n<p>De longe, observo o desmantelo da unidade.<\/p>\n<p>Lembro o triste fim de Madame Bovary, para quem imagem era tudo. <\/p>\n<p>Ela privilegiou a vaidade, o \u2018ter\u2019 ao \u2018ser\u2019, tanto traiu que n\u00e3o suportou a solid\u00e3o e o desprezo.<\/p>\n","protected":false},"excerpt":{"rendered":"<p>\u00c9 cada vez mais dif\u00edcil ao presidente da OAB, sustentar o &#8216;argumento&#8217; de que as cobran\u00e7as e cr\u00edticas deste blog t\u00eam car\u00e1ter pessoal em fun\u00e7\u00e3o de sua vit\u00f3ria na \u00faltima elei\u00e7\u00e3o da seccional. Os maus press\u00e1gios aqui lan\u00e7ados, se confirmam. O grupo de Andrey Cavalcante deve sofrer o impacto de um meteoro e espalhar caco&#8230;<a class=\"more-link\" href=\"http:\/\/blogdalucianaoliveira.com.br\/blog\/2018\/02\/20\/novo-racha-em-grupo-muda-perspectiva-de-eleicao-da-oab-ro\/\">Continue a leitura <span class=\"meta-nav\">&raquo;<\/span><\/a><\/p>\n","protected":false},"author":1,"featured_media":16643,"comment_status":"closed","ping_status":"open","sticky":false,"template":"","format":"standard","meta":{"_exactmetrics_skip_tracking":false,"_exactmetrics_sitenote_active":false,"_exactmetrics_sitenote_note":"","_exactmetrics_sitenote_category":0,"jetpack_post_was_ever_published":false,"_jetpack_newsletter_access":"","_jetpack_dont_email_post_to_subs":false,"_jetpack_newsletter_tier_id":0,"_jetpack_memberships_contains_paywalled_content":false,"_jetpack_memberships_contains_paid_content":false,"footnotes":"","jetpack_publicize_message":"","jetpack_publicize_feature_enabled":true,"jetpack_social_post_already_shared":true,"jetpack_social_options":{"image_generator_settings":{"template":"highway","enabled":false},"version":2}},"categories":[1],"tags":[],"class_list":["post-16642","post","type-post","status-publish","format-standard","has-post-thumbnail","hentry","category-notas"],"jetpack_publicize_connections":[],"jetpack_sharing_enabled":true,"jetpack_featured_media_url":"https:\/\/i0.wp.com\/blogdalucianaoliveira.com.br\/blog\/wp-content\/uploads\/2018\/02\/Andrey-Cavalcante.jpg?fit=440%2C250","jetpack_shortlink":"https:\/\/wp.me\/p7wKYW-4kq","jetpack-related-posts":[],"_links":{"self":[{"href":"http:\/\/blogdalucianaoliveira.com.br\/blog\/wp-json\/wp\/v2\/posts\/16642","targetHints":{"allow":["GET"]}}],"collection":[{"href":"http:\/\/blogdalucianaoliveira.com.br\/blog\/wp-json\/wp\/v2\/posts"}],"about":[{"href":"http:\/\/blogdalucianaoliveira.com.br\/blog\/wp-json\/wp\/v2\/types\/post"}],"author":[{"embeddable":true,"href":"http:\/\/blogdalucianaoliveira.com.br\/blog\/wp-json\/wp\/v2\/users\/1"}],"replies":[{"embeddable":true,"href":"http:\/\/blogdalucianaoliveira.com.br\/blog\/wp-json\/wp\/v2\/comments?post=16642"}],"version-history":[{"count":3,"href":"http:\/\/blogdalucianaoliveira.com.br\/blog\/wp-json\/wp\/v2\/posts\/16642\/revisions"}],"predecessor-version":[{"id":16647,"href":"http:\/\/blogdalucianaoliveira.com.br\/blog\/wp-json\/wp\/v2\/posts\/16642\/revisions\/16647"}],"wp:featuredmedia":[{"embeddable":true,"href":"http:\/\/blogdalucianaoliveira.com.br\/blog\/wp-json\/wp\/v2\/media\/16643"}],"wp:attachment":[{"href":"http:\/\/blogdalucianaoliveira.com.br\/blog\/wp-json\/wp\/v2\/media?parent=16642"}],"wp:term":[{"taxonomy":"category","embeddable":true,"href":"http:\/\/blogdalucianaoliveira.com.br\/blog\/wp-json\/wp\/v2\/categories?post=16642"},{"taxonomy":"post_tag","embeddable":true,"href":"http:\/\/blogdalucianaoliveira.com.br\/blog\/wp-json\/wp\/v2\/tags?post=16642"}],"curies":[{"name":"wp","href":"https:\/\/api.w.org\/{rel}","templated":true}]}}