{"id":16651,"date":"2018-02-20T12:11:31","date_gmt":"2018-02-20T16:11:31","guid":{"rendered":"http:\/\/blogdalucianaoliveira.com.br\/blog\/?p=16651"},"modified":"2018-02-20T12:11:31","modified_gmt":"2018-02-20T16:11:31","slug":"lula-lanca-sua-candidatura-amanha-em-bh","status":"publish","type":"post","link":"http:\/\/blogdalucianaoliveira.com.br\/blog\/2018\/02\/20\/lula-lanca-sua-candidatura-amanha-em-bh\/","title":{"rendered":"LULA LAN\u00c7A SUA CANDIDATURA AMANH\u00c3 EM BH"},"content":{"rendered":"<p><img data-recalc-dims=\"1\" loading=\"lazy\" decoding=\"async\" data-attachment-id=\"16652\" data-permalink=\"http:\/\/blogdalucianaoliveira.com.br\/blog\/2018\/02\/20\/lula-lanca-sua-candidatura-amanha-em-bh\/lul-2\/\" data-orig-file=\"https:\/\/i0.wp.com\/blogdalucianaoliveira.com.br\/blog\/wp-content\/uploads\/2018\/02\/lul.jpg?fit=1000%2C357\" data-orig-size=\"1000,357\" data-comments-opened=\"0\" data-image-meta=\"{&quot;aperture&quot;:&quot;0&quot;,&quot;credit&quot;:&quot;&quot;,&quot;camera&quot;:&quot;&quot;,&quot;caption&quot;:&quot;&quot;,&quot;created_timestamp&quot;:&quot;0&quot;,&quot;copyright&quot;:&quot;&quot;,&quot;focal_length&quot;:&quot;0&quot;,&quot;iso&quot;:&quot;0&quot;,&quot;shutter_speed&quot;:&quot;0&quot;,&quot;title&quot;:&quot;&quot;,&quot;orientation&quot;:&quot;0&quot;}\" data-image-title=\"lul\" data-image-description=\"\" data-image-caption=\"\" data-medium-file=\"https:\/\/i0.wp.com\/blogdalucianaoliveira.com.br\/blog\/wp-content\/uploads\/2018\/02\/lul.jpg?fit=300%2C107\" data-large-file=\"https:\/\/i0.wp.com\/blogdalucianaoliveira.com.br\/blog\/wp-content\/uploads\/2018\/02\/lul.jpg?fit=600%2C214\" src=\"https:\/\/i0.wp.com\/blogdalucianaoliveira.com.br\/blog\/wp-content\/uploads\/2018\/02\/lul.jpg?resize=600%2C214\" alt=\"lul\" width=\"600\" height=\"214\" class=\"alignnone size-full wp-image-16652\" srcset=\"https:\/\/i0.wp.com\/blogdalucianaoliveira.com.br\/blog\/wp-content\/uploads\/2018\/02\/lul.jpg?w=1000 1000w, https:\/\/i0.wp.com\/blogdalucianaoliveira.com.br\/blog\/wp-content\/uploads\/2018\/02\/lul.jpg?resize=300%2C107 300w, https:\/\/i0.wp.com\/blogdalucianaoliveira.com.br\/blog\/wp-content\/uploads\/2018\/02\/lul.jpg?resize=768%2C274 768w, https:\/\/i0.wp.com\/blogdalucianaoliveira.com.br\/blog\/wp-content\/uploads\/2018\/02\/lul.jpg?resize=800%2C286 800w\" sizes=\"auto, (max-width: 600px) 100vw, 600px\" \/><\/p>\n<p>No 247, por Tereza Cruvinel &#8211; Enquanto Temer fragiliza os pilares democr\u00e1ticos com a interven\u00e7\u00e3o militar no Rio, tentando viabilizar-se como candidato \u00e0 reelei\u00e7\u00e3o,   o ex-presidente Lula desafia a persegui\u00e7\u00e3o e os planos golpistas lan\u00e7ando sua pr\u00e9-candidatura a presidente  nesta quarta-feira, 21, em Belo Horizonte.  <!--more--><\/p>\n<p>Este ato, no estado mais importante governado pelo PT, ser\u00e1 o primeiro de uma s\u00e9rie programada para as pr\u00f3ximas semanas.  Em 18 de mar\u00e7o Lula come\u00e7a uma nova caravana, agora pelos estados do Sul, que incluir\u00e3o um encontro com o ex-presidente uruguaio Pepe Mujica em Porto Alegre. A ex-presidente argentina Cristina Kirchner tamb\u00e9m poder\u00e1 encontr\u00e1-lo em alguma cidade da fronteira.<\/p>\n<p>         O ato de Belo Horizonte, que ter\u00e1 como principais anfitri\u00f5es  o governador Fernando Pimentel e o ex-ministro Patrus Ananias, acontecer\u00e1 na Expominas, devendo contar com a participa\u00e7\u00e3o de 5 mil pessoas. Originalmente marcado para o dia 7 passado, foi adiado por conta do carnaval.  Antes, Lula participar\u00e1 de dois eventos na regi\u00e3o metropolitana. Visitar\u00e1 a Casa de Sa\u00fade Santa Isabel, antiga Col\u00f4nia Isabel, um antigo centro de tratamento da hansen\u00edase. O drama dos portadores desta doen\u00e7a, que no passado foram confinados, apartados de suas fam\u00edlias e da sociedade, sempre comoveu o ex-presidente, que j\u00e1 visitou outros centros como o Santa Isabel. Em Rio Branco (AC), na Col\u00f4nia Souza Ara\u00fajo,  muitas fotos da visita feita por Lula, quando ainda era presidente, continuam penduradas nas paredes.  Ali vivem  40 ex-doentes que, embora curados, n\u00e3o tiveram quem os recebesse. Al\u00e9m do preconceito contra a doen\u00e7a,  muitos sofreram mutila\u00e7\u00f5es severas que os incapacitaram para o trabalho. Alguns foram rejeitados pelas fam\u00edlias, outros perderam completamente o contato com elas desde que foram internados, quando crian\u00e7as ou jovens adultados.<\/p>\n<p>         Outro programa paralelo de Lula em Belo Horizonte ser\u00e1 a visita a um acampamento do MST, em terras eu pertenceriam ao empres\u00e1rio Eike Batista.<\/p>\n<p>         Na frente jur\u00eddica, sua defesa continua aguardando que a presidente do STF, C\u00e1rmem L\u00facia, marque a data de aprecia\u00e7\u00e3o, pelo plen\u00e1rio, do pedido de Habeas Corpus preventivo de Lula, contra uma eventual pris\u00e3o a ser determinada pelo TRF-4, ap\u00f3s o julgamento de seus recursos.<\/p>\n","protected":false},"excerpt":{"rendered":"<p>No 247, por Tereza Cruvinel &#8211; Enquanto Temer fragiliza os pilares democr\u00e1ticos com a interven\u00e7\u00e3o militar no Rio, tentando viabilizar-se como candidato \u00e0 reelei\u00e7\u00e3o, o ex-presidente Lula desafia a persegui\u00e7\u00e3o e os planos golpistas lan\u00e7ando sua pr\u00e9-candidatura a presidente nesta quarta-feira, 21, em Belo Horizonte.<\/p>\n","protected":false},"author":1,"featured_media":0,"comment_status":"closed","ping_status":"open","sticky":false,"template":"","format":"standard","meta":{"_exactmetrics_skip_tracking":false,"_exactmetrics_sitenote_active":false,"_exactmetrics_sitenote_note":"","_exactmetrics_sitenote_category":0,"jetpack_post_was_ever_published":false,"_jetpack_newsletter_access":"","_jetpack_dont_email_post_to_subs":false,"_jetpack_newsletter_tier_id":0,"_jetpack_memberships_contains_paywalled_content":false,"_jetpack_memberships_contains_paid_content":false,"footnotes":"","jetpack_publicize_message":"","jetpack_publicize_feature_enabled":true,"jetpack_social_post_already_shared":true,"jetpack_social_options":{"image_generator_settings":{"template":"highway","enabled":false},"version":2}},"categories":[1],"tags":[],"class_list":["post-16651","post","type-post","status-publish","format-standard","hentry","category-notas"],"jetpack_publicize_connections":[],"jetpack_sharing_enabled":true,"jetpack_featured_media_url":"","jetpack_shortlink":"https:\/\/wp.me\/p7wKYW-4kz","jetpack-related-posts":[],"_links":{"self":[{"href":"http:\/\/blogdalucianaoliveira.com.br\/blog\/wp-json\/wp\/v2\/posts\/16651","targetHints":{"allow":["GET"]}}],"collection":[{"href":"http:\/\/blogdalucianaoliveira.com.br\/blog\/wp-json\/wp\/v2\/posts"}],"about":[{"href":"http:\/\/blogdalucianaoliveira.com.br\/blog\/wp-json\/wp\/v2\/types\/post"}],"author":[{"embeddable":true,"href":"http:\/\/blogdalucianaoliveira.com.br\/blog\/wp-json\/wp\/v2\/users\/1"}],"replies":[{"embeddable":true,"href":"http:\/\/blogdalucianaoliveira.com.br\/blog\/wp-json\/wp\/v2\/comments?post=16651"}],"version-history":[{"count":1,"href":"http:\/\/blogdalucianaoliveira.com.br\/blog\/wp-json\/wp\/v2\/posts\/16651\/revisions"}],"predecessor-version":[{"id":16653,"href":"http:\/\/blogdalucianaoliveira.com.br\/blog\/wp-json\/wp\/v2\/posts\/16651\/revisions\/16653"}],"wp:attachment":[{"href":"http:\/\/blogdalucianaoliveira.com.br\/blog\/wp-json\/wp\/v2\/media?parent=16651"}],"wp:term":[{"taxonomy":"category","embeddable":true,"href":"http:\/\/blogdalucianaoliveira.com.br\/blog\/wp-json\/wp\/v2\/categories?post=16651"},{"taxonomy":"post_tag","embeddable":true,"href":"http:\/\/blogdalucianaoliveira.com.br\/blog\/wp-json\/wp\/v2\/tags?post=16651"}],"curies":[{"name":"wp","href":"https:\/\/api.w.org\/{rel}","templated":true}]}}