{"id":16654,"date":"2018-02-20T12:15:54","date_gmt":"2018-02-20T16:15:54","guid":{"rendered":"http:\/\/blogdalucianaoliveira.com.br\/blog\/?p=16654"},"modified":"2018-02-20T12:18:19","modified_gmt":"2018-02-20T16:18:19","slug":"mandados-coletivos-no-rio-aprofundam-estado-de-excecao-no-brasil-diz-dilma","status":"publish","type":"post","link":"http:\/\/blogdalucianaoliveira.com.br\/blog\/2018\/02\/20\/mandados-coletivos-no-rio-aprofundam-estado-de-excecao-no-brasil-diz-dilma\/","title":{"rendered":"Mandados coletivos no Rio aprofundam Estado de exce\u00e7\u00e3o no Brasil, diz Dilma"},"content":{"rendered":"<p><img data-recalc-dims=\"1\" loading=\"lazy\" decoding=\"async\" data-attachment-id=\"16655\" data-permalink=\"http:\/\/blogdalucianaoliveira.com.br\/blog\/2018\/02\/20\/mandados-coletivos-no-rio-aprofundam-estado-de-excecao-no-brasil-diz-dilma\/didia-3\/\" data-orig-file=\"https:\/\/i0.wp.com\/blogdalucianaoliveira.com.br\/blog\/wp-content\/uploads\/2018\/02\/didia.jpg?fit=780%2C440\" data-orig-size=\"780,440\" data-comments-opened=\"0\" data-image-meta=\"{&quot;aperture&quot;:&quot;0&quot;,&quot;credit&quot;:&quot;&quot;,&quot;camera&quot;:&quot;&quot;,&quot;caption&quot;:&quot;&quot;,&quot;created_timestamp&quot;:&quot;0&quot;,&quot;copyright&quot;:&quot;&quot;,&quot;focal_length&quot;:&quot;0&quot;,&quot;iso&quot;:&quot;0&quot;,&quot;shutter_speed&quot;:&quot;0&quot;,&quot;title&quot;:&quot;&quot;,&quot;orientation&quot;:&quot;0&quot;}\" data-image-title=\"didia\" data-image-description=\"\" data-image-caption=\"\" data-medium-file=\"https:\/\/i0.wp.com\/blogdalucianaoliveira.com.br\/blog\/wp-content\/uploads\/2018\/02\/didia.jpg?fit=300%2C169\" data-large-file=\"https:\/\/i0.wp.com\/blogdalucianaoliveira.com.br\/blog\/wp-content\/uploads\/2018\/02\/didia.jpg?fit=600%2C338\" class=\"alignnone size-full wp-image-16655\" src=\"https:\/\/i0.wp.com\/blogdalucianaoliveira.com.br\/blog\/wp-content\/uploads\/2018\/02\/didia.jpg?resize=600%2C338\" alt=\"didia\" width=\"600\" height=\"338\" srcset=\"https:\/\/i0.wp.com\/blogdalucianaoliveira.com.br\/blog\/wp-content\/uploads\/2018\/02\/didia.jpg?w=780 780w, https:\/\/i0.wp.com\/blogdalucianaoliveira.com.br\/blog\/wp-content\/uploads\/2018\/02\/didia.jpg?resize=300%2C169 300w, https:\/\/i0.wp.com\/blogdalucianaoliveira.com.br\/blog\/wp-content\/uploads\/2018\/02\/didia.jpg?resize=768%2C433 768w, https:\/\/i0.wp.com\/blogdalucianaoliveira.com.br\/blog\/wp-content\/uploads\/2018\/02\/didia.jpg?resize=532%2C300 532w\" sizes=\"auto, (max-width: 600px) 100vw, 600px\" \/><\/p>\n<p>No Poder 360 &#8211; A ex-presidente Dilma Rousseff (PT) publicou uma nota, nesta 2\u00aa feira (20.fev.2018), criticando a interven\u00e7\u00e3o federal no Rio de Janeiro, anunciada pelo governo na \u00faltima 6\u00aa (16.fev). Dilma criticou a decis\u00e3o de usar mandados coletivos de busca, apreens\u00e3o e captura no Estado.<\/p>\n<p>\u201c\u00c9 uma das mais graves viola\u00e7\u00f5es aos direitos civis que o Brasil enfrenta desde o fim da ditadura\u201d, disse Dilma.<!--more--><\/p>\n<p>&nbsp;<\/p>\n<div class=\"content wp\" data-ga-ano=\"2018\" data-ga-categoria=\"Brasil\" data-ga-autor=\"Douglas Rodrigues\">\n<p>Para a petista, a medida \u00e9 uma forma de viol\u00eancia\u00a0<em>\u201ccontra o quadro institucional do pa\u00eds\u201d<\/em>\u00a0e ataca os brasileiros mais\u00a0<em>\u201cvulner\u00e1veis\u201d.<\/em><\/p>\n<div class=\"SandboxRoot env-bp-350\" data-twitter-event-id=\"0\">\n<div id=\"twitter-widget-0\" class=\"EmbeddedTweet EmbeddedTweet--edge js-clickToOpenTarget tweet-InformationCircle-widgetParent\" lang=\"pt\" data-click-to-open-target=\"https:\/\/twitter.com\/dilmabr\/status\/965678892114726914\" data-iframe-title=\"Tweet do Twitter\" data-dt-full=\"%{hours24}: %{minutes} - %{day} %{month} %{year} \" data-dt-explicit-timestamp=\"16:06 - 19 de fev de 2018\" data-dt-months=\"jan|fev|mar|abr|maio|jun|jul|ago|set|out|nov|dez\" data-dt-am=\"AM\" data-dt-pm=\"PM\" data-dt-now=\"agora\" data-dt-s=\"s\" data-dt-m=\"m\" data-dt-h=\"h\" data-dt-second=\"segundo\" data-dt-seconds=\"segundos\" data-dt-minute=\"minuto\" data-dt-minutes=\"minutos\" data-dt-hour=\"hora\" data-dt-hours=\"horas\" data-dt-abbr=\"%{number}%{symbol}\" data-dt-short=\"%{day} %{month}\" data-dt-long=\"%{day} %{month} %{year}\" data-scribe=\"page:tweet\" data-twitter-event-id=\"1\">\n<div class=\"EmbeddedTweet-tweet\">\n<blockquote class=\"Tweet h-entry js-tweetIdInfo subject expanded\" cite=\"https:\/\/twitter.com\/dilmabr\/status\/965678892114726914\" data-tweet-id=\"965678892114726914\" data-scribe=\"section:subject\">\n<div class=\"Tweet-header u-cf\">\n<div class=\"Tweet-brand u-floatRight\">\u00a0https:\/\/twitter.com\/dilmabr<\/div>\n<div class=\"Tweet-brand u-floatRight\"><\/div>\n<div class=\"Tweet-brand u-floatRight\" style=\"text-align: left;\">Os mandados coletivos de busca e apreens\u00e3o foram\u00a0<a href=\"https:\/\/www.poder360.com.br\/governo\/governo-quer-mandados-coletivos-de-prisao-no-rio\/\" target=\"_blank\" rel=\"noopener\">defendidos<\/a>, nesta 2\u00aa feira (19.fev), pelo ministro da Defesa, Raul Jungmann. O instrumento permitiria uma opera\u00e7\u00e3o policial numa favela ou 1 bairro inteiro. Jungmann disse que solicitar\u00e1 \u00e0 Justi\u00e7a estadual do Rio a autoriza\u00e7\u00e3o para realizar os mandados coletivos.<\/div>\n<\/div>\n<\/blockquote>\n<\/div>\n<\/div>\n<\/div>\n<p>Eis a\u00a0<a href=\"https:\/\/www.facebook.com\/DilmaRousseff\/posts\/1712287055491545\" target=\"_blank\" rel=\"noopener\">\u00edntegra<\/a>\u00a0da nota divulgada por Dilma:<\/p>\n<p><strong>AINDA SOBRE A INTERVEN\u00c7\u00c3O NO RIO<\/strong><\/p>\n<p><em>Sobre as novas medidas anunciadas sobre a interven\u00e7\u00e3o federal no Rio<\/em><\/p>\n<ol>\n<li><em>A iniciativa do governo golpista de promover mandados coletivos de busca, apreens\u00e3o e captura \u00e9 uma das mais graves viola\u00e7\u00f5es aos direitos civis que o Brasil enfrenta desde o fim da ditadura.<\/em><\/li>\n<li><em>\u00c9 uma nova viol\u00eancia contra o quadro institucional do pa\u00eds e que aponta mais um passo no aprofundamento do Estado de Exce\u00e7\u00e3o no Brasil.<\/em><\/li>\n<li><em>O regime est\u00e1 fechando suas garras contra os brasileiros mais vulner\u00e1veis e que mais precisam de Justi\u00e7a.<\/em><\/li>\n<\/ol>\n<p><em>Dilma Rousseff<\/em><\/p>\n<\/div>\n<footer>\n<div class=\"mod mod-authors\"><\/div>\n<\/footer>\n","protected":false},"excerpt":{"rendered":"<p>No Poder 360 &#8211; A ex-presidente Dilma Rousseff (PT) publicou uma nota, nesta 2\u00aa feira (20.fev.2018), criticando a interven\u00e7\u00e3o federal no Rio de Janeiro, anunciada pelo governo na \u00faltima 6\u00aa (16.fev). Dilma criticou a decis\u00e3o de usar mandados coletivos de busca, apreens\u00e3o e captura no Estado. \u201c\u00c9 uma das mais graves viola\u00e7\u00f5es aos direitos civis&#8230;<a class=\"more-link\" href=\"http:\/\/blogdalucianaoliveira.com.br\/blog\/2018\/02\/20\/mandados-coletivos-no-rio-aprofundam-estado-de-excecao-no-brasil-diz-dilma\/\">Continue a leitura <span class=\"meta-nav\">&raquo;<\/span><\/a><\/p>\n","protected":false},"author":1,"featured_media":0,"comment_status":"closed","ping_status":"open","sticky":false,"template":"","format":"standard","meta":{"_exactmetrics_skip_tracking":false,"_exactmetrics_sitenote_active":false,"_exactmetrics_sitenote_note":"","_exactmetrics_sitenote_category":0,"jetpack_post_was_ever_published":false,"_jetpack_newsletter_access":"","_jetpack_dont_email_post_to_subs":false,"_jetpack_newsletter_tier_id":0,"_jetpack_memberships_contains_paywalled_content":false,"_jetpack_memberships_contains_paid_content":false,"footnotes":"","jetpack_publicize_message":"","jetpack_publicize_feature_enabled":true,"jetpack_social_post_already_shared":true,"jetpack_social_options":{"image_generator_settings":{"template":"highway","enabled":false},"version":2}},"categories":[1],"tags":[],"class_list":["post-16654","post","type-post","status-publish","format-standard","hentry","category-notas"],"jetpack_publicize_connections":[],"jetpack_sharing_enabled":true,"jetpack_featured_media_url":"","jetpack_shortlink":"https:\/\/wp.me\/p7wKYW-4kC","jetpack-related-posts":[],"_links":{"self":[{"href":"http:\/\/blogdalucianaoliveira.com.br\/blog\/wp-json\/wp\/v2\/posts\/16654","targetHints":{"allow":["GET"]}}],"collection":[{"href":"http:\/\/blogdalucianaoliveira.com.br\/blog\/wp-json\/wp\/v2\/posts"}],"about":[{"href":"http:\/\/blogdalucianaoliveira.com.br\/blog\/wp-json\/wp\/v2\/types\/post"}],"author":[{"embeddable":true,"href":"http:\/\/blogdalucianaoliveira.com.br\/blog\/wp-json\/wp\/v2\/users\/1"}],"replies":[{"embeddable":true,"href":"http:\/\/blogdalucianaoliveira.com.br\/blog\/wp-json\/wp\/v2\/comments?post=16654"}],"version-history":[{"count":2,"href":"http:\/\/blogdalucianaoliveira.com.br\/blog\/wp-json\/wp\/v2\/posts\/16654\/revisions"}],"predecessor-version":[{"id":16657,"href":"http:\/\/blogdalucianaoliveira.com.br\/blog\/wp-json\/wp\/v2\/posts\/16654\/revisions\/16657"}],"wp:attachment":[{"href":"http:\/\/blogdalucianaoliveira.com.br\/blog\/wp-json\/wp\/v2\/media?parent=16654"}],"wp:term":[{"taxonomy":"category","embeddable":true,"href":"http:\/\/blogdalucianaoliveira.com.br\/blog\/wp-json\/wp\/v2\/categories?post=16654"},{"taxonomy":"post_tag","embeddable":true,"href":"http:\/\/blogdalucianaoliveira.com.br\/blog\/wp-json\/wp\/v2\/tags?post=16654"}],"curies":[{"name":"wp","href":"https:\/\/api.w.org\/{rel}","templated":true}]}}