{"id":16658,"date":"2018-02-20T12:24:16","date_gmt":"2018-02-20T16:24:16","guid":{"rendered":"http:\/\/blogdalucianaoliveira.com.br\/blog\/?p=16658"},"modified":"2018-02-20T12:24:16","modified_gmt":"2018-02-20T16:24:16","slug":"intervencao-no-rio-mandados-de-busca-coletiva-sao-ilegais-e-criminalizam-pobreza-afirmam-juristas","status":"publish","type":"post","link":"http:\/\/blogdalucianaoliveira.com.br\/blog\/2018\/02\/20\/intervencao-no-rio-mandados-de-busca-coletiva-sao-ilegais-e-criminalizam-pobreza-afirmam-juristas\/","title":{"rendered":"Interven\u00e7\u00e3o no Rio: mandados de busca coletiva s\u00e3o ilegais e criminalizam pobreza, afirmam juristas"},"content":{"rendered":"<figure class=\"media-landscape has-caption full-width\"><span class=\"image-and-copyright-container\"><img data-recalc-dims=\"1\" loading=\"lazy\" decoding=\"async\" class=\"responsive-image__img js-image-replace\" src=\"https:\/\/i0.wp.com\/ichef.bbci.co.uk\/news\/624\/cpsprodpb\/152A1\/production\/_100098668_hi044582754.jpg?resize=600%2C338&#038;ssl=1\" alt=\"Militar observa a Cidade de Deus durante opera\u00e7\u00e3o\" width=\"600\" height=\"338\" data-highest-encountered-width=\"624\" \/>Militar observa a Cidade de Deus durante opera\u00e7\u00e3o neste m\u00eas; h\u00e1 um ano, decis\u00e3o judicial considerou ilegal epis\u00f3dio de busca coletiva realizado na comunidade<\/span><\/figure>\n<p>Na BBC, por Mariana Schreiber &#8211; O ministro da Defesa, Raul Jungmann, disse nesta segunda-feira que est\u00e1 sendo avaliada a possibilidade de uso de mandados de busca e apreens\u00e3o coletiva nas comunidades do Rio de Janeiro durante a interven\u00e7\u00e3o federal militar na \u00e1rea de seguran\u00e7a.<!--more--><\/p>\n<p>Isso significa que o governo pretende conseguir decis\u00f5es na primeira inst\u00e2ncia da Justi\u00e7a do Rio autorizando buscas indiscriminadas em casas de moradores das favelas, o que permitiria \u00e0s for\u00e7as de seguran\u00e7a entrar em qualquer resid\u00eancia dessas comunidades em busca de drogas, armas ou supostos criminosos.<\/p>\n<p>O ministro chegou a falar na possibilidade tamb\u00e9m de mandados coletivos de pris\u00e3o, mas recuou no fim do dia e reconheceu a inconstitucionalidade da medida por meio de nota.<\/p>\n<div class=\"story-body\">\n<div class=\"story-body__inner\">\n<p>Mesmo os mandados de busca e apreens\u00e3o coletiva, por\u00e9m, s\u00e3o alvos de forte controv\u00e9rsia. Juristas ouvidos pela BBC Brasil afirmaram que tal medida fere princ\u00edpios constitucionais, como o direito \u00e0 inviolabilidade do domic\u00edlio, previsto no artigo 5\u00ba da Constitui\u00e7\u00e3o.<\/p>\n<p>&#8220;Mandado de busca coletiva, a meu ju\u00edzo, n\u00e3o \u00e9 adequado. Tem que caracterizar: rua tal, conjunto tal. Sem isso, pode violar o princ\u00edpio constitucional da n\u00e3o culpabilidade (princ\u00edpio da inoc\u00eancia), voc\u00ea estaria colocando um sem n\u00famero de pessoas (sob busca) e tem que individualizar as pessoas no mandado&#8221;, afirmou o ex-procurador geral da Rep\u00fablica Claudio Fonteles.<\/p>\n<p>Gilson Dipp, ex-ministro do Superior Tribunal de Justi\u00e7a (STJ), ressalta que n\u00e3o h\u00e1 previs\u00e3o no C\u00f3digo Penal para mandados coletivos. Na sua vis\u00e3o, a medida parece um &#8220;salvo-conduto para as for\u00e7as armadas e estaduais agirem de forma indiscriminada&#8221;.<\/p>\n<p>&#8220;Quem vai controlar isso, os pr\u00f3prios executores da interven\u00e7\u00e3o? S\u00e3o medidas que podem surtir efeito contra quem se busca concretizar a apreens\u00e3o, mas v\u00e3o tamb\u00e9m atingir muita gente inocente, trabalhadora, que mora nas favelas, nessas zonas de conflito, e v\u00e3o ter sim suas casas invadidas, sua privacidade vulnerada&#8221;, criticou.<\/p>\n<figure class=\"media-landscape has-caption full-width\"><span class=\"image-and-copyright-container\"><img data-recalc-dims=\"1\" loading=\"lazy\" decoding=\"async\" class=\"responsive-image__img js-image-replace\" src=\"https:\/\/i0.wp.com\/ichef-1.bbci.co.uk\/news\/624\/cpsprodpb\/6841\/production\/_100098662_1103466-antcrz_edit_29121707011.jpg?resize=600%2C338&#038;ssl=1\" alt=\"O ministro da Defesa, Raul Jungmann\" width=\"600\" height=\"338\" data-highest-encountered-width=\"624\" \/><\/span><figcaption class=\"media-caption\"><span class=\"media-caption__text\">Raul Jungmann afirmou que, em interven\u00e7\u00e3o federal militar no Rio, pode-se recorrer a mandados de busca e apreens\u00e3o coletiva nas comunidades; medida \u00e9 questionada por juristas | Foto: Ant\u00f4nio Cruz\/Ag. Brasil<\/span><\/figcaption><\/figure>\n<h2 class=\"story-body__crosshead\">Precedentes<\/h2>\n<p>Embora a medida j\u00e1 tenha sido adotada algumas vezes em comunidades cariocas, o que foi citado como argumento pelo ministro da Defesa, a decis\u00e3o do Tribunal de Justi\u00e7a do Rio, de fevereiro do ano passado, considerou a pr\u00e1tica ilegal.<\/p>\n<p>Ela atendeu a um pedido habeas corpus da Defensoria P\u00fablica do Estado contra autoriza\u00e7\u00e3o de uma ju\u00edza de primeira inst\u00e2ncia para busca coletiva na Cidade de Deus, comunidade da zona oeste da capital fluminense. A medida foi solicitada ap\u00f3s a queda de um helic\u00f3ptero da Pol\u00edcia Militar, em novembro de 2016, o que causou a morte de quatro policiais.<\/p>\n<p>Em sua decis\u00e3o, o relator do caso, desembargador Paulo Baldez, disse que, sem a especifica\u00e7\u00e3o dos endere\u00e7os alvos de busca, a medida causava &#8220;viola\u00e7\u00e3o frontal ao Estado Democr\u00e1tico de Direito&#8221;.<\/p>\n<p>Depois, em agosto, o plant\u00e3o judici\u00e1rio do Tribunal do Rio suspendeu mandado que autorizava buscas coletivas no Complexo do Jacarezinho e em quatro comunidades vizinhas, na zona norte do Rio. A medida foi autorizada ap\u00f3s a morte do policial civil da Coordenadoria de Recursos Especiais (Core) Bruno Buhler. O caso ainda est\u00e1 em tramita\u00e7\u00e3o.<\/p>\n<p>&#8220;O padr\u00e3o gen\u00e9rico e padronizado com que se fundamentam decis\u00f5es de busca e apreens\u00e3o em ambiente domiciliar em favelas e bairros da periferia &#8211; sem suficiente lastro probat\u00f3rio e raz\u00f5es que as amparam &#8211; expressam grave viola\u00e7\u00e3o ao direito dos moradores&#8221;, escreveu o desembargador Jo\u00e3o Batista Damasceno ao suspender a medida.<\/p>\n<figure class=\"media-landscape has-caption full-width\">\u00c9 poss\u00edvel que a quest\u00e3o seja levada a inst\u00e2ncias superiores, como o Supremo Tribunal Federal (STF) &#8211; a BBC Brasil n\u00e3o localizou decis\u00f5es sobre esse tema at\u00e9 o momento na mais alta corte do pa\u00eds. Em declara\u00e7\u00e3o ao portal G1, a advogada-geral da Uni\u00e3o, Grace Mendon\u00e7a, afirmou que pretende buscar a autoriza\u00e7\u00e3o para essas a\u00e7\u00f5es.<\/figure>\n<p>&#8220;\u00c9 um tema controverso, mas faremos a defesa da necessidade desses mandados at\u00e9 no Supremo Tribunal Federal&#8221;, disse.<\/p>\n<h2 class=\"story-body__crosshead\">&#8216;Realidade urban\u00edstica&#8217;<\/h2>\n<p>Jungmann anunciou a possibilidade da medida ao deixar a reuni\u00e3o dos conselhos da Rep\u00fablica e da Defesa Nacional, convocada pelo presidente Michel Temer para discutir a interven\u00e7\u00e3o, que est\u00e1 prevista para durar todo este ano.<\/p>\n<p>O ministro da defesa disse que os mandados coletivos podem ser necess\u00e1rios devido \u00e0 &#8220;realidade urban\u00edstica&#8221; do Rio.<\/p>\n<p>&#8220;Na realidade urban\u00edstica do Rio de Janeiro, voc\u00ea muitas vezes sai com uma busca e apreens\u00e3o numa casa, numa comunidade, e o bandido se desloca. Ent\u00e3o, voc\u00ea precisa ter algo que \u00e9 exatamente o mandado de busca e apreens\u00e3o e captura coletiva, que j\u00e1 foi feito em outras ocasi\u00f5es. Ele precisa voltar para uma melhor efic\u00e1cia do trabalho a ser desenvolvido tanto pelos militares como pelas pol\u00edcias&#8221;, disse.<\/p>\n<p>&#8220;No lugar de (o mandado judicial) dizer rua tal, casa tal, vai dizer bairro inteiro, dentro de todos os procedimentos legais&#8221;, acrescentou.<\/p>\n<p>Diante do uso do termo &#8220;captura&#8221; pelo ministro, uma jornalista questionou, ent\u00e3o, se era mandado de &#8220;busca e pris\u00e3o&#8221;, o que o ministro respondeu: &#8220;Exatamente&#8221;.<\/p>\n<p>Horas depois, o Minist\u00e9rio da Defesa divulgou nota negando que v\u00e1 solicitar pedidos de deten\u00e7\u00e3o coletivas: &#8220;O Minist\u00e9rio da Defesa esclarece que a expedi\u00e7\u00e3o de mandados coletivos tratada como possibilidade na reuni\u00e3o de hoje dos Conselhos de Defesa Nacional e da Rep\u00fablica refere-se a opera\u00e7\u00f5es de busca e apreens\u00e3o &#8211; e n\u00e3o de captura, que constitucionalmente s\u00f3 podem ser individuais&#8221;.<\/p>\n<figure class=\"media-landscape has-caption full-width\"><span class=\"image-and-copyright-container\"><img data-recalc-dims=\"1\" loading=\"lazy\" decoding=\"async\" class=\"responsive-image__img js-image-replace\" src=\"https:\/\/i0.wp.com\/ichef.bbci.co.uk\/news\/624\/cpsprodpb\/1E09\/production\/_100098670_hi044858143.jpg?resize=600%2C338&#038;ssl=1\" alt=\"Membros do Executivo e do Legislativo, incluindo o presidente Michel Temer e o ministro Raul Jungmann\" width=\"600\" height=\"338\" data-highest-encountered-width=\"624\" \/>Membros do Executivo e do Legislativo, incluindo o presidente Michel Temer (centro) e o ministro Raul Jungmann (\u00e0 direita); interven\u00e7\u00e3o no Rio est\u00e1 prevista para durar todo este ano<\/span><\/figure>\n<h2 class=\"story-body__crosshead\">&#8216;Criminaliza\u00e7\u00e3o dos pobres&#8217;<\/h2>\n<p>Para o professor de Direito Constitucional da FGV-SP Roberto Dias, a justificativa usada por Jungmann de que a realidade urban\u00edstica das comunidades exige mandados de busca coletiva indica um desrespeito aos direitos dos mais pobres.<\/p>\n<p>&#8220;O fato de a gente estar falando de uma favela ou de um grande condom\u00ednio de luxo, direito fundamental n\u00e3o se altera. Uma justificativa dessa me parece uma criminaliza\u00e7\u00e3o da pobreza.&#8221;<\/p>\n<p>A opini\u00e3o \u00e9 a mesma do professor de Direito Constitucional da Universidade Estadual do Rio de Janeiro (Uerj) Daniel Sarmento. Na sua vis\u00e3o, esses mandados ferem o princ\u00edpio constitucional da igualdade, j\u00e1 que esses procedimentos jamais ocorrem em \u00e1reas ricas.<\/p>\n<p>Ex-presidente do Conselho Penitenci\u00e1rio do Rio, a advogada criminalista Ma\u00edra Fernandes afirma que os moradores de favelas j\u00e1 sofrem a\u00e7\u00f5es ilegais de revista em suas casas pela Pol\u00edcia Militar. Seu temor, diz, \u00e9 que mandados coletivos virem &#8220;carta branca para ilegalidades&#8221;.<\/p>\n<p>&#8220;Voc\u00ea n\u00e3o v\u00ea ningu\u00e9m entrar numa resid\u00eancia na zona sul do Rio de Janeiro sem mandado. Mas na favela, a pol\u00edcia entra mesmo, direto, e vira a casa inteira, \u00e0s vezes pega coisas dos moradores, sem ter autoriza\u00e7\u00e3o judicial. O medo \u00e9 essas a\u00e7\u00f5es que j\u00e1 acontecem na ilegalidade agora fiquem lastreadas por um mandado.&#8221;<\/p>\n<p>Mais cedo, questionado por jornalistas, Jungmann negou que os mandados coletivos representem isso. &#8220;N\u00e3o h\u00e1 nenhuma carta branca, nem carta negra, nem carta cinza&#8221;, disse.<\/p>\n<h2 class=\"story-body__crosshead\">Interven\u00e7\u00e3o x Estado de Defesa<\/h2>\n<p>O jurista Ives Gandra, por sua vez, defendeu os mandados de busca coletiva. Na sua vis\u00e3o, &#8220;medidas extremas&#8221; s\u00e3o necess\u00e1rias para combater &#8220;o crime organizado, espalhado como esp\u00e9cie de guerrilha urbana&#8221;.<\/p>\n<p>Ele ponderou, no entanto, que para tanto seria necess\u00e1rio que o presidente decretasse Estado de Defesa, medida prevista no artigo 136 da Constitui\u00e7\u00e3o que suspende alguns direitos individuais, como o direito de reuni\u00e3o e ao sigilo telef\u00f4nico.<\/p>\n<figure class=\"media-landscape has-caption full-width\"><span class=\"image-and-copyright-container\"><img data-recalc-dims=\"1\" loading=\"lazy\" decoding=\"async\" class=\"responsive-image__img js-image-replace\" src=\"https:\/\/i0.wp.com\/ichef.bbci.co.uk\/news\/624\/cpsprodpb\/60D5\/production\/_100098742_hi044583226.jpg?resize=600%2C338&#038;ssl=1\" alt=\"Soldados revistam uma mulher na entrada da comunidade Cidade de Deus\" width=\"600\" height=\"338\" data-highest-encountered-width=\"624\" \/>Direitos dos moradores diante de medidas como mandados de busca coletiva s\u00e3o colocados em quest\u00e3o<\/span><\/figure>\n<p>Essa \u00e9 uma medida ainda mais grave que a interven\u00e7\u00e3o decretada no Rio de Janeiro e s\u00f3 pode ser adotada por 60 dias, com objetivo de preservar ou restabelecer &#8220;a ordem p\u00fablica ou a paz social amea\u00e7adas por grave e iminente instabilidade institucional ou atingidas por calamidades de grandes propor\u00e7\u00f5es na natureza&#8221;.<\/p>\n<p>No Estado de Defesa, n\u00e3o h\u00e1 previs\u00e3o de suspens\u00e3o da inviolabilidade ao domic\u00edlio. Por outro lado, fica permitida a &#8220;pris\u00e3o por crime contra o Estado&#8221;, deten\u00e7\u00e3o que deve ser imediatamente comunicada a um juiz para avalia\u00e7\u00e3o da sua legalidade.<\/p>\n<p>&#8220;O problema \u00e9 saber os limites da interven\u00e7\u00e3o. Se n\u00e3o levar (a interven\u00e7\u00e3o) como se fosse Estado de Defesa, ele (o interventor) n\u00e3o poderia fazer nada que violentasse direitos e garantias individuais&#8221;, observou.<\/p>\n<p>&#8220;A impress\u00e3o que eu tenho \u00e9 que o presidente poderia ter declarado logo de cara um Estado de Defesa, que poderia ser at\u00e9 mais r\u00e1pido. \u00c9 muito dif\u00edcil conseguir qualquer resultado com a interven\u00e7\u00e3o, porque na pr\u00e1tica o Ex\u00e9rcito ficaria com as mesmas limita\u00e7\u00f5es da pol\u00edcia&#8221;, defendeu.<\/p>\n<\/div>\n<\/div>\n<div class=\"tags-container\"><\/div>\n","protected":false},"excerpt":{"rendered":"<p>Militar observa a Cidade de Deus durante opera\u00e7\u00e3o neste m\u00eas; h\u00e1 um ano, decis\u00e3o judicial considerou ilegal epis\u00f3dio de busca coletiva realizado na comunidade Na BBC, por Mariana Schreiber &#8211; O ministro da Defesa, Raul Jungmann, disse nesta segunda-feira que est\u00e1 sendo avaliada a possibilidade de uso de mandados de busca e apreens\u00e3o coletiva nas&#8230;<a class=\"more-link\" href=\"http:\/\/blogdalucianaoliveira.com.br\/blog\/2018\/02\/20\/intervencao-no-rio-mandados-de-busca-coletiva-sao-ilegais-e-criminalizam-pobreza-afirmam-juristas\/\">Continue a leitura <span class=\"meta-nav\">&raquo;<\/span><\/a><\/p>\n","protected":false},"author":1,"featured_media":0,"comment_status":"closed","ping_status":"open","sticky":false,"template":"","format":"standard","meta":{"_exactmetrics_skip_tracking":false,"_exactmetrics_sitenote_active":false,"_exactmetrics_sitenote_note":"","_exactmetrics_sitenote_category":0,"jetpack_post_was_ever_published":false,"_jetpack_newsletter_access":"","_jetpack_dont_email_post_to_subs":false,"_jetpack_newsletter_tier_id":0,"_jetpack_memberships_contains_paywalled_content":false,"_jetpack_memberships_contains_paid_content":false,"footnotes":"","jetpack_publicize_message":"","jetpack_publicize_feature_enabled":true,"jetpack_social_post_already_shared":true,"jetpack_social_options":{"image_generator_settings":{"template":"highway","enabled":false},"version":2}},"categories":[1],"tags":[],"class_list":["post-16658","post","type-post","status-publish","format-standard","hentry","category-notas"],"jetpack_publicize_connections":[],"jetpack_sharing_enabled":true,"jetpack_featured_media_url":"","jetpack_shortlink":"https:\/\/wp.me\/p7wKYW-4kG","jetpack-related-posts":[],"_links":{"self":[{"href":"http:\/\/blogdalucianaoliveira.com.br\/blog\/wp-json\/wp\/v2\/posts\/16658","targetHints":{"allow":["GET"]}}],"collection":[{"href":"http:\/\/blogdalucianaoliveira.com.br\/blog\/wp-json\/wp\/v2\/posts"}],"about":[{"href":"http:\/\/blogdalucianaoliveira.com.br\/blog\/wp-json\/wp\/v2\/types\/post"}],"author":[{"embeddable":true,"href":"http:\/\/blogdalucianaoliveira.com.br\/blog\/wp-json\/wp\/v2\/users\/1"}],"replies":[{"embeddable":true,"href":"http:\/\/blogdalucianaoliveira.com.br\/blog\/wp-json\/wp\/v2\/comments?post=16658"}],"version-history":[{"count":1,"href":"http:\/\/blogdalucianaoliveira.com.br\/blog\/wp-json\/wp\/v2\/posts\/16658\/revisions"}],"predecessor-version":[{"id":16660,"href":"http:\/\/blogdalucianaoliveira.com.br\/blog\/wp-json\/wp\/v2\/posts\/16658\/revisions\/16660"}],"wp:attachment":[{"href":"http:\/\/blogdalucianaoliveira.com.br\/blog\/wp-json\/wp\/v2\/media?parent=16658"}],"wp:term":[{"taxonomy":"category","embeddable":true,"href":"http:\/\/blogdalucianaoliveira.com.br\/blog\/wp-json\/wp\/v2\/categories?post=16658"},{"taxonomy":"post_tag","embeddable":true,"href":"http:\/\/blogdalucianaoliveira.com.br\/blog\/wp-json\/wp\/v2\/tags?post=16658"}],"curies":[{"name":"wp","href":"https:\/\/api.w.org\/{rel}","templated":true}]}}