{"id":16666,"date":"2018-02-20T22:02:34","date_gmt":"2018-02-21T02:02:34","guid":{"rendered":"http:\/\/blogdalucianaoliveira.com.br\/blog\/?p=16666"},"modified":"2018-02-20T22:02:34","modified_gmt":"2018-02-21T02:02:34","slug":"lua-so-tu-conheces-minha-dor-minha-aflicao","status":"publish","type":"post","link":"http:\/\/blogdalucianaoliveira.com.br\/blog\/2018\/02\/20\/lua-so-tu-conheces-minha-dor-minha-aflicao\/","title":{"rendered":"Lua, s\u00f3 tu conheces minha dor, minha afli\u00e7\u00e3o"},"content":{"rendered":"<p><img data-recalc-dims=\"1\" loading=\"lazy\" decoding=\"async\" data-attachment-id=\"16667\" data-permalink=\"http:\/\/blogdalucianaoliveira.com.br\/blog\/2018\/02\/20\/lua-so-tu-conheces-minha-dor-minha-aflicao\/5a92a010-d6fc-42e4-985f-cc9fa2fdae46\/\" data-orig-file=\"https:\/\/i0.wp.com\/blogdalucianaoliveira.com.br\/blog\/wp-content\/uploads\/2018\/02\/5A92A010-D6FC-42E4-985F-CC9FA2FDAE46.jpeg?fit=485%2C303\" data-orig-size=\"485,303\" data-comments-opened=\"0\" data-image-meta=\"{&quot;aperture&quot;:&quot;0&quot;,&quot;credit&quot;:&quot;&quot;,&quot;camera&quot;:&quot;&quot;,&quot;caption&quot;:&quot;&quot;,&quot;created_timestamp&quot;:&quot;0&quot;,&quot;copyright&quot;:&quot;&quot;,&quot;focal_length&quot;:&quot;0&quot;,&quot;iso&quot;:&quot;0&quot;,&quot;shutter_speed&quot;:&quot;0&quot;,&quot;title&quot;:&quot;&quot;,&quot;orientation&quot;:&quot;0&quot;}\" data-image-title=\"5A92A010-D6FC-42E4-985F-CC9FA2FDAE46\" data-image-description=\"\" data-image-caption=\"\" data-medium-file=\"https:\/\/i0.wp.com\/blogdalucianaoliveira.com.br\/blog\/wp-content\/uploads\/2018\/02\/5A92A010-D6FC-42E4-985F-CC9FA2FDAE46.jpeg?fit=300%2C187\" data-large-file=\"https:\/\/i0.wp.com\/blogdalucianaoliveira.com.br\/blog\/wp-content\/uploads\/2018\/02\/5A92A010-D6FC-42E4-985F-CC9FA2FDAE46.jpeg?fit=485%2C303\" src=\"https:\/\/i0.wp.com\/blogdalucianaoliveira.com.br\/blog\/wp-content\/uploads\/2018\/02\/5A92A010-D6FC-42E4-985F-CC9FA2FDAE46.jpeg?resize=485%2C303\" alt=\"5A92A010-D6FC-42E4-985F-CC9FA2FDAE46\" width=\"485\" height=\"303\" class=\"alignnone size-full wp-image-16667\" srcset=\"https:\/\/i0.wp.com\/blogdalucianaoliveira.com.br\/blog\/wp-content\/uploads\/2018\/02\/5A92A010-D6FC-42E4-985F-CC9FA2FDAE46.jpeg?w=485 485w, https:\/\/i0.wp.com\/blogdalucianaoliveira.com.br\/blog\/wp-content\/uploads\/2018\/02\/5A92A010-D6FC-42E4-985F-CC9FA2FDAE46.jpeg?resize=300%2C187 300w, https:\/\/i0.wp.com\/blogdalucianaoliveira.com.br\/blog\/wp-content\/uploads\/2018\/02\/5A92A010-D6FC-42E4-985F-CC9FA2FDAE46.jpeg?resize=480%2C300 480w\" sizes=\"auto, (max-width: 485px) 100vw, 485px\" \/><\/p>\n<p>Quando o Brasil retomar o caminho do futuro, vejo que teremos que passar por um per\u00edodo de readapta\u00e7\u00e3o violento. <!--more--><\/p>\n<p>N\u00e3o vamos dormir e acordar sem efeitos colaterais dolorosos do p\u00f3s-golpe de 2016.<\/p>\n<p>Como os astronautas que ap\u00f3s longo per\u00edodo longe da terra, demonstram efeitos como cansa\u00e7o em demasia e at\u00e9 atrofia do cora\u00e7\u00e3o.<br \/>\nO f\u00edgado tamb\u00e9m \u00e9 impactado e no meu caso, chorei muito o golpe embebedando o \u00f3rg\u00e3o vital pra disfar\u00e7ar a realidade. <\/p>\n<p>N\u00e3o sa\u00edmos do espa\u00e7o terrestre, mas certamente da regularidade do tempo. <\/p>\n<p>S\u00e3o muitos os exemplos de que fomos expostos \u00e0 pr\u00e1ticas e sentimentos de meio s\u00e9culo atr\u00e1s. <\/p>\n<p>Quando li aos 13 anos o livro Brasil Nunca Mais, acreditei piamente que viola\u00e7\u00f5es de direitos ao extremo, nunca mais. <\/p>\n<p>Demoro um tempo pra absorver o notici\u00e1rio sem me beliscar pra ter certeza.<br \/>\nPortanto, serei o antes e depois dessa escurid\u00e3o.<\/p>\n","protected":false},"excerpt":{"rendered":"<p>Quando o Brasil retomar o caminho do futuro, vejo que teremos que passar por um per\u00edodo de readapta\u00e7\u00e3o violento.<\/p>\n","protected":false},"author":1,"featured_media":0,"comment_status":"closed","ping_status":"open","sticky":false,"template":"","format":"standard","meta":{"_exactmetrics_skip_tracking":false,"_exactmetrics_sitenote_active":false,"_exactmetrics_sitenote_note":"","_exactmetrics_sitenote_category":0,"jetpack_post_was_ever_published":false,"_jetpack_newsletter_access":"","_jetpack_dont_email_post_to_subs":false,"_jetpack_newsletter_tier_id":0,"_jetpack_memberships_contains_paywalled_content":false,"_jetpack_memberships_contains_paid_content":false,"footnotes":"","jetpack_publicize_message":"","jetpack_publicize_feature_enabled":true,"jetpack_social_post_already_shared":true,"jetpack_social_options":{"image_generator_settings":{"template":"highway","enabled":false},"version":2}},"categories":[1],"tags":[],"class_list":["post-16666","post","type-post","status-publish","format-standard","hentry","category-notas"],"jetpack_publicize_connections":[],"jetpack_sharing_enabled":true,"jetpack_featured_media_url":"","jetpack_shortlink":"https:\/\/wp.me\/p7wKYW-4kO","jetpack-related-posts":[],"_links":{"self":[{"href":"http:\/\/blogdalucianaoliveira.com.br\/blog\/wp-json\/wp\/v2\/posts\/16666","targetHints":{"allow":["GET"]}}],"collection":[{"href":"http:\/\/blogdalucianaoliveira.com.br\/blog\/wp-json\/wp\/v2\/posts"}],"about":[{"href":"http:\/\/blogdalucianaoliveira.com.br\/blog\/wp-json\/wp\/v2\/types\/post"}],"author":[{"embeddable":true,"href":"http:\/\/blogdalucianaoliveira.com.br\/blog\/wp-json\/wp\/v2\/users\/1"}],"replies":[{"embeddable":true,"href":"http:\/\/blogdalucianaoliveira.com.br\/blog\/wp-json\/wp\/v2\/comments?post=16666"}],"version-history":[{"count":1,"href":"http:\/\/blogdalucianaoliveira.com.br\/blog\/wp-json\/wp\/v2\/posts\/16666\/revisions"}],"predecessor-version":[{"id":16668,"href":"http:\/\/blogdalucianaoliveira.com.br\/blog\/wp-json\/wp\/v2\/posts\/16666\/revisions\/16668"}],"wp:attachment":[{"href":"http:\/\/blogdalucianaoliveira.com.br\/blog\/wp-json\/wp\/v2\/media?parent=16666"}],"wp:term":[{"taxonomy":"category","embeddable":true,"href":"http:\/\/blogdalucianaoliveira.com.br\/blog\/wp-json\/wp\/v2\/categories?post=16666"},{"taxonomy":"post_tag","embeddable":true,"href":"http:\/\/blogdalucianaoliveira.com.br\/blog\/wp-json\/wp\/v2\/tags?post=16666"}],"curies":[{"name":"wp","href":"https:\/\/api.w.org\/{rel}","templated":true}]}}