{"id":1667,"date":"2016-06-15T10:51:53","date_gmt":"2016-06-15T14:51:53","guid":{"rendered":"http:\/\/blogdalucianaoliveira.com.br\/blog\/?p=1667"},"modified":"2016-06-15T10:51:53","modified_gmt":"2016-06-15T14:51:53","slug":"policial-bandido-bom-e-policial-bandido-solto-temer-retira-urgencia-de-projeto-que-endurece-apuracao-de-mortes-por-pms","status":"publish","type":"post","link":"http:\/\/blogdalucianaoliveira.com.br\/blog\/2016\/06\/15\/policial-bandido-bom-e-policial-bandido-solto-temer-retira-urgencia-de-projeto-que-endurece-apuracao-de-mortes-por-pms\/","title":{"rendered":"Policial bandido bom \u00e9 policial bandido solto. Temer retira urg\u00eancia de projeto que endurece apura\u00e7\u00e3o de mortes por PMs"},"content":{"rendered":"<p><img data-recalc-dims=\"1\" loading=\"lazy\" decoding=\"async\" data-attachment-id=\"1668\" data-permalink=\"http:\/\/blogdalucianaoliveira.com.br\/blog\/2016\/06\/15\/policial-bandido-bom-e-policial-bandido-solto-temer-retira-urgencia-de-projeto-que-endurece-apuracao-de-mortes-por-pms\/bandido\/\" data-orig-file=\"https:\/\/i0.wp.com\/blogdalucianaoliveira.com.br\/blog\/wp-content\/uploads\/2016\/06\/bandido.gif?fit=800%2C397\" data-orig-size=\"800,397\" data-comments-opened=\"0\" data-image-meta=\"{&quot;aperture&quot;:&quot;0&quot;,&quot;credit&quot;:&quot;&quot;,&quot;camera&quot;:&quot;&quot;,&quot;caption&quot;:&quot;&quot;,&quot;created_timestamp&quot;:&quot;0&quot;,&quot;copyright&quot;:&quot;&quot;,&quot;focal_length&quot;:&quot;0&quot;,&quot;iso&quot;:&quot;0&quot;,&quot;shutter_speed&quot;:&quot;0&quot;,&quot;title&quot;:&quot;&quot;,&quot;orientation&quot;:&quot;0&quot;}\" data-image-title=\"bandido\" data-image-description=\"\" data-image-caption=\"\" data-medium-file=\"https:\/\/i0.wp.com\/blogdalucianaoliveira.com.br\/blog\/wp-content\/uploads\/2016\/06\/bandido.gif?fit=300%2C149\" data-large-file=\"https:\/\/i0.wp.com\/blogdalucianaoliveira.com.br\/blog\/wp-content\/uploads\/2016\/06\/bandido.gif?fit=600%2C298\" src=\"https:\/\/i0.wp.com\/blogdalucianaoliveira.com.br\/blog\/wp-content\/uploads\/2016\/06\/bandido.gif?resize=600%2C298\" alt=\"bandido\" width=\"600\" height=\"298\" class=\"alignnone size-full wp-image-1668\" \/><\/p>\n<p>Antes de deixar a presid\u00eancia, Dilma Roussef enviou ao Congresso Nacional um projeto que prev\u00ea regras mais duras para apurar mortes que tenham ocorrido em a\u00e7\u00f5es de agentes do Estado, como policiais. <!--more--><\/p>\n<p>A presidente afastada inclui o projeto entre os que deveriam ser votados em car\u00e1ter de urg\u00eancia, ou seja, nos pr\u00f3ximos 45 dias.<br \/>\nPois, pra felicidade da bancada da bala, o presidente interino retirou a urg\u00eancia dando como imprevista a data da vota\u00e7\u00e3o.<\/p>\n<p>Segundo reportagem da Folha de S\u00e3o Paulo desta ter\u00e7a-feira, \u201co objetivo do projeto \u00e9 obrigar as autoridades a promover, no caso de mortes que tenham policiais como autores, investiga\u00e7\u00e3o em moldes similares a crimes praticados por cidad\u00e3os comuns, acabando com as descri\u00e7\u00f5es policiais gen\u00e9ricas do chamado auto de resist\u00eancia (resist\u00eancia seguida de morte).\u201d<\/p>\n<p>A bancada da bala, \u00f3bvio, \u00e9 contra o projeto.<\/p>\n<p>Os movimentos em defesa dos Direitos Humanos, n\u00e3o \u00e0 toa demonizados pelos conservadores, recebeu a not\u00edcia com pesar e alerta para o aumento do n\u00famero de pessoas mortas por policiais no Brasil.  <\/p>\n<p>\u201cSegundo dados da ONG F\u00f3rum Brasileiro de Seguran\u00e7a P\u00fablica, 3.022 pessoas foram mortas por policiais no Brasil em 2014 \u2013 oito por dia. O n\u00famero representa um aumento de 37,2% em rela\u00e7\u00e3o a 2013. Entre 2008 e 2013 foram contabilizadas 11.197 v\u00edtimas de confrontos policiais em todo o Brasil. Segundo a ONG Conectas, esse n\u00famero \u00e9 maior do que o de pessoas mortas em 30 anos por todas as pol\u00edcias dos Estados Unidos, pa\u00eds com popula\u00e7\u00e3o bem maior que a brasileira.\u201d<\/p>\n<p>Mas, isso n\u00e3o requer urg\u00eancia, segundo Temer. <\/p>\n","protected":false},"excerpt":{"rendered":"<p>Antes de deixar a presid\u00eancia, Dilma Roussef enviou ao Congresso Nacional um projeto que prev\u00ea regras mais duras para apurar mortes que tenham ocorrido em a\u00e7\u00f5es de agentes do Estado, como policiais.<\/p>\n","protected":false},"author":1,"featured_media":0,"comment_status":"closed","ping_status":"open","sticky":false,"template":"","format":"standard","meta":{"_exactmetrics_skip_tracking":false,"_exactmetrics_sitenote_active":false,"_exactmetrics_sitenote_note":"","_exactmetrics_sitenote_category":0,"jetpack_post_was_ever_published":false,"_jetpack_newsletter_access":"","_jetpack_dont_email_post_to_subs":false,"_jetpack_newsletter_tier_id":0,"_jetpack_memberships_contains_paywalled_content":false,"_jetpack_memberships_contains_paid_content":false,"footnotes":"","jetpack_publicize_message":"","jetpack_publicize_feature_enabled":true,"jetpack_social_post_already_shared":true,"jetpack_social_options":{"image_generator_settings":{"template":"highway","enabled":false},"version":2}},"categories":[1],"tags":[],"class_list":["post-1667","post","type-post","status-publish","format-standard","hentry","category-notas"],"jetpack_publicize_connections":[],"jetpack_sharing_enabled":true,"jetpack_featured_media_url":"","jetpack_shortlink":"https:\/\/wp.me\/p7wKYW-qT","jetpack-related-posts":[],"_links":{"self":[{"href":"http:\/\/blogdalucianaoliveira.com.br\/blog\/wp-json\/wp\/v2\/posts\/1667","targetHints":{"allow":["GET"]}}],"collection":[{"href":"http:\/\/blogdalucianaoliveira.com.br\/blog\/wp-json\/wp\/v2\/posts"}],"about":[{"href":"http:\/\/blogdalucianaoliveira.com.br\/blog\/wp-json\/wp\/v2\/types\/post"}],"author":[{"embeddable":true,"href":"http:\/\/blogdalucianaoliveira.com.br\/blog\/wp-json\/wp\/v2\/users\/1"}],"replies":[{"embeddable":true,"href":"http:\/\/blogdalucianaoliveira.com.br\/blog\/wp-json\/wp\/v2\/comments?post=1667"}],"version-history":[{"count":1,"href":"http:\/\/blogdalucianaoliveira.com.br\/blog\/wp-json\/wp\/v2\/posts\/1667\/revisions"}],"predecessor-version":[{"id":1669,"href":"http:\/\/blogdalucianaoliveira.com.br\/blog\/wp-json\/wp\/v2\/posts\/1667\/revisions\/1669"}],"wp:attachment":[{"href":"http:\/\/blogdalucianaoliveira.com.br\/blog\/wp-json\/wp\/v2\/media?parent=1667"}],"wp:term":[{"taxonomy":"category","embeddable":true,"href":"http:\/\/blogdalucianaoliveira.com.br\/blog\/wp-json\/wp\/v2\/categories?post=1667"},{"taxonomy":"post_tag","embeddable":true,"href":"http:\/\/blogdalucianaoliveira.com.br\/blog\/wp-json\/wp\/v2\/tags?post=1667"}],"curies":[{"name":"wp","href":"https:\/\/api.w.org\/{rel}","templated":true}]}}