{"id":16672,"date":"2018-02-21T10:41:48","date_gmt":"2018-02-21T14:41:48","guid":{"rendered":"http:\/\/blogdalucianaoliveira.com.br\/blog\/?p=16672"},"modified":"2018-02-21T11:58:09","modified_gmt":"2018-02-21T15:58:09","slug":"denunciados-por-crimes-avalizam-suposto-combate-ao-crime","status":"publish","type":"post","link":"http:\/\/blogdalucianaoliveira.com.br\/blog\/2018\/02\/21\/denunciados-por-crimes-avalizam-suposto-combate-ao-crime\/","title":{"rendered":"Denunciados por crimes avalizam decreto de falso combate ao crime"},"content":{"rendered":"<p><img data-recalc-dims=\"1\" loading=\"lazy\" decoding=\"async\" data-attachment-id=\"16673\" data-permalink=\"http:\/\/blogdalucianaoliveira.com.br\/blog\/2018\/02\/21\/denunciados-por-crimes-avalizam-suposto-combate-ao-crime\/votaccca7acc83o-camara-20180219-0029\/\" data-orig-file=\"https:\/\/i0.wp.com\/blogdalucianaoliveira.com.br\/blog\/wp-content\/uploads\/2018\/02\/votaccca7acc83o-camara-20180219-0029.jpg?fit=1125%2C750\" data-orig-size=\"1125,750\" data-comments-opened=\"0\" data-image-meta=\"{&quot;aperture&quot;:&quot;2.8&quot;,&quot;credit&quot;:&quot;Wilson Dias\\\/Ag\\u00eancia Brasil&quot;,&quot;camera&quot;:&quot;Canon EOS-1D X&quot;,&quot;caption&quot;:&quot;Bras\\u00edlia -  Plen\\u00e1rio da C\\u00e2mara dos Deputados durante sess\\u00e3o para vota\\u00e7\\u00e3o da interven\\u00e7\\u00e3o federal na seguran\\u00e7a p\\u00fablica do Rio de Janeiro (Wilson Dias\\\/Ag\\u00eancia Brasil)&quot;,&quot;created_timestamp&quot;:&quot;1519073389&quot;,&quot;copyright&quot;:&quot;EBC-EMPRESA BRASIL DE COMUNICA\\u00c7\\u00c3O\\\/Ag\\u00eancia Brasil. Uso sob a Licen\\u00e7a Creative Commons Atribui\\u00e7\\u00e3o 3.0 Brasil. CR\\u00c9DITO DO FO&quot;,&quot;focal_length&quot;:&quot;24&quot;,&quot;iso&quot;:&quot;1600&quot;,&quot;shutter_speed&quot;:&quot;0.00625&quot;,&quot;title&quot;:&quot;&quot;,&quot;orientation&quot;:&quot;1&quot;}\" data-image-title=\"votaccca7acc83o-camara-20180219-0029\" data-image-description=\"\" data-image-caption=\"\" data-medium-file=\"https:\/\/i0.wp.com\/blogdalucianaoliveira.com.br\/blog\/wp-content\/uploads\/2018\/02\/votaccca7acc83o-camara-20180219-0029.jpg?fit=300%2C200\" data-large-file=\"https:\/\/i0.wp.com\/blogdalucianaoliveira.com.br\/blog\/wp-content\/uploads\/2018\/02\/votaccca7acc83o-camara-20180219-0029.jpg?fit=600%2C400\" src=\"https:\/\/i0.wp.com\/blogdalucianaoliveira.com.br\/blog\/wp-content\/uploads\/2018\/02\/votaccca7acc83o-camara-20180219-0029.jpg?resize=600%2C400\" alt=\" \" width=\"600\" height=\"400\" class=\"alignnone size-full wp-image-16673\" srcset=\"https:\/\/i0.wp.com\/blogdalucianaoliveira.com.br\/blog\/wp-content\/uploads\/2018\/02\/votaccca7acc83o-camara-20180219-0029.jpg?w=1125 1125w, https:\/\/i0.wp.com\/blogdalucianaoliveira.com.br\/blog\/wp-content\/uploads\/2018\/02\/votaccca7acc83o-camara-20180219-0029.jpg?resize=300%2C200 300w, https:\/\/i0.wp.com\/blogdalucianaoliveira.com.br\/blog\/wp-content\/uploads\/2018\/02\/votaccca7acc83o-camara-20180219-0029.jpg?resize=768%2C512 768w, https:\/\/i0.wp.com\/blogdalucianaoliveira.com.br\/blog\/wp-content\/uploads\/2018\/02\/votaccca7acc83o-camara-20180219-0029.jpg?resize=1024%2C683 1024w, https:\/\/i0.wp.com\/blogdalucianaoliveira.com.br\/blog\/wp-content\/uploads\/2018\/02\/votaccca7acc83o-camara-20180219-0029.jpg?resize=450%2C300 450w\" sizes=\"auto, (max-width: 600px) 100vw, 600px\" \/><\/p>\n<p>Com a aprova\u00e7\u00e3o maci\u00e7a da interven\u00e7\u00e3o federal na seguran\u00e7a p\u00fablica do Rio de Janeiro, deputados e senadores confirmam alto n\u00edvel de desfa\u00e7atez e baixo n\u00edvel de compromisso que t\u00eam com a sociedade. <\/p>\n<p>Na C\u00e2mara o decreto foi aprovado com 340 votos.<br \/>\nNo Senado, com 55.<\/p>\n<p>Eles n\u00e3o se preocupam nem um pouco com os argumentos de especialistas em seguran\u00e7a que consideram a medida extrema, ineficaz e seletiva.<!--more--><\/p>\n<p>A Defensoria P\u00fablica do Rio emitiu nota condenando a interven\u00e7\u00e3o:<\/p>\n<p>\u201cO combate ao crime n\u00e3o autoriza a pr\u00e1tica, pelo Estado, de viola\u00e7\u00f5es de direitos individuais, como pris\u00f5es sem ordem judicial ou flagr\u00e2ncia, invas\u00f5es de domic\u00edlio ou os j\u00e1 anunciados mandados de busca e apreens\u00e3o coletivos \u2013 medidas sem respaldo constitucional e que penalizam apenas a popula\u00e7\u00e3o pobre.\u201d<\/p>\n<p>At\u00e9 a OAB, t\u00e3o acomodada \u00e0 viola\u00e7\u00f5es constitucionais no p\u00f3s-golpe, criticou em nota a previs\u00e3o no decreto de mandatos coletivos de busca e apreens\u00e3o. <\/p>\n<p>\u201cTal expediente n\u00e3o \u00e9 previsto em lei e vai de encontro ao C\u00f3digo de Processo Penal, que determina especificar a quem \u00e9 direcionado o mandado\u201d.<\/p>\n<p>E da\u00ed se Sergipe, Alagoas, Cear\u00e1 e Rio Grande do Norte possuem \u00edndices mais alarmantes de viol\u00eancia, como alegou a minoria em oposi\u00e7\u00e3o?<\/p>\n<p><img data-recalc-dims=\"1\" loading=\"lazy\" decoding=\"async\" data-attachment-id=\"16677\" data-permalink=\"http:\/\/blogdalucianaoliveira.com.br\/blog\/2018\/02\/21\/denunciados-por-crimes-avalizam-suposto-combate-ao-crime\/se-4\/\" data-orig-file=\"https:\/\/i0.wp.com\/blogdalucianaoliveira.com.br\/blog\/wp-content\/uploads\/2018\/02\/se.jpg?fit=960%2C680\" data-orig-size=\"960,680\" data-comments-opened=\"0\" data-image-meta=\"{&quot;aperture&quot;:&quot;0&quot;,&quot;credit&quot;:&quot;&quot;,&quot;camera&quot;:&quot;&quot;,&quot;caption&quot;:&quot;&quot;,&quot;created_timestamp&quot;:&quot;0&quot;,&quot;copyright&quot;:&quot;&quot;,&quot;focal_length&quot;:&quot;0&quot;,&quot;iso&quot;:&quot;0&quot;,&quot;shutter_speed&quot;:&quot;0&quot;,&quot;title&quot;:&quot;&quot;,&quot;orientation&quot;:&quot;0&quot;}\" data-image-title=\"se\" data-image-description=\"\" data-image-caption=\"\" data-medium-file=\"https:\/\/i0.wp.com\/blogdalucianaoliveira.com.br\/blog\/wp-content\/uploads\/2018\/02\/se.jpg?fit=300%2C213\" data-large-file=\"https:\/\/i0.wp.com\/blogdalucianaoliveira.com.br\/blog\/wp-content\/uploads\/2018\/02\/se.jpg?fit=600%2C425\" src=\"https:\/\/i0.wp.com\/blogdalucianaoliveira.com.br\/blog\/wp-content\/uploads\/2018\/02\/se.jpg?resize=600%2C425\" alt=\"se\" width=\"600\" height=\"425\" class=\"alignnone size-full wp-image-16677\" srcset=\"https:\/\/i0.wp.com\/blogdalucianaoliveira.com.br\/blog\/wp-content\/uploads\/2018\/02\/se.jpg?w=960 960w, https:\/\/i0.wp.com\/blogdalucianaoliveira.com.br\/blog\/wp-content\/uploads\/2018\/02\/se.jpg?resize=300%2C213 300w, https:\/\/i0.wp.com\/blogdalucianaoliveira.com.br\/blog\/wp-content\/uploads\/2018\/02\/se.jpg?resize=768%2C544 768w, https:\/\/i0.wp.com\/blogdalucianaoliveira.com.br\/blog\/wp-content\/uploads\/2018\/02\/se.jpg?resize=424%2C300 424w\" sizes=\"auto, (max-width: 600px) 100vw, 600px\" \/><\/p>\n<p>Coer\u00eancia \u00e9 algo que o Congresso Nacional n\u00e3o reflete desde o in\u00edcio do golpe que derrubou a presidenta eleita.<\/p>\n<p>Pudor, menos ainda.<\/p>\n<p>\u201cEstamos numa guerra contra o crime\u201d, disse o presidente da C\u00e2mara, Rodrigo Maia.<\/p>\n<p>Como assim? Os deputados barraram duas investiga\u00e7\u00f5es que poderiam afastar o presidente qualificado como chefe de quadrilha.<\/p>\n<p>No senado, at\u00e9 quem estava afastado por motivos de doen\u00e7a fez quest\u00e3o de voltar para garantir a manuten\u00e7\u00e3o mandato de A\u00e9cio Neves, flagrado em \u00e1udio amea\u00e7ando matar delator que se colocasse em seu caminho.<\/p>\n<p>Que moral sup\u00f5em ter deputados e senadores t\u00e3o condescendentes com pol\u00edticos denunciados por v\u00e1rios crimes para bravatear com a viol\u00eancia no Rio?<\/p>\n<p>Como bem observou Affonso Romano de Sant&#8217;Anna, \u201cmentem de maneira t\u00e3o pungente que acho que mentem sinceramente.\u201d<\/p>\n<p>Mente, descaradaMentem.<\/p>\n<div class=\"jetpack-video-wrapper\"><iframe loading=\"lazy\" title=\"Denunciados por crimes avalizam decreto de falso combate ao crime\" width=\"600\" height=\"338\" src=\"https:\/\/www.youtube.com\/embed\/t55Y4cRxCtY?feature=oembed\" frameborder=\"0\" allow=\"accelerometer; autoplay; clipboard-write; encrypted-media; gyroscope; picture-in-picture; web-share\" referrerpolicy=\"strict-origin-when-cross-origin\" allowfullscreen><\/iframe><\/div>\n","protected":false},"excerpt":{"rendered":"<p>Com a aprova\u00e7\u00e3o maci\u00e7a da interven\u00e7\u00e3o federal na seguran\u00e7a p\u00fablica do Rio de Janeiro, deputados e senadores confirmam alto n\u00edvel de desfa\u00e7atez e baixo n\u00edvel de compromisso que t\u00eam com a sociedade. Na C\u00e2mara o decreto foi aprovado com 340 votos. No Senado, com 55. Eles n\u00e3o se preocupam nem um pouco com os argumentos&#8230;<a class=\"more-link\" href=\"http:\/\/blogdalucianaoliveira.com.br\/blog\/2018\/02\/21\/denunciados-por-crimes-avalizam-suposto-combate-ao-crime\/\">Continue a leitura <span class=\"meta-nav\">&raquo;<\/span><\/a><\/p>\n","protected":false},"author":1,"featured_media":0,"comment_status":"closed","ping_status":"open","sticky":false,"template":"","format":"standard","meta":{"_exactmetrics_skip_tracking":false,"_exactmetrics_sitenote_active":false,"_exactmetrics_sitenote_note":"","_exactmetrics_sitenote_category":0,"jetpack_post_was_ever_published":false,"_jetpack_newsletter_access":"","_jetpack_dont_email_post_to_subs":false,"_jetpack_newsletter_tier_id":0,"_jetpack_memberships_contains_paywalled_content":false,"_jetpack_memberships_contains_paid_content":false,"footnotes":"","jetpack_publicize_message":"","jetpack_publicize_feature_enabled":true,"jetpack_social_post_already_shared":true,"jetpack_social_options":{"image_generator_settings":{"template":"highway","enabled":false},"version":2}},"categories":[1],"tags":[],"class_list":["post-16672","post","type-post","status-publish","format-standard","hentry","category-notas"],"jetpack_publicize_connections":[],"jetpack_sharing_enabled":true,"jetpack_featured_media_url":"","jetpack_shortlink":"https:\/\/wp.me\/p7wKYW-4kU","jetpack-related-posts":[],"_links":{"self":[{"href":"http:\/\/blogdalucianaoliveira.com.br\/blog\/wp-json\/wp\/v2\/posts\/16672","targetHints":{"allow":["GET"]}}],"collection":[{"href":"http:\/\/blogdalucianaoliveira.com.br\/blog\/wp-json\/wp\/v2\/posts"}],"about":[{"href":"http:\/\/blogdalucianaoliveira.com.br\/blog\/wp-json\/wp\/v2\/types\/post"}],"author":[{"embeddable":true,"href":"http:\/\/blogdalucianaoliveira.com.br\/blog\/wp-json\/wp\/v2\/users\/1"}],"replies":[{"embeddable":true,"href":"http:\/\/blogdalucianaoliveira.com.br\/blog\/wp-json\/wp\/v2\/comments?post=16672"}],"version-history":[{"count":5,"href":"http:\/\/blogdalucianaoliveira.com.br\/blog\/wp-json\/wp\/v2\/posts\/16672\/revisions"}],"predecessor-version":[{"id":16682,"href":"http:\/\/blogdalucianaoliveira.com.br\/blog\/wp-json\/wp\/v2\/posts\/16672\/revisions\/16682"}],"wp:attachment":[{"href":"http:\/\/blogdalucianaoliveira.com.br\/blog\/wp-json\/wp\/v2\/media?parent=16672"}],"wp:term":[{"taxonomy":"category","embeddable":true,"href":"http:\/\/blogdalucianaoliveira.com.br\/blog\/wp-json\/wp\/v2\/categories?post=16672"},{"taxonomy":"post_tag","embeddable":true,"href":"http:\/\/blogdalucianaoliveira.com.br\/blog\/wp-json\/wp\/v2\/tags?post=16672"}],"curies":[{"name":"wp","href":"https:\/\/api.w.org\/{rel}","templated":true}]}}