{"id":1670,"date":"2016-06-15T12:34:10","date_gmt":"2016-06-15T16:34:10","guid":{"rendered":"http:\/\/blogdalucianaoliveira.com.br\/blog\/?p=1670"},"modified":"2016-06-15T12:34:10","modified_gmt":"2016-06-15T16:34:10","slug":"oportunidade-imperdivel-de-discutir-o-brasil-marcio-pochmann-estara-em-porto-velho-dia-20","status":"publish","type":"post","link":"http:\/\/blogdalucianaoliveira.com.br\/blog\/2016\/06\/15\/oportunidade-imperdivel-de-discutir-o-brasil-marcio-pochmann-estara-em-porto-velho-dia-20\/","title":{"rendered":"Oportunidade imperd\u00edvel de discutir o Brasil: Marcio Pochmann estar\u00e1 em Porto Velho dia 20"},"content":{"rendered":"<p><img data-recalc-dims=\"1\" loading=\"lazy\" decoding=\"async\" data-attachment-id=\"1671\" data-permalink=\"http:\/\/blogdalucianaoliveira.com.br\/blog\/2016\/06\/15\/oportunidade-imperdivel-de-discutir-o-brasil-marcio-pochmann-estara-em-porto-velho-dia-20\/marcio\/\" data-orig-file=\"https:\/\/i0.wp.com\/blogdalucianaoliveira.com.br\/blog\/wp-content\/uploads\/2016\/06\/marcio.jpg?fit=1735%2C1745\" data-orig-size=\"1735,1745\" data-comments-opened=\"0\" data-image-meta=\"{&quot;aperture&quot;:&quot;0&quot;,&quot;credit&quot;:&quot;&quot;,&quot;camera&quot;:&quot;&quot;,&quot;caption&quot;:&quot;&quot;,&quot;created_timestamp&quot;:&quot;0&quot;,&quot;copyright&quot;:&quot;&quot;,&quot;focal_length&quot;:&quot;0&quot;,&quot;iso&quot;:&quot;0&quot;,&quot;shutter_speed&quot;:&quot;0&quot;,&quot;title&quot;:&quot;&quot;,&quot;orientation&quot;:&quot;0&quot;}\" data-image-title=\"marcio\" data-image-description=\"\" data-image-caption=\"\" data-medium-file=\"https:\/\/i0.wp.com\/blogdalucianaoliveira.com.br\/blog\/wp-content\/uploads\/2016\/06\/marcio.jpg?fit=298%2C300\" data-large-file=\"https:\/\/i0.wp.com\/blogdalucianaoliveira.com.br\/blog\/wp-content\/uploads\/2016\/06\/marcio.jpg?fit=600%2C604\" src=\"https:\/\/i0.wp.com\/blogdalucianaoliveira.com.br\/blog\/wp-content\/uploads\/2016\/06\/marcio.jpg?resize=600%2C603\" alt=\"marcio\" width=\"600\" height=\"603\" class=\"alignnone size-full wp-image-1671\" srcset=\"https:\/\/i0.wp.com\/blogdalucianaoliveira.com.br\/blog\/wp-content\/uploads\/2016\/06\/marcio.jpg?w=1735 1735w, https:\/\/i0.wp.com\/blogdalucianaoliveira.com.br\/blog\/wp-content\/uploads\/2016\/06\/marcio.jpg?resize=150%2C150 150w, https:\/\/i0.wp.com\/blogdalucianaoliveira.com.br\/blog\/wp-content\/uploads\/2016\/06\/marcio.jpg?resize=298%2C300 298w, https:\/\/i0.wp.com\/blogdalucianaoliveira.com.br\/blog\/wp-content\/uploads\/2016\/06\/marcio.jpg?resize=768%2C772 768w, https:\/\/i0.wp.com\/blogdalucianaoliveira.com.br\/blog\/wp-content\/uploads\/2016\/06\/marcio.jpg?resize=1018%2C1024 1018w, https:\/\/i0.wp.com\/blogdalucianaoliveira.com.br\/blog\/wp-content\/uploads\/2016\/06\/marcio.jpg?w=1200 1200w\" sizes=\"auto, (max-width: 600px) 100vw, 600px\" \/><\/p>\n<p>Estar\u00e1 em Porto Velho no pr\u00f3ximo dia 20, o Presidente da Funda\u00e7\u00e3o Perseu Abramo, M\u00e1rcio Pochmann, que \u00e9 tamb\u00e9m economista, professor titular da Unicamp e pesquisador do Centro de Estudos da Sindicais e de Economia do Trabalho do Instituto de Economia da Unicamp. <!--more--><\/p>\n<p>Antes, ele participa de uma coletiva com a imprensa, \u00e0s 16 horas no Centro Arquidiocesano de Pastoral na Av. Carlos Gomes, 964.<\/p>\n<p>M\u00e1rcio \u00e9 autor de mais de 40 livros sobre economia, desenvolvimento e pol\u00edticas p\u00fablicas e lan\u00e7ou recentemente o livro, O mito da grande classe m\u00e9dia, publicado pela editora Boitempo.<\/p>\n<p>O palestrante tamb\u00e9m foi secret\u00e1rio do Desenvolvimento, Trabalho e Solidariedade da Prefeitura de S\u00e3o Paulo (2001-2004), presidente do Instituto de Pesquisa Econ\u00f4mica Aplicada (2007-2012); consultor de institui\u00e7\u00f5es nacionais (DIEESE, FIESP, SEBRAE, MTE) e internacionais (OIT, BID, UNICEF); pesquisador-visitante em universidades na Fran\u00e7a, It\u00e1lia e Inglaterra. <\/p>\n","protected":false},"excerpt":{"rendered":"<p>Estar\u00e1 em Porto Velho no pr\u00f3ximo dia 20, o Presidente da Funda\u00e7\u00e3o Perseu Abramo, M\u00e1rcio Pochmann, que \u00e9 tamb\u00e9m economista, professor titular da Unicamp e pesquisador do Centro de Estudos da Sindicais e de Economia do Trabalho do Instituto de Economia da Unicamp.<\/p>\n","protected":false},"author":1,"featured_media":0,"comment_status":"closed","ping_status":"open","sticky":false,"template":"","format":"standard","meta":{"_exactmetrics_skip_tracking":false,"_exactmetrics_sitenote_active":false,"_exactmetrics_sitenote_note":"","_exactmetrics_sitenote_category":0,"jetpack_post_was_ever_published":false,"_jetpack_newsletter_access":"","_jetpack_dont_email_post_to_subs":false,"_jetpack_newsletter_tier_id":0,"_jetpack_memberships_contains_paywalled_content":false,"_jetpack_memberships_contains_paid_content":false,"footnotes":"","jetpack_publicize_message":"","jetpack_publicize_feature_enabled":true,"jetpack_social_post_already_shared":true,"jetpack_social_options":{"image_generator_settings":{"template":"highway","enabled":false},"version":2}},"categories":[1],"tags":[],"class_list":["post-1670","post","type-post","status-publish","format-standard","hentry","category-notas"],"jetpack_publicize_connections":[],"jetpack_sharing_enabled":true,"jetpack_featured_media_url":"","jetpack_shortlink":"https:\/\/wp.me\/p7wKYW-qW","jetpack-related-posts":[],"_links":{"self":[{"href":"http:\/\/blogdalucianaoliveira.com.br\/blog\/wp-json\/wp\/v2\/posts\/1670","targetHints":{"allow":["GET"]}}],"collection":[{"href":"http:\/\/blogdalucianaoliveira.com.br\/blog\/wp-json\/wp\/v2\/posts"}],"about":[{"href":"http:\/\/blogdalucianaoliveira.com.br\/blog\/wp-json\/wp\/v2\/types\/post"}],"author":[{"embeddable":true,"href":"http:\/\/blogdalucianaoliveira.com.br\/blog\/wp-json\/wp\/v2\/users\/1"}],"replies":[{"embeddable":true,"href":"http:\/\/blogdalucianaoliveira.com.br\/blog\/wp-json\/wp\/v2\/comments?post=1670"}],"version-history":[{"count":1,"href":"http:\/\/blogdalucianaoliveira.com.br\/blog\/wp-json\/wp\/v2\/posts\/1670\/revisions"}],"predecessor-version":[{"id":1672,"href":"http:\/\/blogdalucianaoliveira.com.br\/blog\/wp-json\/wp\/v2\/posts\/1670\/revisions\/1672"}],"wp:attachment":[{"href":"http:\/\/blogdalucianaoliveira.com.br\/blog\/wp-json\/wp\/v2\/media?parent=1670"}],"wp:term":[{"taxonomy":"category","embeddable":true,"href":"http:\/\/blogdalucianaoliveira.com.br\/blog\/wp-json\/wp\/v2\/categories?post=1670"},{"taxonomy":"post_tag","embeddable":true,"href":"http:\/\/blogdalucianaoliveira.com.br\/blog\/wp-json\/wp\/v2\/tags?post=1670"}],"curies":[{"name":"wp","href":"https:\/\/api.w.org\/{rel}","templated":true}]}}