{"id":16700,"date":"2018-02-22T11:13:20","date_gmt":"2018-02-22T15:13:20","guid":{"rendered":"http:\/\/blogdalucianaoliveira.com.br\/blog\/?p=16700"},"modified":"2018-02-22T11:13:20","modified_gmt":"2018-02-22T15:13:20","slug":"juiza-bloqueia-r-113-mi-de-paulo-preto-no-exterior-defesa-anexou-decisao-ao-inquerito-que-investiga-serra-no-supremo","status":"publish","type":"post","link":"http:\/\/blogdalucianaoliveira.com.br\/blog\/2018\/02\/22\/juiza-bloqueia-r-113-mi-de-paulo-preto-no-exterior-defesa-anexou-decisao-ao-inquerito-que-investiga-serra-no-supremo\/","title":{"rendered":"Ju\u00edza bloqueia R$ 113 mi de Paulo Preto no exterior; defesa anexou decis\u00e3o ao inqu\u00e9rito que investiga Serra no Supremo"},"content":{"rendered":"<p>&nbsp;<\/p>\n<p><img data-recalc-dims=\"1\" loading=\"lazy\" decoding=\"async\" data-attachment-id=\"16701\" data-permalink=\"http:\/\/blogdalucianaoliveira.com.br\/blog\/2018\/02\/22\/juiza-bloqueia-r-113-mi-de-paulo-preto-no-exterior-defesa-anexou-decisao-ao-inquerito-que-investiga-serra-no-supremo\/serra-3\/\" data-orig-file=\"https:\/\/i0.wp.com\/blogdalucianaoliveira.com.br\/blog\/wp-content\/uploads\/2018\/02\/serra.png?fit=1822%2C1132\" data-orig-size=\"1822,1132\" data-comments-opened=\"0\" data-image-meta=\"{&quot;aperture&quot;:&quot;0&quot;,&quot;credit&quot;:&quot;&quot;,&quot;camera&quot;:&quot;&quot;,&quot;caption&quot;:&quot;&quot;,&quot;created_timestamp&quot;:&quot;0&quot;,&quot;copyright&quot;:&quot;&quot;,&quot;focal_length&quot;:&quot;0&quot;,&quot;iso&quot;:&quot;0&quot;,&quot;shutter_speed&quot;:&quot;0&quot;,&quot;title&quot;:&quot;&quot;,&quot;orientation&quot;:&quot;0&quot;}\" data-image-title=\"serra\" data-image-description=\"\" data-image-caption=\"\" data-medium-file=\"https:\/\/i0.wp.com\/blogdalucianaoliveira.com.br\/blog\/wp-content\/uploads\/2018\/02\/serra.png?fit=300%2C186\" data-large-file=\"https:\/\/i0.wp.com\/blogdalucianaoliveira.com.br\/blog\/wp-content\/uploads\/2018\/02\/serra.png?fit=600%2C373\" class=\"alignnone size-full wp-image-16701\" src=\"https:\/\/i0.wp.com\/blogdalucianaoliveira.com.br\/blog\/wp-content\/uploads\/2018\/02\/serra.png?resize=600%2C373\" alt=\"serra\" width=\"600\" height=\"373\" srcset=\"https:\/\/i0.wp.com\/blogdalucianaoliveira.com.br\/blog\/wp-content\/uploads\/2018\/02\/serra.png?w=1822 1822w, https:\/\/i0.wp.com\/blogdalucianaoliveira.com.br\/blog\/wp-content\/uploads\/2018\/02\/serra.png?resize=300%2C186 300w, https:\/\/i0.wp.com\/blogdalucianaoliveira.com.br\/blog\/wp-content\/uploads\/2018\/02\/serra.png?resize=768%2C477 768w, https:\/\/i0.wp.com\/blogdalucianaoliveira.com.br\/blog\/wp-content\/uploads\/2018\/02\/serra.png?resize=1024%2C636 1024w, https:\/\/i0.wp.com\/blogdalucianaoliveira.com.br\/blog\/wp-content\/uploads\/2018\/02\/serra.png?resize=483%2C300 483w, https:\/\/i0.wp.com\/blogdalucianaoliveira.com.br\/blog\/wp-content\/uploads\/2018\/02\/serra.png?w=1200 1200w\" sizes=\"auto, (max-width: 600px) 100vw, 600px\" \/><\/p>\n<p>&nbsp;<\/p>\n<p>&nbsp;<\/p>\n<p><strong>Ex-diretor da Dersa tem R$ 113 mi no exterior, diz ju\u00edza<\/strong><\/p>\n<p><em>Informa\u00e7\u00f5es sobre as contas em nome de Paulo Vieira de Souza est\u00e3o em decis\u00e3o que autorizou o bloqueio do montante e o estabelecimento de coopera\u00e7\u00e3o entre o Minist\u00e9rio P\u00fablico Federal e a Su\u00ed\u00e7a<\/em><!--more--><\/p>\n<div class=\"pull-left ad-text\"><\/div>\n<p><strong>No Viomundo, Por\u00a0<a href=\"http:\/\/politica.estadao.com.br\/blogs\/fausto-macedo\/ex-diretor-da-dersa-tem-r-113-mi-no-exterior-diz-juiza\/?amp&amp;__twitter_impression=true\">Fabio Serapi\u00e3o e Luiz Vassallo, no Estad\u00e3o<\/a><\/strong><\/p>\n<p>Autoridades su\u00ed\u00e7as encontraram R$ 113 milh\u00f5es em quatro contas no pa\u00eds europeu em nome do ex-diretor da empresa Desenvolvimento Rodovi\u00e1rio S\/A (Dersa) Paulo Vieira de Souza [obs do\u00a0<em>Viomundo<\/em>:\u00a0<strong>mais conhecido\u00a0como Paulo Preto<\/strong>] . Ele foi diretor da estatal paulista entre 2007 e 2010, durante governo do PSDB.<\/p>\n<p>As informa\u00e7\u00f5es sobre as contas em nome de Souza est\u00e3o na decis\u00e3o em que a ju\u00edza federal Maria Isabel do Prado autorizou o bloqueio do montante e o estabelecimento de uma coopera\u00e7\u00e3o internacional entre o Minist\u00e9rio P\u00fablico Federal e a Su\u00ed\u00e7a para recuperar os valores.<\/p>\n<p><img data-recalc-dims=\"1\" loading=\"lazy\" decoding=\"async\" class=\"alignnone size-full wp-image-202275\" src=\"https:\/\/i0.wp.com\/www.viomundo.com.br\/wp-content\/uploads\/2018\/02\/paulo-2-1.png?resize=600%2C372\" sizes=\"auto, (max-width: 928px) 100vw, 928px\" srcset=\"http:\/\/www.viomundo.com.br\/wp-content\/uploads\/2018\/02\/paulo-2-1.png 928w, http:\/\/www.viomundo.com.br\/wp-content\/uploads\/2018\/02\/paulo-2-1-290x180.png 290w, http:\/\/www.viomundo.com.br\/wp-content\/uploads\/2018\/02\/paulo-2-1-768x477.png 768w, http:\/\/www.viomundo.com.br\/wp-content\/uploads\/2018\/02\/paulo-2-1-644x400.png 644w\" alt=\"\" width=\"600\" height=\"372\" \/><\/p>\n<p>A decis\u00e3o \u00e9 de 17 de outubro do ano passado e foi tornada p\u00fablica ontem.<\/p>\n<p>\u201cConstam das informa\u00e7\u00f5es que em 7 de junho de 2016 as quatro contas banc\u00e1rias atingiam o saldo conjunto de cerca de 35 milh\u00f5es de francos su\u00ed\u00e7os, equivalente a 113 milh\u00f5es de reais, convertidos na cota\u00e7\u00e3o atual\u201d, diz o despacho da magistrada.<\/p>\n<p><img data-recalc-dims=\"1\" loading=\"lazy\" decoding=\"async\" class=\"alignnone size-full wp-image-202276\" src=\"https:\/\/i0.wp.com\/www.viomundo.com.br\/wp-content\/uploads\/2018\/02\/paulo.png?resize=600%2C463\" sizes=\"auto, (max-width: 801px) 100vw, 801px\" srcset=\"http:\/\/www.viomundo.com.br\/wp-content\/uploads\/2018\/02\/paulo.png 801w, http:\/\/www.viomundo.com.br\/wp-content\/uploads\/2018\/02\/paulo-233x180.png 233w, http:\/\/www.viomundo.com.br\/wp-content\/uploads\/2018\/02\/paulo-768x593.png 768w, http:\/\/www.viomundo.com.br\/wp-content\/uploads\/2018\/02\/paulo-518x400.png 518w\" alt=\"\" width=\"600\" height=\"463\" \/><\/p>\n<p>As contas, abertas no banco Bordier e Cie, est\u00e3o vinculadas a uma offshore panamenha chamada Groupe Nantes. De acordo com a decis\u00e3o, o dinheiro teria sido mantido no banco su\u00ed\u00e7o at\u00e9 fevereiro de 2017, quando foi transferido para o Deltec Bank and Trust Limited, sediado em Nassau, nas Bahamas.<\/p>\n<p>No documento, a ju\u00edza cita informa\u00e7\u00f5es do MPF de que Souza tamb\u00e9m teria reduzido seu patrim\u00f4nio declarado de R$ 4 milh\u00f5es, em 2014, para R$ 2,8 milh\u00f5es em 2017.<\/p>\n<p>Essa redu\u00e7\u00e3o indicaria \u201cdesfazimentos de bens a fim de evitar eventual ressarcimento ao er\u00e1rio\u201d. Outro trecho do despacho afirma que, entre 2009 e 2010, \u00e9poca em que era diretor da Dersa, Souza efetuou transa\u00e7\u00f5es acima de R$ 2,5 milh\u00f5es que eram incompat\u00edveis com seu patrim\u00f4nio.<\/p>\n<p>A decis\u00e3o da ju\u00edza foi anexada pelos advogados do ex-diretor da Dersa ao inqu\u00e9rito em curso no Supremo Tribunal Federal que investiga o senador Jos\u00e9 Serra (PSDB-SP).<\/p>\n<p>A investiga\u00e7\u00e3o foi autorizada pelo ministro da Corte Edson Fachin com base na dela\u00e7\u00e3o da Odebrecht \u2013 ex-executivos da empreiteira relataram irregularidades em obras do Rodoanel, em S\u00e3o Paulo.<\/p>\n<p>Souza tenta, por meio de sua defesa, enviar as investiga\u00e7\u00f5es contra ele que tramitam em S\u00e3o Paulo para o Supremo. O ministro Gilmar Mendes \u00e9 relator do inqu\u00e9rito sobre Serra.<\/p>\n<p>A defesa do ex-diretor da Dersa alega que os fatos investigados em S\u00e3o Paulo j\u00e1 est\u00e3o sob apura\u00e7\u00e3o no STF. Ontem, a procuradora-geral da Rep\u00fablica, Raquel Dodge, se posicionou contra o pedido dos advogados de Souza.<\/p>\n<p>A Dersa e a defesa de Paulo Vieira de Souza n\u00e3o responderam aos contatos das reportagem. Jos\u00e9 Serra, por meio de sua assessoria, informou que n\u00e3o iria se manifestar.<\/p>\n","protected":false},"excerpt":{"rendered":"<p>&nbsp; &nbsp; &nbsp; Ex-diretor da Dersa tem R$ 113 mi no exterior, diz ju\u00edza Informa\u00e7\u00f5es sobre as contas em nome de Paulo Vieira de Souza est\u00e3o em decis\u00e3o que autorizou o bloqueio do montante e o estabelecimento de coopera\u00e7\u00e3o entre o Minist\u00e9rio P\u00fablico Federal e a Su\u00ed\u00e7a<\/p>\n","protected":false},"author":1,"featured_media":0,"comment_status":"closed","ping_status":"open","sticky":false,"template":"","format":"standard","meta":{"_exactmetrics_skip_tracking":false,"_exactmetrics_sitenote_active":false,"_exactmetrics_sitenote_note":"","_exactmetrics_sitenote_category":0,"jetpack_post_was_ever_published":false,"_jetpack_newsletter_access":"","_jetpack_dont_email_post_to_subs":false,"_jetpack_newsletter_tier_id":0,"_jetpack_memberships_contains_paywalled_content":false,"_jetpack_memberships_contains_paid_content":false,"footnotes":"","jetpack_publicize_message":"","jetpack_publicize_feature_enabled":true,"jetpack_social_post_already_shared":true,"jetpack_social_options":{"image_generator_settings":{"template":"highway","enabled":false},"version":2}},"categories":[1],"tags":[],"class_list":["post-16700","post","type-post","status-publish","format-standard","hentry","category-notas"],"jetpack_publicize_connections":[],"jetpack_sharing_enabled":true,"jetpack_featured_media_url":"","jetpack_shortlink":"https:\/\/wp.me\/p7wKYW-4lm","jetpack-related-posts":[],"_links":{"self":[{"href":"http:\/\/blogdalucianaoliveira.com.br\/blog\/wp-json\/wp\/v2\/posts\/16700","targetHints":{"allow":["GET"]}}],"collection":[{"href":"http:\/\/blogdalucianaoliveira.com.br\/blog\/wp-json\/wp\/v2\/posts"}],"about":[{"href":"http:\/\/blogdalucianaoliveira.com.br\/blog\/wp-json\/wp\/v2\/types\/post"}],"author":[{"embeddable":true,"href":"http:\/\/blogdalucianaoliveira.com.br\/blog\/wp-json\/wp\/v2\/users\/1"}],"replies":[{"embeddable":true,"href":"http:\/\/blogdalucianaoliveira.com.br\/blog\/wp-json\/wp\/v2\/comments?post=16700"}],"version-history":[{"count":1,"href":"http:\/\/blogdalucianaoliveira.com.br\/blog\/wp-json\/wp\/v2\/posts\/16700\/revisions"}],"predecessor-version":[{"id":16702,"href":"http:\/\/blogdalucianaoliveira.com.br\/blog\/wp-json\/wp\/v2\/posts\/16700\/revisions\/16702"}],"wp:attachment":[{"href":"http:\/\/blogdalucianaoliveira.com.br\/blog\/wp-json\/wp\/v2\/media?parent=16700"}],"wp:term":[{"taxonomy":"category","embeddable":true,"href":"http:\/\/blogdalucianaoliveira.com.br\/blog\/wp-json\/wp\/v2\/categories?post=16700"},{"taxonomy":"post_tag","embeddable":true,"href":"http:\/\/blogdalucianaoliveira.com.br\/blog\/wp-json\/wp\/v2\/tags?post=16700"}],"curies":[{"name":"wp","href":"https:\/\/api.w.org\/{rel}","templated":true}]}}