{"id":16703,"date":"2018-02-22T11:18:43","date_gmt":"2018-02-22T15:18:43","guid":{"rendered":"http:\/\/blogdalucianaoliveira.com.br\/blog\/?p=16703"},"modified":"2018-02-22T11:18:43","modified_gmt":"2018-02-22T15:18:43","slug":"mais-ricos-lucraram-75-na-crise-mais-pobres-sao-95-dos-desempregados","status":"publish","type":"post","link":"http:\/\/blogdalucianaoliveira.com.br\/blog\/2018\/02\/22\/mais-ricos-lucraram-75-na-crise-mais-pobres-sao-95-dos-desempregados\/","title":{"rendered":"Mais ricos lucraram 7,5% na crise; mais pobres s\u00e3o 95% dos desempregados"},"content":{"rendered":"<p><img data-recalc-dims=\"1\" loading=\"lazy\" decoding=\"async\" data-attachment-id=\"16704\" data-permalink=\"http:\/\/blogdalucianaoliveira.com.br\/blog\/2018\/02\/22\/mais-ricos-lucraram-75-na-crise-mais-pobres-sao-95-dos-desempregados\/ct\/\" data-orig-file=\"https:\/\/i0.wp.com\/blogdalucianaoliveira.com.br\/blog\/wp-content\/uploads\/2018\/02\/ct.jpg?fit=640%2C423\" data-orig-size=\"640,423\" data-comments-opened=\"0\" data-image-meta=\"{&quot;aperture&quot;:&quot;0&quot;,&quot;credit&quot;:&quot;&quot;,&quot;camera&quot;:&quot;&quot;,&quot;caption&quot;:&quot;&quot;,&quot;created_timestamp&quot;:&quot;0&quot;,&quot;copyright&quot;:&quot;&quot;,&quot;focal_length&quot;:&quot;0&quot;,&quot;iso&quot;:&quot;0&quot;,&quot;shutter_speed&quot;:&quot;0&quot;,&quot;title&quot;:&quot;&quot;,&quot;orientation&quot;:&quot;0&quot;}\" data-image-title=\"ct\" data-image-description=\"\" data-image-caption=\"\" data-medium-file=\"https:\/\/i0.wp.com\/blogdalucianaoliveira.com.br\/blog\/wp-content\/uploads\/2018\/02\/ct.jpg?fit=300%2C198\" data-large-file=\"https:\/\/i0.wp.com\/blogdalucianaoliveira.com.br\/blog\/wp-content\/uploads\/2018\/02\/ct.jpg?fit=600%2C397\" class=\"alignnone size-full wp-image-16704\" src=\"https:\/\/i0.wp.com\/blogdalucianaoliveira.com.br\/blog\/wp-content\/uploads\/2018\/02\/ct.jpg?resize=600%2C397\" alt=\"ct\" width=\"600\" height=\"397\" srcset=\"https:\/\/i0.wp.com\/blogdalucianaoliveira.com.br\/blog\/wp-content\/uploads\/2018\/02\/ct.jpg?w=640 640w, https:\/\/i0.wp.com\/blogdalucianaoliveira.com.br\/blog\/wp-content\/uploads\/2018\/02\/ct.jpg?resize=300%2C198 300w, https:\/\/i0.wp.com\/blogdalucianaoliveira.com.br\/blog\/wp-content\/uploads\/2018\/02\/ct.jpg?resize=454%2C300 454w\" sizes=\"auto, (max-width: 600px) 100vw, 600px\" \/><\/p>\n<h2 class=\"description\">Dados divulgados nesta quarta-feira (21) pela SPC Brasil e pela Receita Federa comprovam aumento da desigualdade social<\/h2>\n<p><!--more--><\/p>\n<div class=\"details-bar\">\n<div class=\"author-time\">\n<address class=\"author\">Reda\u00e7\u00e3o<\/address>\n<div class=\"place-and-time\">\n<div class=\"place\">\n<p>Brasil de Fato | S\u00e3o Paulo (SP)<\/p>\n<\/div>\n<p>Dados divulgados nesta semana exp\u00f5em o aumento da desigualdade social nos \u00faltimos anos, com a crise econ\u00f4mica e pol\u00edtica vivida no pa\u00eds. Um estudo realizado pelo SPC Brasil, o Servi\u00e7o de Prote\u00e7\u00e3o ao Cr\u00e9dito, nesta quarta-feira (21), mostra que os mais pobres s\u00e3o maioria dos desempregados no pa\u00eds.<\/p>\n<p>Em contraponto a esse cen\u00e1rio, um documento da Receita Federal publicado nesta semana revela que a parte mais rica da popula\u00e7\u00e3o teve crescimento de renda nos \u00faltimos anos.<\/p>\n<p>A pesquisa &#8220;O desemprego e a busca por recoloca\u00e7\u00e3o profissional no Brasil&#8221;, feita SPC Brasil, em parceria com Confedera\u00e7\u00e3o Nacional dos Lojistas (CNDL), mostra que 95% dos trabalhadores e trabalhadoras desempregados h\u00e1 mais de um ano pertencem \u00e0s classes C, D e E, sendo que 54% \u00a0desses t\u00eam n\u00edvel de escolaridade somente at\u00e9 o ensino m\u00e9dio. Al\u00e9m disso, 59%, ou seja, a maioria, \u00e9 do sexo feminino.<\/p>\n<p>O estudo mostra tamb\u00e9m que os desempregados demoram, em m\u00e9dia, um ano e dois meses para conseguir emprego. De acordo com Instituto Brasileiro de Geografia e Estat\u00edstica (IBGE), o pa\u00eds tem atualmente 12, 3 milh\u00f5es de pessoas desempregadas.<\/p>\n<p>Por sua vez, os dados do Imposto de Renda da Pessoa F\u00edsica da Receita Federal indicam poss\u00edvel aumento na concentra\u00e7\u00e3o de renda. O documento mostra que a renda per capita do conjunto geral de contribuintes caiu 3,3% em termos reais entre 2014 e 2016, durante o in\u00edcio da recess\u00e3o econ\u00f4mica do pa\u00eds. Por\u00e9m, o segmento mais rico da popula\u00e7\u00e3o, formado por pessoas que ganham mais de 160 sal\u00e1rios-m\u00ednimos por m\u00eas, lucrou com a crise: a renda per capita desse grupo cresceu 7,5%.O documento tamb\u00e9m refor\u00e7a a conclus\u00e3o de que os mais ricos pagam pouco Imposto de Renda no Brasil.<\/p>\n<p class=\"editor\">Edi\u00e7\u00e3o: Camila Salmazio<\/p>\n<div class=\"content-footer\"><\/div>\n<\/div>\n<\/div>\n<\/div>\n","protected":false},"excerpt":{"rendered":"<p>Dados divulgados nesta quarta-feira (21) pela SPC Brasil e pela Receita Federa comprovam aumento da desigualdade social<\/p>\n","protected":false},"author":1,"featured_media":0,"comment_status":"closed","ping_status":"open","sticky":false,"template":"","format":"standard","meta":{"_exactmetrics_skip_tracking":false,"_exactmetrics_sitenote_active":false,"_exactmetrics_sitenote_note":"","_exactmetrics_sitenote_category":0,"jetpack_post_was_ever_published":false,"_jetpack_newsletter_access":"","_jetpack_dont_email_post_to_subs":false,"_jetpack_newsletter_tier_id":0,"_jetpack_memberships_contains_paywalled_content":false,"_jetpack_memberships_contains_paid_content":false,"footnotes":"","jetpack_publicize_message":"","jetpack_publicize_feature_enabled":true,"jetpack_social_post_already_shared":true,"jetpack_social_options":{"image_generator_settings":{"template":"highway","enabled":false},"version":2}},"categories":[1],"tags":[],"class_list":["post-16703","post","type-post","status-publish","format-standard","hentry","category-notas"],"jetpack_publicize_connections":[],"jetpack_sharing_enabled":true,"jetpack_featured_media_url":"","jetpack_shortlink":"https:\/\/wp.me\/p7wKYW-4lp","jetpack-related-posts":[],"_links":{"self":[{"href":"http:\/\/blogdalucianaoliveira.com.br\/blog\/wp-json\/wp\/v2\/posts\/16703","targetHints":{"allow":["GET"]}}],"collection":[{"href":"http:\/\/blogdalucianaoliveira.com.br\/blog\/wp-json\/wp\/v2\/posts"}],"about":[{"href":"http:\/\/blogdalucianaoliveira.com.br\/blog\/wp-json\/wp\/v2\/types\/post"}],"author":[{"embeddable":true,"href":"http:\/\/blogdalucianaoliveira.com.br\/blog\/wp-json\/wp\/v2\/users\/1"}],"replies":[{"embeddable":true,"href":"http:\/\/blogdalucianaoliveira.com.br\/blog\/wp-json\/wp\/v2\/comments?post=16703"}],"version-history":[{"count":1,"href":"http:\/\/blogdalucianaoliveira.com.br\/blog\/wp-json\/wp\/v2\/posts\/16703\/revisions"}],"predecessor-version":[{"id":16705,"href":"http:\/\/blogdalucianaoliveira.com.br\/blog\/wp-json\/wp\/v2\/posts\/16703\/revisions\/16705"}],"wp:attachment":[{"href":"http:\/\/blogdalucianaoliveira.com.br\/blog\/wp-json\/wp\/v2\/media?parent=16703"}],"wp:term":[{"taxonomy":"category","embeddable":true,"href":"http:\/\/blogdalucianaoliveira.com.br\/blog\/wp-json\/wp\/v2\/categories?post=16703"},{"taxonomy":"post_tag","embeddable":true,"href":"http:\/\/blogdalucianaoliveira.com.br\/blog\/wp-json\/wp\/v2\/tags?post=16703"}],"curies":[{"name":"wp","href":"https:\/\/api.w.org\/{rel}","templated":true}]}}