{"id":16714,"date":"2018-02-23T10:53:29","date_gmt":"2018-02-23T14:53:29","guid":{"rendered":"http:\/\/blogdalucianaoliveira.com.br\/blog\/?p=16714"},"modified":"2018-02-23T10:53:29","modified_gmt":"2018-02-23T14:53:29","slug":"corrupcao-policial-viabiliza-trafico-de-armas-e-e-central-na-crise-diz-procurador-que-investiga-escalada-da-violencia-no-rio","status":"publish","type":"post","link":"http:\/\/blogdalucianaoliveira.com.br\/blog\/2018\/02\/23\/corrupcao-policial-viabiliza-trafico-de-armas-e-e-central-na-crise-diz-procurador-que-investiga-escalada-da-violencia-no-rio\/","title":{"rendered":"Corrup\u00e7\u00e3o policial viabiliza tr\u00e1fico de armas e \u00e9 central na crise, diz procurador que investiga escalada da viol\u00eancia no Rio"},"content":{"rendered":"<p><img data-recalc-dims=\"1\" loading=\"lazy\" decoding=\"async\" data-attachment-id=\"16715\" data-permalink=\"http:\/\/blogdalucianaoliveira.com.br\/blog\/2018\/02\/23\/corrupcao-policial-viabiliza-trafico-de-armas-e-e-central-na-crise-diz-procurador-que-investiga-escalada-da-violencia-no-rio\/corru\/\" data-orig-file=\"https:\/\/i0.wp.com\/blogdalucianaoliveira.com.br\/blog\/wp-content\/uploads\/2018\/02\/corru.jpg?fit=660%2C371\" data-orig-size=\"660,371\" data-comments-opened=\"0\" data-image-meta=\"{&quot;aperture&quot;:&quot;0&quot;,&quot;credit&quot;:&quot;&quot;,&quot;camera&quot;:&quot;&quot;,&quot;caption&quot;:&quot;&quot;,&quot;created_timestamp&quot;:&quot;0&quot;,&quot;copyright&quot;:&quot;&quot;,&quot;focal_length&quot;:&quot;0&quot;,&quot;iso&quot;:&quot;0&quot;,&quot;shutter_speed&quot;:&quot;0&quot;,&quot;title&quot;:&quot;&quot;,&quot;orientation&quot;:&quot;0&quot;}\" data-image-title=\"corru\" data-image-description=\"\" data-image-caption=\"\" data-medium-file=\"https:\/\/i0.wp.com\/blogdalucianaoliveira.com.br\/blog\/wp-content\/uploads\/2018\/02\/corru.jpg?fit=300%2C169\" data-large-file=\"https:\/\/i0.wp.com\/blogdalucianaoliveira.com.br\/blog\/wp-content\/uploads\/2018\/02\/corru.jpg?fit=600%2C337\" class=\"alignnone size-full wp-image-16715\" src=\"https:\/\/i0.wp.com\/blogdalucianaoliveira.com.br\/blog\/wp-content\/uploads\/2018\/02\/corru.jpg?resize=600%2C337\" alt=\"corru\" width=\"600\" height=\"337\" srcset=\"https:\/\/i0.wp.com\/blogdalucianaoliveira.com.br\/blog\/wp-content\/uploads\/2018\/02\/corru.jpg?w=660 660w, https:\/\/i0.wp.com\/blogdalucianaoliveira.com.br\/blog\/wp-content\/uploads\/2018\/02\/corru.jpg?resize=300%2C169 300w, https:\/\/i0.wp.com\/blogdalucianaoliveira.com.br\/blog\/wp-content\/uploads\/2018\/02\/corru.jpg?resize=534%2C300 534w\" sizes=\"auto, (max-width: 600px) 100vw, 600px\" \/><\/p>\n<p class=\"story-body__introduction\">Semanas depois de assumir a chefia da Procuradoria-Geral da Rep\u00fablica (PGR), no fim do ano passado, Raquel Dodge decidiu que era preciso investigar as causas do aumento da viol\u00eancia no Estado e na cidade do Rio de Janeiro.<!--more--><\/p>\n<p>Na BBC, por Andr\u00e9 Shalders &#8211; Para isso, ela reuniu um grupo de cinco procuradores e lhes deu a miss\u00e3o de investigar a atua\u00e7\u00e3o das organiza\u00e7\u00f5es criminosas que atuam no Estado, como o Comando Vermelho (CV) e os Amigos dos Amigos (ADA), e tamb\u00e9m as for\u00e7as de seguran\u00e7a locais &#8211; o porqu\u00ea de elas estarem falhando no enfrentamento.<\/p>\n<p>O procurador Jos\u00e9 Maria Panoeiro, de 47 anos, foi um dos escolhidos por Dodge para a empreitada. Em conversa com a BBC Brasil, ele \u00e9 enf\u00e1tico: n\u00e3o h\u00e1 como explicar as cenas cotidianas de traficantes armados com fuzis nas favelas cariocas sem citar o grave problema de corrup\u00e7\u00e3o nas for\u00e7as de seguran\u00e7a.<\/p>\n<div class=\"story-body\">\n<div class=\"story-body__inner\">\n<p>Panoeiro evita generaliza\u00e7\u00f5es, mas diz que s\u00e3o frequentes as opera\u00e7\u00f5es para apreender armas que n\u00e3o d\u00e3o em nada gra\u00e7as ao vazamento de informa\u00e7\u00f5es, e cita o caso de um inspetor de pol\u00edcia que se d\u00e1 ao luxo de alugar um jatinho privado para uma viagem de fim de semana.<\/p>\n<p>Um dos objetivos do grupo criado por Dodge, diz ele, \u00e9 descobrir o porqu\u00ea de a Pol\u00edcia Federal n\u00e3o estar sendo efetiva na investiga\u00e7\u00e3o do tr\u00e1fico de armas no Rio. O procurador n\u00e3o comentou os resultados colhidos at\u00e9 agora pela investiga\u00e7\u00e3o, que \u00e9 confidencial.<\/p>\n<figure class=\"media-landscape has-caption full-width\"><span class=\"image-and-copyright-container\"><img data-recalc-dims=\"1\" loading=\"lazy\" decoding=\"async\" class=\"responsive-image__img js-image-replace\" src=\"https:\/\/i0.wp.com\/ichef.bbci.co.uk\/news\/624\/cpsprodpb\/14EF0\/production\/_100144758_panoeiro_luis-macedo_camara-dos-deputados.jpg?resize=600%2C338&#038;ssl=1\" alt=\"Procurador da Rep\u00fablica no Rio de Janeiro Jos\u00e9 Maria Panoeiro\" width=\"600\" height=\"338\" data-highest-encountered-width=\"624\" \/><\/span><figcaption class=\"media-caption\"><span class=\"off-screen\">Image caption<\/span><span class=\"media-caption__text\">Jos\u00e9 Maria Panoeiro faz parte de grupo criado na PGR em 2017 para investigar viol\u00eancia no Rio | Foto: Luis Macedo\/Ag. C\u00e2mara<\/span><\/figcaption><\/figure>\n<p>Na \u00faltima sexta-feira, o governo decretou uma interven\u00e7\u00e3o federal na \u00e1rea de seguran\u00e7a do Rio de Janeiro, cujo comando est\u00e1 sob responsabilidade do comandante militar do Leste, o general Walter Souza Braga Netto. Ela est\u00e1 programada para durar at\u00e9 o dia 31 de dezembro deste ano.<\/p>\n<p>Para o procurador, os nove meses de atua\u00e7\u00e3o militar dificilmente resolver\u00e3o o problema, &#8220;salvo se acontecer um milagre&#8221;. Al\u00e9m do combate \u00e0 corrup\u00e7\u00e3o policial, ele diz que uma solu\u00e7\u00e3o mais definitiva passaria tamb\u00e9m pela urbaniza\u00e7\u00e3o das \u00e1reas de favela. Sem isso, afirma, \u00e9 muito dif\u00edcil que o Estado consiga oferecer seguran\u00e7a aos moradores.<\/p>\n<p>H\u00e1 14 anos no Minist\u00e9rio P\u00fablico Federal, Panoeiro j\u00e1 trabalhou em v\u00e1rias \u00e1reas. O caso mais famoso tocado por ele foi a investiga\u00e7\u00e3o contra o ex-bilion\u00e1rio Eike Batista, ainda em 2015. Em 2016, coordenou um grupo de trabalho antiterrorismo da Procuradoria do Rio, durante as Olimp\u00edadas. Antes de se tornar procurador da Rep\u00fablica, ele exerceu os cargos de promotor de Justi\u00e7a e de delegado da Pol\u00edcia Civil carioca.<\/p>\n<p>Leia a seguir os principais trechos da entrevista:<\/p>\n<p><strong>BBC Brasil &#8211; Qual \u00e9 o pano de fundo da viol\u00eancia no Estado?<\/strong><\/p>\n<p><strong>Jos\u00e9 Maria Panoeiro &#8211;<\/strong>\u00a0Me parece ser (entre outras causas) um problema direto de corrup\u00e7\u00e3o policial. Sem querer generalizar, mas h\u00e1 uma s\u00e9rie de atividades onde aparecem agentes do Estado dando cobertura a criminosos, recebendo remunera\u00e7\u00e3o de criminosos.<\/p>\n<p>E isso fica patente em algumas opera\u00e7\u00f5es que voc\u00ea tem, com as For\u00e7as Armadas cercando determinados territ\u00f3rios, com informes sobre a exist\u00eancia de fuzis, e no final das contas a apreens\u00e3o (de armas) \u00e9 \u00ednfima, beira o rid\u00edculo, ou n\u00e3o h\u00e1 nenhuma apreens\u00e3o. O que significa que houve vazamento de informa\u00e7\u00e3o. E vazamento da parte de quem? S\u00f3 pode ser da parte de agentes do Estado.<\/p>\n<p>Ent\u00e3o, esse \u00e9 um aspecto que \u00e9 fundamental. N\u00e3o tem como acreditar que esta quantidade de armas chega ao Rio sem que haja um m\u00ednimo de coniv\u00eancia de agentes do Estado que trabalham na \u00e1rea de seguran\u00e7a.<\/p>\n<p>A Pol\u00edcia Rodovi\u00e1ria Federal (PRF) come\u00e7ou a fazer bloqueios nas rodovias e come\u00e7ou a apreender fuzis e muni\u00e7\u00e3o em sequ\u00eancia. (&#8230;) Se a PRF come\u00e7a a encontrar fuzil, por que n\u00e3o eram encontrados antes? Porque estava havendo algum tipo de acerto que n\u00f3s n\u00e3o conseguimos ver, mas provavelmente havia algum tipo de acerto corrupto por tr\u00e1s disso.<\/p>\n<figure class=\"media-landscape has-caption full-width\"><span class=\"image-and-copyright-container\"><img data-recalc-dims=\"1\" loading=\"lazy\" decoding=\"async\" class=\"responsive-image__img js-image-replace\" src=\"https:\/\/i0.wp.com\/ichef.bbci.co.uk\/news\/624\/cpsprodpb\/6878\/production\/_100144762_hi045026013.jpg?resize=600%2C338&#038;ssl=1\" alt=\"Militares armados em miss\u00e3o no Rio de Janeiro\" width=\"600\" height=\"338\" data-highest-encountered-width=\"624\" \/><span class=\"off-screen\">Direito de imagem<\/span><span class=\"story-image-copyright\">EPA<\/span><\/span><figcaption class=\"media-caption\"><span class=\"off-screen\">Image caption<\/span><span class=\"media-caption__text\">Interven\u00e7\u00e3o federal na seguran\u00e7a do Rio est\u00e1 programada para durar at\u00e9 o fim do ano<\/span><\/figcaption><\/figure>\n<p><strong>BBC Brasil &#8211; O que voc\u00eas investigam nesse Grupo Estrat\u00e9gico do Minist\u00e9rio P\u00fablico Federal?<\/strong><\/p>\n<p><strong>Panoeiro &#8211;<\/strong>\u00a0O grupo foi criado (em outubro passado, pela procuradora-geral Raquel Dodge) para tentar fazer um diagn\u00f3stico de quais s\u00e3o os problemas, e (explicar) por que \u00e9 que o quadro chegou neste ponto. Entender por que \u00e9 que quase n\u00e3o h\u00e1 investiga\u00e7\u00e3o de tr\u00e1fico de armas, na Pol\u00edcia Federal. Por que \u00e9 que esses canais de investiga\u00e7\u00e3o est\u00e3o falhando.<\/p>\n<p>Ser\u00e1 que eles n\u00e3o est\u00e3o produzindo um tipo de informa\u00e7\u00e3o que \u00e9 in\u00fatil?<\/p>\n<p>Do tipo: eu prendo um sujeito com v\u00e1rios fuzis na (Via) Dutra e simplesmente comunico isso para a Justi\u00e7a Estadual, e vendo isso como um porte de arma, como se fosse um cidad\u00e3o qualquer que est\u00e1 circulando na rua com uma arma na cintura sem ter autoriza\u00e7\u00e3o para isso.<\/p>\n<p>Quando na verdade a gente est\u00e1 diante de um transporte no contexto de uma importa\u00e7\u00e3o (de armas), ou seja: aquilo ali \u00e9 uma conduta de tr\u00e1fico de armas, que mereceria ser investigada para saber quem \u00e9 o comprador, para onde vai, de onde veio.<\/p>\n<p>Mas faz-se um corte na informa\u00e7\u00e3o e trata-se isso como o que n\u00e3o \u00e9: um porte de arma de fogo.<\/p>\n<p>Ent\u00e3o o foco do grupo \u00e9 determinar onde est\u00e3o os gargalos da investiga\u00e7\u00e3o, que n\u00e3o se chega a bom termo e o crime vai, simplesmente, se expandindo.<\/p>\n<p><strong>BBC Brasil &#8211; H\u00e1 tanta corrup\u00e7\u00e3o no aparato de seguran\u00e7a do Rio quanto se diz?<\/strong><\/p>\n<p><strong>Panoeiro &#8211;<\/strong>\u00a0\u00c9 dif\u00edcil quantificar corrup\u00e7\u00e3o, mas eu vou te dar um exemplo bem simples.<\/p>\n<p>Se voc\u00ea tem um agente policial, um inspetor de pol\u00edcia com um sal\u00e1rio que gira em torno de R$ 4 mil, R$ 5 mil, R$ 6 mil, R$ 8 mil que seja, esse sujeito n\u00e3o tem condi\u00e7\u00f5es de alugar um jatinho para ir passar um final de semana em uma cidade no interior de S\u00e3o Paulo.<\/p>\n<p><strong>BBC Brasil &#8211; Voc\u00eas j\u00e1 viram um caso desses?<\/strong><\/p>\n<p><strong>Panoeiro &#8211;<\/strong>\u00a0J\u00e1. A gente tem not\u00edcia (do acontecimento).<\/p>\n<figure class=\"media-landscape has-caption full-width\"><span class=\"image-and-copyright-container\"><img data-recalc-dims=\"1\" loading=\"lazy\" decoding=\"async\" class=\"responsive-image__img js-image-replace\" src=\"https:\/\/i0.wp.com\/ichef-1.bbci.co.uk\/news\/624\/cpsprodpb\/B698\/production\/_100144764_hi043443083.jpg?resize=600%2C338&#038;ssl=1\" alt=\"A Procuradora-Geral da Rep\u00fablica, Raquel Dodge\" width=\"600\" height=\"338\" data-highest-encountered-width=\"624\" \/><span class=\"off-screen\">Direito de imagem<\/span><span class=\"story-image-copyright\">REUTERS<\/span><\/span><figcaption class=\"media-caption\"><span class=\"off-screen\">Image caption<\/span><span class=\"media-caption__text\">Raquel Dodge designou cinco procuradores para investigar a situa\u00e7\u00e3o da seguran\u00e7a no Rio de Janeiro<\/span><\/figcaption><\/figure>\n<p><strong>BBC Brasil &#8211; Qual \u00e9 a dificuldade de investigar corrup\u00e7\u00e3o policial?<\/strong><\/p>\n<p><strong>Panoeiro &#8211;<\/strong>\u00a0Concretamente, qual \u00e9 o nosso problema? Imagine que voc\u00ea traga para o Minist\u00e9rio P\u00fablico Federal o seguinte: &#8220;olha, eu acho que o agente fulano de tal \u00e9 corrupto, porque ele ganha tanto e ostenta um patrim\u00f4nio que \u00e9 absolutamente incompat\u00edvel&#8221;.<\/p>\n<p>Ok. \u00c9 \u00f3bvio que, se o patrim\u00f4nio \u00e9 incompat\u00edvel, \u00e9 bastante prov\u00e1vel que ele esteja envolvido em algum tipo de pr\u00e1tica criminosa (&#8230;). Mas (para denunci\u00e1-lo) por corrup\u00e7\u00e3o, eu teria que flagrar o sujeito no momento em que ele estivesse fazendo isso. E eu n\u00e3o vou ter essa prova.<\/p>\n<p>Por isso, dentro daquelas Dez Medidas Contra a Corrup\u00e7\u00e3o, que a C\u00e2mara (dos Deputados) acabou enterrando (no fim de 2016), uma delas era contra o enriquecimento il\u00edcito. (Seria poss\u00edvel denunciar) todas as vezes que voc\u00ea tivesse um funcion\u00e1rio p\u00fablico com patrim\u00f4nio absolutamente incompat\u00edvel, e alguma liga\u00e7\u00e3o com uma atividade il\u00edcita. N\u00e3o precisaria necessariamente comprovar (que o servidor) praticou a atividade il\u00edcita.<\/p>\n<p>Mas por exemplo: eu tenho prova de que o sujeito se relaciona com milicianos na Zona Oeste. E o sujeito est\u00e1 enriquecendo. Eu j\u00e1 poderia, a partir da\u00ed, se o patrim\u00f4nio \u00e9 incompat\u00edvel, se n\u00e3o tem nenhuma raz\u00e3o para ele ter o patrim\u00f4nio que tem, eu poderia sancion\u00e1-lo (punir) por enriquecimento il\u00edcito (&#8230;). Agora, o Congresso n\u00e3o quis.<\/p>\n<p><strong>BBC Brasil &#8211; A interven\u00e7\u00e3o federal na \u00e1rea de seguran\u00e7a far\u00e1 bem ao Rio?<\/strong><\/p>\n<p><strong>Panoeiro &#8211;<\/strong>\u00a0A rigor, e pelo para mim, pessoalmente, \u00e9 uma quest\u00e3o que \u00e9 muito clara, a gente tem um problema no Rio de Janeiro de voc\u00ea ter diversos grupos criminosos que disputam um determinado espa\u00e7o. E eles, ao longo dos \u00faltimos 20 anos, esses grupos vieram se armando cada vez mais para prosseguir nessa disputa por territ\u00f3rio (&#8230;).<\/p>\n<p>O problema da viol\u00eancia do Rio, salvo melhor ju\u00edzo, salvo se acontecer um milagre, a interven\u00e7\u00e3o federal, em nove meses, n\u00e3o vai conseguir corrigir um problema que vem de pelo menos duas d\u00e9cadas, (que vem) se tornando mais agudo.<\/p>\n<figure class=\"media-landscape has-caption full-width\"><span class=\"image-and-copyright-container\"><img data-recalc-dims=\"1\" loading=\"lazy\" decoding=\"async\" class=\"responsive-image__img js-image-replace\" src=\"https:\/\/i0.wp.com\/ichef.bbci.co.uk\/news\/624\/cpsprodpb\/104B8\/production\/_100144766_hi044471563-1.jpg?resize=600%2C338&#038;ssl=1\" alt=\"Policiais militares em opera\u00e7\u00e3o no Rio\" width=\"600\" height=\"338\" data-highest-encountered-width=\"624\" \/><span class=\"off-screen\">Direito de imagem<\/span><span class=\"story-image-copyright\">EPA<\/span><\/span><figcaption class=\"media-caption\"><span class=\"off-screen\">Image caption<\/span><span class=\"media-caption__text\">&#8216;A gente precisaria ter uma nova vis\u00e3o de pol\u00edcia, menos suscet\u00edvel de ser cooptada pela corrup\u00e7\u00e3o&#8217;, sugere Jos\u00e9 Maria Panoeiro<\/span><\/figcaption><\/figure>\n<p><strong>BBC Brasil &#8211; Opera\u00e7\u00f5es de Garantia da Lei e da Ordem (GLO), com as For\u00e7as Armadas na rua, s\u00e3o comuns no Rio de Janeiro nos \u00faltimos anos. Funcionou?<\/strong><\/p>\n<p><strong>Panoeiro &#8211;<\/strong>\u00a0Na verdade, o problema de trabalhar com opera\u00e7\u00f5es de Garantia da Lei e da Ordem (GLO) \u00e9 que toda vez que voc\u00ea faz uma interven\u00e7\u00e3o mais vigorosa naquilo que seria a fun\u00e7\u00e3o da Pol\u00edcia Militar, que seria o policiamento ostensivo, voc\u00ea naturalmente gera uma sensa\u00e7\u00e3o maior de seguran\u00e7a (&#8230;).<\/p>\n<p>H\u00e1 uma retra\u00e7\u00e3o naqueles crimes que as pessoas conseguem perceber mais facilmente (crimes violentos, roubos etc.), mas n\u00e3o quer dizer que n\u00e3o estejam acontecendo crimes como o tr\u00e1fico de armas, como o tr\u00e1fico de drogas.<\/p>\n<p>Apenas esses crimes n\u00e3o ficam t\u00e3o vis\u00edveis quanto s\u00e3o nas situa\u00e7\u00f5es em que voc\u00ea n\u00e3o tem as opera\u00e7\u00f5es de GLO.<\/p>\n<p><strong>BBC Brasil &#8211; Qual a diferen\u00e7a do crime organizado do Rio para o de outros Estados brasileiros?<\/strong><\/p>\n<p><strong>Panoeiro &#8211;<\/strong>\u00a0O PCC (em S\u00e3o Paulo) tem um monop\u00f3lio. Por isso, n\u00e3o precisa se armar para manter o controle territorial. Ele se arma para praticar outros tipos de delitos. T\u00eam coisas que a gente n\u00e3o tem aqui no Rio, ou pelo menos n\u00e3o tinha, at\u00e9 bem pouco tempo. Roubo a carro-forte. Sempre teve em S\u00e3o Paulo explos\u00e3o de caixa eletr\u00f4nico, que \u00e9 algo que est\u00e1 chegando aqui agora.<\/p>\n<p>Na opera\u00e7\u00e3o Furac\u00e3o (apura\u00e7\u00e3o da qual o MPF participou em 2007, e que investigou a venda de senten\u00e7as no Judici\u00e1rio do Rio) tem uma parte da investiga\u00e7\u00e3o em que fica indicado ali que havia a postura de alguns agentes da seguran\u00e7a p\u00fablica no sentido de meio que estimular uma briga entre as fac\u00e7\u00f5es.<\/p>\n<p>Nas intercepta\u00e7\u00f5es (telef\u00f4nicas) da investiga\u00e7\u00e3o Furac\u00e3o, foram flagrados alguns di\u00e1logos que davam a entender que eles estimulavam que houvesse um confronto entre as quadrilhas (Comando Vermelho, ADA), de modo que nenhuma delas se tornasse suficientemente grande. Que elas brigassem entre si e nunca amea\u00e7assem o status quo da cidade (&#8230;).<\/p>\n<p><strong>BBC Brasil &#8211; Na sua opini\u00e3o, o que pode ser feito para minorar o sofrimento da popula\u00e7\u00e3o do Rio?<\/strong><\/p>\n<p><strong>Panoeiro &#8211;<\/strong>\u00a0\u00c9 evidente que o aumento do policiamento ostensivo (como ocorrer\u00e1 na interven\u00e7\u00e3o) melhoraria a percep\u00e7\u00e3o de seguran\u00e7a das pessoas. Ent\u00e3o a gente precisaria ter uma nova vis\u00e3o de pol\u00edcia, menos suscet\u00edvel de ser cooptada pela corrup\u00e7\u00e3o (&#8230;).<\/p>\n<p>Fora isso acho que h\u00e1 um problema concreto de ocupa\u00e7\u00e3o do espa\u00e7o urbano e teria que haver uma interven\u00e7\u00e3o da Uni\u00e3o. O que j\u00e1 foi pensado, n\u00e3o \u00e9 nada de novo.<\/p>\n<p>O PAC das Favelas propunha uma urbaniza\u00e7\u00e3o, n\u00f3s tivemos na d\u00e9cada de 1990 o projeto Favela Bairro, que era tamb\u00e9m de reurbaniza\u00e7\u00e3o. Porque \u00e9 invi\u00e1vel oferecer servi\u00e7os de seguran\u00e7a p\u00fablica na comunidade se o Estado n\u00e3o tem como entrar na comunidade.<\/p>\n<\/div>\n<\/div>\n<div class=\"tags-container\"><\/div>\n","protected":false},"excerpt":{"rendered":"<p>Semanas depois de assumir a chefia da Procuradoria-Geral da Rep\u00fablica (PGR), no fim do ano passado, Raquel Dodge decidiu que era preciso investigar as causas do aumento da viol\u00eancia no Estado e na cidade do Rio de Janeiro.<\/p>\n","protected":false},"author":1,"featured_media":0,"comment_status":"closed","ping_status":"open","sticky":false,"template":"","format":"standard","meta":{"_exactmetrics_skip_tracking":false,"_exactmetrics_sitenote_active":false,"_exactmetrics_sitenote_note":"","_exactmetrics_sitenote_category":0,"jetpack_post_was_ever_published":false,"_jetpack_newsletter_access":"","_jetpack_dont_email_post_to_subs":false,"_jetpack_newsletter_tier_id":0,"_jetpack_memberships_contains_paywalled_content":false,"_jetpack_memberships_contains_paid_content":false,"footnotes":"","jetpack_publicize_message":"","jetpack_publicize_feature_enabled":true,"jetpack_social_post_already_shared":true,"jetpack_social_options":{"image_generator_settings":{"template":"highway","enabled":false},"version":2}},"categories":[1],"tags":[],"class_list":["post-16714","post","type-post","status-publish","format-standard","hentry","category-notas"],"jetpack_publicize_connections":[],"jetpack_sharing_enabled":true,"jetpack_featured_media_url":"","jetpack_shortlink":"https:\/\/wp.me\/p7wKYW-4lA","jetpack-related-posts":[],"_links":{"self":[{"href":"http:\/\/blogdalucianaoliveira.com.br\/blog\/wp-json\/wp\/v2\/posts\/16714","targetHints":{"allow":["GET"]}}],"collection":[{"href":"http:\/\/blogdalucianaoliveira.com.br\/blog\/wp-json\/wp\/v2\/posts"}],"about":[{"href":"http:\/\/blogdalucianaoliveira.com.br\/blog\/wp-json\/wp\/v2\/types\/post"}],"author":[{"embeddable":true,"href":"http:\/\/blogdalucianaoliveira.com.br\/blog\/wp-json\/wp\/v2\/users\/1"}],"replies":[{"embeddable":true,"href":"http:\/\/blogdalucianaoliveira.com.br\/blog\/wp-json\/wp\/v2\/comments?post=16714"}],"version-history":[{"count":1,"href":"http:\/\/blogdalucianaoliveira.com.br\/blog\/wp-json\/wp\/v2\/posts\/16714\/revisions"}],"predecessor-version":[{"id":16716,"href":"http:\/\/blogdalucianaoliveira.com.br\/blog\/wp-json\/wp\/v2\/posts\/16714\/revisions\/16716"}],"wp:attachment":[{"href":"http:\/\/blogdalucianaoliveira.com.br\/blog\/wp-json\/wp\/v2\/media?parent=16714"}],"wp:term":[{"taxonomy":"category","embeddable":true,"href":"http:\/\/blogdalucianaoliveira.com.br\/blog\/wp-json\/wp\/v2\/categories?post=16714"},{"taxonomy":"post_tag","embeddable":true,"href":"http:\/\/blogdalucianaoliveira.com.br\/blog\/wp-json\/wp\/v2\/tags?post=16714"}],"curies":[{"name":"wp","href":"https:\/\/api.w.org\/{rel}","templated":true}]}}