{"id":16720,"date":"2018-02-23T11:25:53","date_gmt":"2018-02-23T15:25:53","guid":{"rendered":"http:\/\/blogdalucianaoliveira.com.br\/blog\/?p=16720"},"modified":"2018-02-23T11:25:53","modified_gmt":"2018-02-23T15:25:53","slug":"especialistas-relacionam-crise-economica-no-rj-com-aumento-da-violencia","status":"publish","type":"post","link":"http:\/\/blogdalucianaoliveira.com.br\/blog\/2018\/02\/23\/especialistas-relacionam-crise-economica-no-rj-com-aumento-da-violencia\/","title":{"rendered":"Especialistas relacionam crise econ\u00f4mica no RJ com aumento da viol\u00eancia"},"content":{"rendered":"<p><img data-recalc-dims=\"1\" loading=\"lazy\" decoding=\"async\" data-attachment-id=\"16721\" data-permalink=\"http:\/\/blogdalucianaoliveira.com.br\/blog\/2018\/02\/23\/especialistas-relacionam-crise-economica-no-rj-com-aumento-da-violencia\/cp\/\" data-orig-file=\"https:\/\/i0.wp.com\/blogdalucianaoliveira.com.br\/blog\/wp-content\/uploads\/2018\/02\/cp.jpg?fit=640%2C427\" data-orig-size=\"640,427\" data-comments-opened=\"0\" data-image-meta=\"{&quot;aperture&quot;:&quot;0&quot;,&quot;credit&quot;:&quot;&quot;,&quot;camera&quot;:&quot;&quot;,&quot;caption&quot;:&quot;&quot;,&quot;created_timestamp&quot;:&quot;0&quot;,&quot;copyright&quot;:&quot;&quot;,&quot;focal_length&quot;:&quot;0&quot;,&quot;iso&quot;:&quot;0&quot;,&quot;shutter_speed&quot;:&quot;0&quot;,&quot;title&quot;:&quot;&quot;,&quot;orientation&quot;:&quot;0&quot;}\" data-image-title=\"cp\" data-image-description=\"\" data-image-caption=\"\" data-medium-file=\"https:\/\/i0.wp.com\/blogdalucianaoliveira.com.br\/blog\/wp-content\/uploads\/2018\/02\/cp.jpg?fit=300%2C200\" data-large-file=\"https:\/\/i0.wp.com\/blogdalucianaoliveira.com.br\/blog\/wp-content\/uploads\/2018\/02\/cp.jpg?fit=600%2C400\" class=\"alignnone size-full wp-image-16721\" src=\"https:\/\/i0.wp.com\/blogdalucianaoliveira.com.br\/blog\/wp-content\/uploads\/2018\/02\/cp.jpg?resize=600%2C400\" alt=\"cp\" width=\"600\" height=\"400\" srcset=\"https:\/\/i0.wp.com\/blogdalucianaoliveira.com.br\/blog\/wp-content\/uploads\/2018\/02\/cp.jpg?w=640 640w, https:\/\/i0.wp.com\/blogdalucianaoliveira.com.br\/blog\/wp-content\/uploads\/2018\/02\/cp.jpg?resize=300%2C200 300w, https:\/\/i0.wp.com\/blogdalucianaoliveira.com.br\/blog\/wp-content\/uploads\/2018\/02\/cp.jpg?resize=450%2C300 450w\" sizes=\"auto, (max-width: 600px) 100vw, 600px\" \/><\/p>\n<h2 class=\"description\">Investimento em pol\u00edticas p\u00fablicas \u00e9 apontado como alternativa \u00e0 interven\u00e7\u00e3o militar no estado<\/h2>\n<div class=\"details-bar\">\n<div class=\"author-time\">\n<address class=\"author\">J\u00falia Dolce<\/address>\n<div class=\"place-and-time\">\n<div class=\"place\">\n<p>Brasil de Fato | S\u00e3o Paulo<\/p>\n<p>A interven\u00e7\u00e3o militar no Rio de Janeiro tem esquentado o debate sobre as causas dos\u00a0\u00edndices de viol\u00eancia no estado. A grave crise financeira enfrentada h\u00e1 dois anos pelo estado fluminense, \u00e9 uma das principais causas da viol\u00eancia, de acordo com especialistas entrevistados pelo\u00a0<strong>Brasil de Fato<\/strong>.<!--more--><\/p>\n<p>Segundo dados do Instituto de Seguran\u00e7a P\u00fablica, as taxas de diferentes crimes vinham sofrendo uma diminui\u00e7\u00e3o entre os anos de 2007 e 2010, e voltaram a aumentar desde ent\u00e3o, sofrendo um recrudescimento\u00a0consider\u00e1vel a partir de 2015.<\/p>\n<p>Os dados, referentes ao n\u00famero de roubos de rua, roubos de ve\u00edculos, mortes por policiais e mortes violentas no geral, exp\u00f5em a correla\u00e7\u00e3o entre esses crimes e a recess\u00e3o econ\u00f4mica no Rio de Janeiro. O n\u00famero de mortes violentas, por exemplo, saltou de 5.010, para 6.731 em 2017. J\u00e1 os roubos de celulares cresceram de 85 mil para 125 mil no mesmo intervalo de tempo.<\/p>\n<p>Para Luiz Martins de Melo, professor do Instituto de Economia da Universidade Federal do Rio de Janeiro (UFRJ),\u00a0a m\u00eddia hegem\u00f4nica utilizou principalmente dados de crimes contra o patrim\u00f4nio, como os roubos, para criar uma sensa\u00e7\u00e3o de inseguran\u00e7a generalizada que justificasse a interven\u00e7\u00e3o federal no Rio de Janeiro. Ele opina que outras medidas, principalmente econ\u00f4micas, deveriam ter sido tomadas pelo governo.<\/p>\n<p>&#8220;Basta ver o que a Rede Globo publicou como justificativa: arrast\u00e3o e crimes contra turistas, principalmente.\u00a0N\u00e3o tem solu\u00e7\u00e3o m\u00e1gica para a viol\u00eancia nas grandes cidades. Isso vai\u00a0demorar um tempo, tem que ser um trabalho de intelig\u00eancia, investimento na \u00e1rea social, no transporte p\u00fablico, na moradia, e n\u00e3o penalizar os mais pobres. Por que s\u00f3 a favela \u00e9 penalizada, cercada?&#8221;, questionou.<\/p>\n<p>J\u00e1 Daniel Cerqueira, t\u00e9cnico de planejamento e pesquisa do Instituto de Pesquisa Econ\u00f4mica Aplicada (Ipea), a falta de oportunidades causada pelo aumento do desemprego e cortes no or\u00e7amento das pol\u00edticas p\u00fablicas \u00e9 uma das principais quest\u00f5es por tr\u00e1s da rela\u00e7\u00e3o entre a viol\u00eancia e a crise.<\/p>\n<p>&#8220;A quest\u00e3o da fal\u00eancia econ\u00f4mica do Rio de Janeiro afeta por dois fatores diferentes o aumento dos crimes: por um lado, quanto mais desemprego mais tens\u00f5es sociais, e maiores incentivos a entrar no crime. Aquele jovem que est\u00e1 na fronteira tentando arrumar um emprego muitas vezes, ao n\u00e3o encontrar oportunidade de trabalho, acaba sendo aliciado&#8221;, afirmou.<\/p>\n<p>Apesar da falta de investimento em pol\u00edticas p\u00fablicas, justificada pela crise, mais de R$ 600 milh\u00f5es de reais foram gastos na ocupa\u00e7\u00e3o militar das favelas da Mar\u00e9 durante 2015. Segundo dados da Prefeitura do Rio de Janeiro esse valor representa quase o dobro do or\u00e7amento destinado para programas sociais entre os anos de 2009 e 2015. Para completar, dessa quantia investida em programas sociais, apenas R$ 69,98 milh\u00f5es realmente haviam sa\u00eddo do papel at\u00e9 julho de 2015.<\/p>\n<p>Melo considera que a popula\u00e7\u00e3o jovem \u00e9 a principal afetada pela falta de investimento.\u00a0&#8220;No Rio de Janeiro, h\u00e1 os famosos &#8220;nem nem&#8221;, nem escola, nem trabalho, que s\u00e3o principalmente os jovens de 18 a 24 anos, est\u00e3o na faixa de 25% da popula\u00e7\u00e3o sem fazer nada. Na baixada fluminense isso chega a 40%. N\u00e3o tem nada feito para a incorpora\u00e7\u00e3o dessas pessoas ao mercado de trabalho&#8221;, opinou.<\/p>\n<p>De acordo com Lenin dos Santos Pires, professor do Departamento de Seguran\u00e7a P\u00fablica e diretor do Instituto de Estudos Comparados em Administra\u00e7\u00e3o de Conflitos da Universidade Federal Fluminense (UFF), tanto o aumento da viol\u00eancia quanto a crise econ\u00f4mica no Rio de Janeiro foram influenciados pelos gastos com os Jogos Ol\u00edmpicos de 2016.<\/p>\n<p>&#8220;Nos \u00faltimos dez anos, o Rio de Janeiro foi objeto de uma grande invas\u00e3o de recursos para promo\u00e7\u00e3o do que ficou prometido como cidade ol\u00edmpica, cidade espet\u00e1culo. Diante do momento em que n\u00e3o houve mais ingest\u00e3o de dinheiro para estrat\u00e9gias na cidade, voc\u00ea ficou apenas com a pol\u00edtica da repress\u00e3o&#8221;, afirmou.<\/p>\n<p>Pires explica ainda que a rela\u00e7\u00e3o do desemprego com o aumento dos crimes n\u00e3o pode ser autom\u00e1tica, pois tem que ser feita por meio de an\u00e1lises que considerem as mudan\u00e7as na circula\u00e7\u00e3o de bens e mercadorias nas zonas mais pobres da cidade.<\/p>\n<p>&#8220;N\u00e3o houve investimentos sociais nessas \u00e1reas, de forma que a popula\u00e7\u00e3o n\u00e3o p\u00f4de se qualificar, ou mesmo criar oportunidades de empreendimentos locais, permitindo uma circula\u00e7\u00e3o aut\u00f4noma de recursos. O\u00a0dinheiro diminui, e os grupos criminosos come\u00e7am a buscar estrat\u00e9gias em outras atividades que n\u00e3o estritamente o tr\u00e1fico de drogas&#8221;, ponderou.<\/p>\n<p>O decreto da Interven\u00e7\u00e3o Federal foi assinado pelo presidente golpista Michel Temer (MDB) na \u00faltima sexta-feira (16). Nesta semana, a interven\u00e7\u00e3o foi aprovada pela C\u00e2mara dos Deputados e pelo Senado. A medida ir\u00e1 vigorar at\u00e9 o dia 31 de dezembro deste ano.<\/p>\n<p class=\"editor\">Edi\u00e7\u00e3o: Mauro Ramos<\/p>\n<div class=\"content-footer\"><\/div>\n<\/div>\n<\/div>\n<\/div>\n<\/div>\n","protected":false},"excerpt":{"rendered":"<p>Investimento em pol\u00edticas p\u00fablicas \u00e9 apontado como alternativa \u00e0 interven\u00e7\u00e3o militar no estado J\u00falia Dolce Brasil de Fato | S\u00e3o Paulo A interven\u00e7\u00e3o militar no Rio de Janeiro tem esquentado o debate sobre as causas dos\u00a0\u00edndices de viol\u00eancia no estado. A grave crise financeira enfrentada h\u00e1 dois anos pelo estado fluminense, \u00e9 uma das principais&#8230;<a class=\"more-link\" href=\"http:\/\/blogdalucianaoliveira.com.br\/blog\/2018\/02\/23\/especialistas-relacionam-crise-economica-no-rj-com-aumento-da-violencia\/\">Continue a leitura <span class=\"meta-nav\">&raquo;<\/span><\/a><\/p>\n","protected":false},"author":1,"featured_media":0,"comment_status":"closed","ping_status":"open","sticky":false,"template":"","format":"standard","meta":{"_exactmetrics_skip_tracking":false,"_exactmetrics_sitenote_active":false,"_exactmetrics_sitenote_note":"","_exactmetrics_sitenote_category":0,"jetpack_post_was_ever_published":false,"_jetpack_newsletter_access":"","_jetpack_dont_email_post_to_subs":false,"_jetpack_newsletter_tier_id":0,"_jetpack_memberships_contains_paywalled_content":false,"_jetpack_memberships_contains_paid_content":false,"footnotes":"","jetpack_publicize_message":"","jetpack_publicize_feature_enabled":true,"jetpack_social_post_already_shared":true,"jetpack_social_options":{"image_generator_settings":{"template":"highway","enabled":false},"version":2}},"categories":[1],"tags":[],"class_list":["post-16720","post","type-post","status-publish","format-standard","hentry","category-notas"],"jetpack_publicize_connections":[],"jetpack_sharing_enabled":true,"jetpack_featured_media_url":"","jetpack_shortlink":"https:\/\/wp.me\/p7wKYW-4lG","jetpack-related-posts":[],"_links":{"self":[{"href":"http:\/\/blogdalucianaoliveira.com.br\/blog\/wp-json\/wp\/v2\/posts\/16720","targetHints":{"allow":["GET"]}}],"collection":[{"href":"http:\/\/blogdalucianaoliveira.com.br\/blog\/wp-json\/wp\/v2\/posts"}],"about":[{"href":"http:\/\/blogdalucianaoliveira.com.br\/blog\/wp-json\/wp\/v2\/types\/post"}],"author":[{"embeddable":true,"href":"http:\/\/blogdalucianaoliveira.com.br\/blog\/wp-json\/wp\/v2\/users\/1"}],"replies":[{"embeddable":true,"href":"http:\/\/blogdalucianaoliveira.com.br\/blog\/wp-json\/wp\/v2\/comments?post=16720"}],"version-history":[{"count":1,"href":"http:\/\/blogdalucianaoliveira.com.br\/blog\/wp-json\/wp\/v2\/posts\/16720\/revisions"}],"predecessor-version":[{"id":16722,"href":"http:\/\/blogdalucianaoliveira.com.br\/blog\/wp-json\/wp\/v2\/posts\/16720\/revisions\/16722"}],"wp:attachment":[{"href":"http:\/\/blogdalucianaoliveira.com.br\/blog\/wp-json\/wp\/v2\/media?parent=16720"}],"wp:term":[{"taxonomy":"category","embeddable":true,"href":"http:\/\/blogdalucianaoliveira.com.br\/blog\/wp-json\/wp\/v2\/categories?post=16720"},{"taxonomy":"post_tag","embeddable":true,"href":"http:\/\/blogdalucianaoliveira.com.br\/blog\/wp-json\/wp\/v2\/tags?post=16720"}],"curies":[{"name":"wp","href":"https:\/\/api.w.org\/{rel}","templated":true}]}}