{"id":16738,"date":"2018-02-24T12:35:50","date_gmt":"2018-02-24T16:35:50","guid":{"rendered":"http:\/\/blogdalucianaoliveira.com.br\/blog\/?p=16738"},"modified":"2018-02-24T12:35:50","modified_gmt":"2018-02-24T16:35:50","slug":"pinguelli-venda-da-eletrobras-so-serve-a-grupos-financeiros","status":"publish","type":"post","link":"http:\/\/blogdalucianaoliveira.com.br\/blog\/2018\/02\/24\/pinguelli-venda-da-eletrobras-so-serve-a-grupos-financeiros\/","title":{"rendered":"PINGUELLI: VENDA DA ELETROBR\u00c1S S\u00d3 SERVE A GRUPOS FINANCEIROS"},"content":{"rendered":"<p><img data-recalc-dims=\"1\" loading=\"lazy\" decoding=\"async\" data-attachment-id=\"16739\" data-permalink=\"http:\/\/blogdalucianaoliveira.com.br\/blog\/2018\/02\/24\/pinguelli-venda-da-eletrobras-so-serve-a-grupos-financeiros\/ele-5\/\" data-orig-file=\"https:\/\/i0.wp.com\/blogdalucianaoliveira.com.br\/blog\/wp-content\/uploads\/2018\/02\/ele.jpg?fit=1000%2C357\" data-orig-size=\"1000,357\" data-comments-opened=\"0\" data-image-meta=\"{&quot;aperture&quot;:&quot;0&quot;,&quot;credit&quot;:&quot;&quot;,&quot;camera&quot;:&quot;&quot;,&quot;caption&quot;:&quot;&quot;,&quot;created_timestamp&quot;:&quot;0&quot;,&quot;copyright&quot;:&quot;&quot;,&quot;focal_length&quot;:&quot;0&quot;,&quot;iso&quot;:&quot;0&quot;,&quot;shutter_speed&quot;:&quot;0&quot;,&quot;title&quot;:&quot;&quot;,&quot;orientation&quot;:&quot;0&quot;}\" data-image-title=\"ele\" data-image-description=\"\" data-image-caption=\"\" data-medium-file=\"https:\/\/i0.wp.com\/blogdalucianaoliveira.com.br\/blog\/wp-content\/uploads\/2018\/02\/ele.jpg?fit=300%2C107\" data-large-file=\"https:\/\/i0.wp.com\/blogdalucianaoliveira.com.br\/blog\/wp-content\/uploads\/2018\/02\/ele.jpg?fit=600%2C214\" src=\"https:\/\/i0.wp.com\/blogdalucianaoliveira.com.br\/blog\/wp-content\/uploads\/2018\/02\/ele.jpg?resize=600%2C214\" alt=\"ele\" width=\"600\" height=\"214\" class=\"alignnone size-full wp-image-16739\" srcset=\"https:\/\/i0.wp.com\/blogdalucianaoliveira.com.br\/blog\/wp-content\/uploads\/2018\/02\/ele.jpg?w=1000 1000w, https:\/\/i0.wp.com\/blogdalucianaoliveira.com.br\/blog\/wp-content\/uploads\/2018\/02\/ele.jpg?resize=300%2C107 300w, https:\/\/i0.wp.com\/blogdalucianaoliveira.com.br\/blog\/wp-content\/uploads\/2018\/02\/ele.jpg?resize=768%2C274 768w, https:\/\/i0.wp.com\/blogdalucianaoliveira.com.br\/blog\/wp-content\/uploads\/2018\/02\/ele.jpg?resize=800%2C286 800w\" sizes=\"auto, (max-width: 600px) 100vw, 600px\" \/><\/p>\n<p>No 247 &#8211; Na liminar, a Justi\u00e7a argumentou que a MP atinge diretamente o patrim\u00f4nio p\u00fablico nacional e que o governo n\u00e3o conseguiu justificar a urg\u00eancia da medida. A privatiza\u00e7\u00e3o da Eletrobras inclui a venda de empresas como Furnas, Companhia Hidrel\u00e9trica do S\u00e3o Francisco, Eletronorte e Eletrosul.<!--more--><\/p>\n<p>Para Luiz Pinguelli Rosa, ex-presidente da Eletrobras e professor do Departamento da Universidade Federal do Rio de Janeiro, a inten\u00e7\u00e3o do governo Temer passa longe de priorizar o interesse nacional. <\/p>\n<p>&#8220;A palavra privatiza\u00e7\u00e3o \u00e9 m\u00e1gica para o governo. Alguns \u00f3rg\u00e3os de imprensa e os grandes grupos financeiros que t\u00eam grande influ\u00eancia no governo querem a privatiza\u00e7\u00e3o, querem ganhar mais dinheiro. E o governo faz o papel de servir a eles. N\u00e3o h\u00e1 nenhum interesse maior nacional ou da popula\u00e7\u00e3o que ser\u00e1 favorecido por isso\u201d, afirma. <\/p>\n<p>A economista Leda Paulani utiliza um exemplo dom\u00e9stico para comentar a insist\u00eancia do governo na privatiza\u00e7\u00e3o da empresa: &#8220;isso \u00e9 equivalente a uma fam\u00edlia que est\u00e1 mal de renda, porque perdeu o emprego ou qualquer outra coisa\u2026 ela tem uma casinha que vale 300 mil reais, mas ela vende por 40 mil, porque ela precisa de dinheiro. Sendo que aquela casinha de 300 mil ela poderia alugar e ter uma renda todo m\u00eas. \u00c9 um pouco isso: se est\u00e1 rifando ativos do estado\u201d, denuncia Paulani.<\/p>\n<p>A Eletrobras possui hoje ativos, ou seja bens e direitos, no valor de quase 400 bilh\u00f5es de reais, mas a expectativa de arrecada\u00e7\u00e3o do governo com a venda da estatal \u00e9 de apenas 12 bilh\u00f5es. <\/p>\n<p>Um dos efeitos imediatos da privatiza\u00e7\u00e3o poderia ser o aumento da tarifa de energia el\u00e9trica, algo que, segundo Fab\u00edola Latino Antezana, secret\u00e1ria de Energia do Sindicato dos Urbanit\u00e1rios do Distrito Federal, j\u00e1 come\u00e7ou a ser praticado, com o objetivo de atrair o interesse dos investidores.<\/p>\n<p>&#8220;Para que essas empresas sejam ofertadas para o mercado e fossem atrativas aos investidores, a ANEEL autorizou no ano passado um aumento na tarifa da energia desses estados, superior a qualquer estado da popula\u00e7\u00e3o brasileira. Roraima ficou com 54% do aumento, Piau\u00ed ficou com 27, foi a menor.\u201d<\/p>\n<p>Outro alerta em rela\u00e7\u00e3o \u00e0 privatiza\u00e7\u00e3o da companhia \u00e9 o risco de novos apag\u00f5es, como os ocorridos durante a gest\u00e3o tucana na presid\u00eancia da Rep\u00fablica. <\/p>\n<p>\u201cA \u00faltima vez que o Brasil tentou a privatiza\u00e7\u00e3o da gera\u00e7\u00e3o de energia el\u00e9trica, teve o apag\u00e3o, que foi na era Fernando Henrique. Porque o investimento para a gera\u00e7\u00e3o \u00e9 enorme e a iniciativa privada n\u00e3o est\u00e1 disposta a fazer um investimento que ter\u00e1 um poss\u00edvel lucro l\u00e1 na frente. Ent\u00e3o n\u00e3o tenha d\u00favidas de que al\u00e9m de ser um risco enorme para o futuro do pa\u00eds, estamos falando de um impacto imediato para a popula\u00e7\u00e3o\u201d. <\/p>\n","protected":false},"excerpt":{"rendered":"<p>No 247 &#8211; Na liminar, a Justi\u00e7a argumentou que a MP atinge diretamente o patrim\u00f4nio p\u00fablico nacional e que o governo n\u00e3o conseguiu justificar a urg\u00eancia da medida. A privatiza\u00e7\u00e3o da Eletrobras inclui a venda de empresas como Furnas, Companhia Hidrel\u00e9trica do S\u00e3o Francisco, Eletronorte e Eletrosul.<\/p>\n","protected":false},"author":1,"featured_media":0,"comment_status":"closed","ping_status":"open","sticky":false,"template":"","format":"standard","meta":{"_exactmetrics_skip_tracking":false,"_exactmetrics_sitenote_active":false,"_exactmetrics_sitenote_note":"","_exactmetrics_sitenote_category":0,"jetpack_post_was_ever_published":false,"_jetpack_newsletter_access":"","_jetpack_dont_email_post_to_subs":false,"_jetpack_newsletter_tier_id":0,"_jetpack_memberships_contains_paywalled_content":false,"_jetpack_memberships_contains_paid_content":false,"footnotes":"","jetpack_publicize_message":"","jetpack_publicize_feature_enabled":true,"jetpack_social_post_already_shared":true,"jetpack_social_options":{"image_generator_settings":{"template":"highway","enabled":false},"version":2}},"categories":[1],"tags":[],"class_list":["post-16738","post","type-post","status-publish","format-standard","hentry","category-notas"],"jetpack_publicize_connections":[],"jetpack_sharing_enabled":true,"jetpack_featured_media_url":"","jetpack_shortlink":"https:\/\/wp.me\/p7wKYW-4lY","jetpack-related-posts":[],"_links":{"self":[{"href":"http:\/\/blogdalucianaoliveira.com.br\/blog\/wp-json\/wp\/v2\/posts\/16738","targetHints":{"allow":["GET"]}}],"collection":[{"href":"http:\/\/blogdalucianaoliveira.com.br\/blog\/wp-json\/wp\/v2\/posts"}],"about":[{"href":"http:\/\/blogdalucianaoliveira.com.br\/blog\/wp-json\/wp\/v2\/types\/post"}],"author":[{"embeddable":true,"href":"http:\/\/blogdalucianaoliveira.com.br\/blog\/wp-json\/wp\/v2\/users\/1"}],"replies":[{"embeddable":true,"href":"http:\/\/blogdalucianaoliveira.com.br\/blog\/wp-json\/wp\/v2\/comments?post=16738"}],"version-history":[{"count":1,"href":"http:\/\/blogdalucianaoliveira.com.br\/blog\/wp-json\/wp\/v2\/posts\/16738\/revisions"}],"predecessor-version":[{"id":16740,"href":"http:\/\/blogdalucianaoliveira.com.br\/blog\/wp-json\/wp\/v2\/posts\/16738\/revisions\/16740"}],"wp:attachment":[{"href":"http:\/\/blogdalucianaoliveira.com.br\/blog\/wp-json\/wp\/v2\/media?parent=16738"}],"wp:term":[{"taxonomy":"category","embeddable":true,"href":"http:\/\/blogdalucianaoliveira.com.br\/blog\/wp-json\/wp\/v2\/categories?post=16738"},{"taxonomy":"post_tag","embeddable":true,"href":"http:\/\/blogdalucianaoliveira.com.br\/blog\/wp-json\/wp\/v2\/tags?post=16738"}],"curies":[{"name":"wp","href":"https:\/\/api.w.org\/{rel}","templated":true}]}}