{"id":16741,"date":"2018-02-24T12:39:03","date_gmt":"2018-02-24T16:39:03","guid":{"rendered":"http:\/\/blogdalucianaoliveira.com.br\/blog\/?p=16741"},"modified":"2018-02-24T12:39:03","modified_gmt":"2018-02-24T16:39:03","slug":"nao-sou-ativista-sou-cineasta-diz-diretora-do-filme-sobre-o-golpe","status":"publish","type":"post","link":"http:\/\/blogdalucianaoliveira.com.br\/blog\/2018\/02\/24\/nao-sou-ativista-sou-cineasta-diz-diretora-do-filme-sobre-o-golpe\/","title":{"rendered":"&#8220;N\u00c3O SOU ATIVISTA, SOU CINEASTA&#8221;, DIZ DIRETORA DO FILME SOBRE O GOLPE"},"content":{"rendered":"<p><img data-recalc-dims=\"1\" loading=\"lazy\" decoding=\"async\" data-attachment-id=\"16742\" data-permalink=\"http:\/\/blogdalucianaoliveira.com.br\/blog\/2018\/02\/24\/nao-sou-ativista-sou-cineasta-diz-diretora-do-filme-sobre-o-golpe\/golp\/\" data-orig-file=\"https:\/\/i0.wp.com\/blogdalucianaoliveira.com.br\/blog\/wp-content\/uploads\/2018\/02\/golp.jpg?fit=1000%2C357\" data-orig-size=\"1000,357\" data-comments-opened=\"0\" data-image-meta=\"{&quot;aperture&quot;:&quot;0&quot;,&quot;credit&quot;:&quot;&quot;,&quot;camera&quot;:&quot;&quot;,&quot;caption&quot;:&quot;&quot;,&quot;created_timestamp&quot;:&quot;0&quot;,&quot;copyright&quot;:&quot;&quot;,&quot;focal_length&quot;:&quot;0&quot;,&quot;iso&quot;:&quot;0&quot;,&quot;shutter_speed&quot;:&quot;0&quot;,&quot;title&quot;:&quot;&quot;,&quot;orientation&quot;:&quot;0&quot;}\" data-image-title=\"golp\" data-image-description=\"\" data-image-caption=\"\" data-medium-file=\"https:\/\/i0.wp.com\/blogdalucianaoliveira.com.br\/blog\/wp-content\/uploads\/2018\/02\/golp.jpg?fit=300%2C107\" data-large-file=\"https:\/\/i0.wp.com\/blogdalucianaoliveira.com.br\/blog\/wp-content\/uploads\/2018\/02\/golp.jpg?fit=600%2C214\" src=\"https:\/\/i0.wp.com\/blogdalucianaoliveira.com.br\/blog\/wp-content\/uploads\/2018\/02\/golp.jpg?resize=600%2C214\" alt=\"golp\" width=\"600\" height=\"214\" class=\"alignnone size-full wp-image-16742\" srcset=\"https:\/\/i0.wp.com\/blogdalucianaoliveira.com.br\/blog\/wp-content\/uploads\/2018\/02\/golp.jpg?w=1000 1000w, https:\/\/i0.wp.com\/blogdalucianaoliveira.com.br\/blog\/wp-content\/uploads\/2018\/02\/golp.jpg?resize=300%2C107 300w, https:\/\/i0.wp.com\/blogdalucianaoliveira.com.br\/blog\/wp-content\/uploads\/2018\/02\/golp.jpg?resize=768%2C274 768w, https:\/\/i0.wp.com\/blogdalucianaoliveira.com.br\/blog\/wp-content\/uploads\/2018\/02\/golp.jpg?resize=800%2C286 800w\" sizes=\"auto, (max-width: 600px) 100vw, 600px\" \/><\/p>\n<p>247 &#8211; O document\u00e1rio O processo, sobre o impeachment de Dilma Rousseff, teve sess\u00f5es lotadas seguidas de aplausos e gritos de &#8220;Fora Temer\u201d desde que estreou, na quarta-feira (21\/02), no Festival de Cinema de Berlim.<!--more--><\/p>\n<p>O filme da documentarista Maria Augusta Ramos foi feito com base em mais de 400 horas de material e tem 137 minutos, sem narra\u00e7\u00e3o nem entrevistas. Ele retrata a tramita\u00e7\u00e3o do processo no Senado \u2013 a vota\u00e7\u00e3o na C\u00e2mara \u00e9 o pr\u00f3logo \u2013 e os bastidores da defesa da ex-presidente.<\/p>\n<p>Em entrevista \u00e0 DW, a cineasta comenta o processo de produ\u00e7\u00e3o e a recep\u00e7\u00e3o do filme, que concorre na mostra Panorama da Berlinale, um dos mais importantes festivais de cinema do mundo.<\/p>\n<p>&#8220;A recep\u00e7\u00e3o \u00e9 maravilhosa, o filme foi aplaudido de p\u00e9. As pessoas se comovem porque \u00e9 algo ainda muito pr\u00f3ximo. N\u00f3s n\u00e3o sabemos para onde isso vai, e isso \u00e9 angustiante e doloroso. Quanto ao protesto, eu acho que as pessoas t\u00eam direito de expressar a sua preocupa\u00e7\u00e3o em rela\u00e7\u00e3o ao que est\u00e1 acontecendo, mas eu n\u00e3o fui ao protesto e ele tamb\u00e9m n\u00e3o foi organizado por mim. Eu n\u00e3o sou ativista, eu sou diretora de cinema. E o meu statement \u00e9 o filme. Essa \u00e9 a minha contribui\u00e7\u00e3o para esse momento que estamos vivendo&#8221;, afirma.<\/p>\n","protected":false},"excerpt":{"rendered":"<p>247 &#8211; O document\u00e1rio O processo, sobre o impeachment de Dilma Rousseff, teve sess\u00f5es lotadas seguidas de aplausos e gritos de &#8220;Fora Temer\u201d desde que estreou, na quarta-feira (21\/02), no Festival de Cinema de Berlim.<\/p>\n","protected":false},"author":1,"featured_media":0,"comment_status":"closed","ping_status":"open","sticky":false,"template":"","format":"standard","meta":{"_exactmetrics_skip_tracking":false,"_exactmetrics_sitenote_active":false,"_exactmetrics_sitenote_note":"","_exactmetrics_sitenote_category":0,"jetpack_post_was_ever_published":false,"_jetpack_newsletter_access":"","_jetpack_dont_email_post_to_subs":false,"_jetpack_newsletter_tier_id":0,"_jetpack_memberships_contains_paywalled_content":false,"_jetpack_memberships_contains_paid_content":false,"footnotes":"","jetpack_publicize_message":"","jetpack_publicize_feature_enabled":true,"jetpack_social_post_already_shared":true,"jetpack_social_options":{"image_generator_settings":{"template":"highway","enabled":false},"version":2}},"categories":[1],"tags":[],"class_list":["post-16741","post","type-post","status-publish","format-standard","hentry","category-notas"],"jetpack_publicize_connections":[],"jetpack_sharing_enabled":true,"jetpack_featured_media_url":"","jetpack_shortlink":"https:\/\/wp.me\/p7wKYW-4m1","jetpack-related-posts":[],"_links":{"self":[{"href":"http:\/\/blogdalucianaoliveira.com.br\/blog\/wp-json\/wp\/v2\/posts\/16741","targetHints":{"allow":["GET"]}}],"collection":[{"href":"http:\/\/blogdalucianaoliveira.com.br\/blog\/wp-json\/wp\/v2\/posts"}],"about":[{"href":"http:\/\/blogdalucianaoliveira.com.br\/blog\/wp-json\/wp\/v2\/types\/post"}],"author":[{"embeddable":true,"href":"http:\/\/blogdalucianaoliveira.com.br\/blog\/wp-json\/wp\/v2\/users\/1"}],"replies":[{"embeddable":true,"href":"http:\/\/blogdalucianaoliveira.com.br\/blog\/wp-json\/wp\/v2\/comments?post=16741"}],"version-history":[{"count":1,"href":"http:\/\/blogdalucianaoliveira.com.br\/blog\/wp-json\/wp\/v2\/posts\/16741\/revisions"}],"predecessor-version":[{"id":16743,"href":"http:\/\/blogdalucianaoliveira.com.br\/blog\/wp-json\/wp\/v2\/posts\/16741\/revisions\/16743"}],"wp:attachment":[{"href":"http:\/\/blogdalucianaoliveira.com.br\/blog\/wp-json\/wp\/v2\/media?parent=16741"}],"wp:term":[{"taxonomy":"category","embeddable":true,"href":"http:\/\/blogdalucianaoliveira.com.br\/blog\/wp-json\/wp\/v2\/categories?post=16741"},{"taxonomy":"post_tag","embeddable":true,"href":"http:\/\/blogdalucianaoliveira.com.br\/blog\/wp-json\/wp\/v2\/tags?post=16741"}],"curies":[{"name":"wp","href":"https:\/\/api.w.org\/{rel}","templated":true}]}}