{"id":16750,"date":"2018-02-26T13:35:28","date_gmt":"2018-02-26T17:35:28","guid":{"rendered":"http:\/\/blogdalucianaoliveira.com.br\/blog\/?p=16750"},"modified":"2018-02-26T13:35:28","modified_gmt":"2018-02-26T17:35:28","slug":"kotscho-faltam-apenas-sete-meses-e-nem-parece-que-vai-ter-eleicao","status":"publish","type":"post","link":"http:\/\/blogdalucianaoliveira.com.br\/blog\/2018\/02\/26\/kotscho-faltam-apenas-sete-meses-e-nem-parece-que-vai-ter-eleicao\/","title":{"rendered":"KOTSCHO: FALTAM APENAS SETE MESES E NEM PARECE QUE VAI TER ELEI\u00c7\u00c3O"},"content":{"rendered":"<p><img data-recalc-dims=\"1\" loading=\"lazy\" decoding=\"async\" data-attachment-id=\"16751\" data-permalink=\"http:\/\/blogdalucianaoliveira.com.br\/blog\/2018\/02\/26\/kotscho-faltam-apenas-sete-meses-e-nem-parece-que-vai-ter-eleicao\/kot-2\/\" data-orig-file=\"https:\/\/i0.wp.com\/blogdalucianaoliveira.com.br\/blog\/wp-content\/uploads\/2018\/02\/kot.jpg?fit=1000%2C357\" data-orig-size=\"1000,357\" data-comments-opened=\"0\" data-image-meta=\"{&quot;aperture&quot;:&quot;0&quot;,&quot;credit&quot;:&quot;&quot;,&quot;camera&quot;:&quot;&quot;,&quot;caption&quot;:&quot;&quot;,&quot;created_timestamp&quot;:&quot;0&quot;,&quot;copyright&quot;:&quot;&quot;,&quot;focal_length&quot;:&quot;0&quot;,&quot;iso&quot;:&quot;0&quot;,&quot;shutter_speed&quot;:&quot;0&quot;,&quot;title&quot;:&quot;&quot;,&quot;orientation&quot;:&quot;0&quot;}\" data-image-title=\"kot\" data-image-description=\"\" data-image-caption=\"\" data-medium-file=\"https:\/\/i0.wp.com\/blogdalucianaoliveira.com.br\/blog\/wp-content\/uploads\/2018\/02\/kot.jpg?fit=300%2C107\" data-large-file=\"https:\/\/i0.wp.com\/blogdalucianaoliveira.com.br\/blog\/wp-content\/uploads\/2018\/02\/kot.jpg?fit=600%2C214\" class=\"alignnone size-full wp-image-16751\" src=\"https:\/\/i0.wp.com\/blogdalucianaoliveira.com.br\/blog\/wp-content\/uploads\/2018\/02\/kot.jpg?resize=600%2C214\" alt=\"kot\" width=\"600\" height=\"214\" srcset=\"https:\/\/i0.wp.com\/blogdalucianaoliveira.com.br\/blog\/wp-content\/uploads\/2018\/02\/kot.jpg?w=1000 1000w, https:\/\/i0.wp.com\/blogdalucianaoliveira.com.br\/blog\/wp-content\/uploads\/2018\/02\/kot.jpg?resize=300%2C107 300w, https:\/\/i0.wp.com\/blogdalucianaoliveira.com.br\/blog\/wp-content\/uploads\/2018\/02\/kot.jpg?resize=768%2C274 768w, https:\/\/i0.wp.com\/blogdalucianaoliveira.com.br\/blog\/wp-content\/uploads\/2018\/02\/kot.jpg?resize=800%2C286 800w\" sizes=\"auto, (max-width: 600px) 100vw, 600px\" \/><\/p>\n<p>247 &#8211; &#8220;J\u00e1 vamos entrar em mar\u00e7o, a campanha oficial come\u00e7a a 15 de agosto e a elei\u00e7\u00e3o est\u00e1 marcada para o in\u00edcio de outubro. O tempo corre e at\u00e9 hoje n\u00e3o temos nem candidatos definidos, nem alian\u00e7as formadas e muito menos qualquer sinal de projetos e propostas para o pa\u00eds&#8221;, escreve o jornalista Ricardo Kotscho em seu blog.<!--more--><\/p>\n<p>Ele analisa que a pouco tempo da disputa pela presid\u00eancia da Rep\u00fablica o cen\u00e1rio \u00e9 completamente indefinido sobre os nomes de cada partido. No caso do PT, o problema se d\u00e1 em \u00e2mbito judicial, com a possibilidade de Lula n\u00e3o poder ser candidato.<\/p>\n<p>Do lado do PSDB, outro polo da disputa, ainda n\u00e3o h\u00e1 defini\u00e7\u00e3o sobre quem representar\u00e1 a legenda. O jornalista ressalta que nesse cen\u00e1rio continua a ganhar solidez a candidatura de &#8220;extrema direita&#8221; do deputado federal Jair Bolsonaro.<\/p>\n<p>&#8220;Em segundo lugar, com metade da inten\u00e7\u00e3o de votos de Lula, segue firme na segunda posi\u00e7\u00e3o o deputado de extrema direita Jair Bolsonaro, que ainda n\u00e3o tem partido definido e neste momento est\u00e1 fazendo campanha no Jap\u00e3o&#8221;.<\/p>\n<p><a href=\"https:\/\/www.balaiodokotscho.com.br\/2018\/02\/26\/faltam-apenas-sete-meses-nem-parece-que-vai-ter-eleicao\/\" target=\"_blank\">Leia mais no Balaio do Kotscho<\/a>.<\/p>\n","protected":false},"excerpt":{"rendered":"<p>247 &#8211; &#8220;J\u00e1 vamos entrar em mar\u00e7o, a campanha oficial come\u00e7a a 15 de agosto e a elei\u00e7\u00e3o est\u00e1 marcada para o in\u00edcio de outubro. O tempo corre e at\u00e9 hoje n\u00e3o temos nem candidatos definidos, nem alian\u00e7as formadas e muito menos qualquer sinal de projetos e propostas para o pa\u00eds&#8221;, escreve o jornalista Ricardo&#8230;<a class=\"more-link\" href=\"http:\/\/blogdalucianaoliveira.com.br\/blog\/2018\/02\/26\/kotscho-faltam-apenas-sete-meses-e-nem-parece-que-vai-ter-eleicao\/\">Continue a leitura <span class=\"meta-nav\">&raquo;<\/span><\/a><\/p>\n","protected":false},"author":1,"featured_media":0,"comment_status":"closed","ping_status":"open","sticky":false,"template":"","format":"standard","meta":{"_exactmetrics_skip_tracking":false,"_exactmetrics_sitenote_active":false,"_exactmetrics_sitenote_note":"","_exactmetrics_sitenote_category":0,"jetpack_post_was_ever_published":false,"_jetpack_newsletter_access":"","_jetpack_dont_email_post_to_subs":false,"_jetpack_newsletter_tier_id":0,"_jetpack_memberships_contains_paywalled_content":false,"_jetpack_memberships_contains_paid_content":false,"footnotes":"","jetpack_publicize_message":"","jetpack_publicize_feature_enabled":true,"jetpack_social_post_already_shared":true,"jetpack_social_options":{"image_generator_settings":{"template":"highway","enabled":false},"version":2}},"categories":[1],"tags":[],"class_list":["post-16750","post","type-post","status-publish","format-standard","hentry","category-notas"],"jetpack_publicize_connections":[],"jetpack_sharing_enabled":true,"jetpack_featured_media_url":"","jetpack_shortlink":"https:\/\/wp.me\/p7wKYW-4ma","jetpack-related-posts":[],"_links":{"self":[{"href":"http:\/\/blogdalucianaoliveira.com.br\/blog\/wp-json\/wp\/v2\/posts\/16750","targetHints":{"allow":["GET"]}}],"collection":[{"href":"http:\/\/blogdalucianaoliveira.com.br\/blog\/wp-json\/wp\/v2\/posts"}],"about":[{"href":"http:\/\/blogdalucianaoliveira.com.br\/blog\/wp-json\/wp\/v2\/types\/post"}],"author":[{"embeddable":true,"href":"http:\/\/blogdalucianaoliveira.com.br\/blog\/wp-json\/wp\/v2\/users\/1"}],"replies":[{"embeddable":true,"href":"http:\/\/blogdalucianaoliveira.com.br\/blog\/wp-json\/wp\/v2\/comments?post=16750"}],"version-history":[{"count":1,"href":"http:\/\/blogdalucianaoliveira.com.br\/blog\/wp-json\/wp\/v2\/posts\/16750\/revisions"}],"predecessor-version":[{"id":16752,"href":"http:\/\/blogdalucianaoliveira.com.br\/blog\/wp-json\/wp\/v2\/posts\/16750\/revisions\/16752"}],"wp:attachment":[{"href":"http:\/\/blogdalucianaoliveira.com.br\/blog\/wp-json\/wp\/v2\/media?parent=16750"}],"wp:term":[{"taxonomy":"category","embeddable":true,"href":"http:\/\/blogdalucianaoliveira.com.br\/blog\/wp-json\/wp\/v2\/categories?post=16750"},{"taxonomy":"post_tag","embeddable":true,"href":"http:\/\/blogdalucianaoliveira.com.br\/blog\/wp-json\/wp\/v2\/tags?post=16750"}],"curies":[{"name":"wp","href":"https:\/\/api.w.org\/{rel}","templated":true}]}}