{"id":16753,"date":"2018-02-26T13:41:36","date_gmt":"2018-02-26T17:41:36","guid":{"rendered":"http:\/\/blogdalucianaoliveira.com.br\/blog\/?p=16753"},"modified":"2018-02-26T13:42:15","modified_gmt":"2018-02-26T17:42:15","slug":"rio-sofre-com-um-prefeito-que-ainda-nao-tomou-posse","status":"publish","type":"post","link":"http:\/\/blogdalucianaoliveira.com.br\/blog\/2018\/02\/26\/rio-sofre-com-um-prefeito-que-ainda-nao-tomou-posse\/","title":{"rendered":"Rio sofre com um prefeito que ainda n\u00e3o tomou posse"},"content":{"rendered":"<p><img data-recalc-dims=\"1\" loading=\"lazy\" decoding=\"async\" data-attachment-id=\"16754\" data-permalink=\"http:\/\/blogdalucianaoliveira.com.br\/blog\/2018\/02\/26\/rio-sofre-com-um-prefeito-que-ainda-nao-tomou-posse\/crivei\/\" data-orig-file=\"https:\/\/i0.wp.com\/blogdalucianaoliveira.com.br\/blog\/wp-content\/uploads\/2018\/02\/crivei.png?fit=600%2C356\" data-orig-size=\"600,356\" data-comments-opened=\"0\" data-image-meta=\"{&quot;aperture&quot;:&quot;0&quot;,&quot;credit&quot;:&quot;&quot;,&quot;camera&quot;:&quot;&quot;,&quot;caption&quot;:&quot;&quot;,&quot;created_timestamp&quot;:&quot;0&quot;,&quot;copyright&quot;:&quot;&quot;,&quot;focal_length&quot;:&quot;0&quot;,&quot;iso&quot;:&quot;0&quot;,&quot;shutter_speed&quot;:&quot;0&quot;,&quot;title&quot;:&quot;&quot;,&quot;orientation&quot;:&quot;0&quot;}\" data-image-title=\"crivei\" data-image-description=\"\" data-image-caption=\"\" data-medium-file=\"https:\/\/i0.wp.com\/blogdalucianaoliveira.com.br\/blog\/wp-content\/uploads\/2018\/02\/crivei.png?fit=300%2C178\" data-large-file=\"https:\/\/i0.wp.com\/blogdalucianaoliveira.com.br\/blog\/wp-content\/uploads\/2018\/02\/crivei.png?fit=600%2C356\" src=\"https:\/\/i0.wp.com\/blogdalucianaoliveira.com.br\/blog\/wp-content\/uploads\/2018\/02\/crivei.png?resize=600%2C356\" alt=\"crivei\" width=\"600\" height=\"356\" class=\"alignnone size-full wp-image-16754\" srcset=\"https:\/\/i0.wp.com\/blogdalucianaoliveira.com.br\/blog\/wp-content\/uploads\/2018\/02\/crivei.png?w=600 600w, https:\/\/i0.wp.com\/blogdalucianaoliveira.com.br\/blog\/wp-content\/uploads\/2018\/02\/crivei.png?resize=300%2C178 300w, https:\/\/i0.wp.com\/blogdalucianaoliveira.com.br\/blog\/wp-content\/uploads\/2018\/02\/crivei.png?resize=506%2C300 506w\" sizes=\"auto, (max-width: 600px) 100vw, 600px\" \/><\/p>\n<p>No DCM &#8211; Durante sua campanha para a prefeitura do Rio, os marqueteiros do ent\u00e3o candidato Marcelo Crivella cunharam um slogan tido pelos profissionais da \u00e1rea como um achado : \u201cCuidar das pessoas.\u201d Imagina o impacto desta mensagem para os habitantes de um munic\u00edpio transformado nos \u00faltimos anos, por conta da realiza\u00e7\u00e3o dos grande eventos, em um gigantesco canteiro de obras em detrimento do atendimento de sa\u00fade e do oferecimento de educa\u00e7\u00e3o de qualidade, dentre outras mazelas sociais.<!--more--><\/p>\n<p>Embalado por um turbilh\u00e3o de promessas voltadas para a melhoria da qualidade de vida dos cariocas, o bispo da Igreja Universal do Reino de Deus logrou fixar no imagin\u00e1rio do eleitor, especialmente o das \u00e1reas mais pobres e desassistidas do munic\u00edpio, uma imagem de \u201cpaiz\u00e3o\u201d e benfeitor das centenas de milhares de pessoas que enfrentam um calv\u00e1rio di\u00e1rio para ir e vir do local de trabalho, matricular os filhos na escola ou padecem nas filas para encontrar vaga nas unidades municipais de sa\u00fade.<\/p>\n<p>Da\u00ed a chegar ao segundo turno e vencer as elei\u00e7\u00f5es foi um pulo. Naquele per\u00edodo tradicional de lua de mel dos pol\u00edticos com o  eleitorado, entre a elei\u00e7\u00e3o e a posse, Crivella reafirmou seus compromissos de campanha, ao mesmo tempo em que montava um secretariado, cuja composi\u00e7\u00e3o j\u00e1 dava pistas do estelionato eleitoral que estaria por vir, optando por uma equipe repleta de  pol\u00edticos conservadores e sem hist\u00f3rico de compromissos com o bem-estar social do povo.<\/p>\n<p>E n\u00e3o deu outra. Desde que assumiu a prefeitura, Crivella vem se notabilizando por ser um prefeito ausente, pregui\u00e7oso e incapaz de compreender a dimens\u00e3o do cargo que ocupa. Virou um exemplo real de como \u00e9 nociva a promiscuidade entre a atividade pol\u00edtica e a religi\u00e3o. Ao longo de um ano e poucos meses de mandato, o alcaide deu mostras sucessivas de que sua fun\u00e7\u00e3o p\u00fablica est\u00e1 a servi\u00e7o dos interesses imediatos e filos\u00f3ficos de sua igreja. Nada mais antirrepublicano.<\/p>\n<p>Seu fundamentalismo neopentecostal o levou a dificultar, coibir, ou mesmo perseguir, manifesta\u00e7\u00f5es art\u00edsticas e culturais enraizadas na cultura popular carioca. Imp\u00f5e tamb\u00e9m um sem n\u00famero de obst\u00e1culos \u00e0 livre express\u00e3o das religi\u00f5es de matriz africana. Tudo que se choca com os dogmas de sua igreja \u00e9 visto, no m\u00ednimo, com m\u00e1 vontade pelo prefeito.<\/p>\n<p>J\u00e1 em \u00e1reas sociais de import\u00e2ncia crucial, o quadro de abandono fez com que o slogan \u201ccuidar das pessoas\u201d virasse piada. Na sa\u00fade, por exemplo,  greves de todas categorias s\u00e3o rotineiras, pois a prefeitura atrasa sal\u00e1rios e negligencia gravemente seu compromisso constitucional de oferecer atendimento \u00e0 popula\u00e7\u00e3o, ao n\u00e3o suprir as unidades de sa\u00fade com os insumos e os medicamentos necess\u00e1rios.<\/p>\n<p>Enquanto isso, o prefeito se limita a instruir seus auxiliares a usar diante das cobran\u00e7as da entidades representativas dos servidores a velha desculpa da falta de recursos, da crise, etc. Mas o chefe do executivo municipal, al\u00e9m de nunca ter se dignado a receber os servidores, tampouco abriu, de forma transparente, as contas da prefeitura. Se o conjunto do povo brasileiro passa por uma quadra de sofrimento com o corte brutal de direitos por parte do governo golpista, imagina os cariocas e fluminenses entregues ao Deus dar\u00e1 por Pez\u00e3o e Crivella?<\/p>\n<p>Diante desse cen\u00e1rio de total abandono e descalabro do munic\u00edpio e do estado, o prefeito tomou gosto por flanar pelo mundo sob a falsa alega\u00e7\u00e3o de que suas viagens t\u00eam car\u00e1ter oficial, quando at\u00e9 o mais ing\u00eanuo dos cariocas sabe que seus p\u00e9riplos visam compromissos religiosos e particulares, a exemplo do que ocorreu no carnaval, ocasi\u00e3o em que, literalmente, fugiu da cidade. Mas, como mentira tem pernas curtas, seu pr\u00f3prio anfitri\u00e3o fez quest\u00e3o de explicitar a natureza particular de sua viagem nos dias de Momo. Esse turismo com verba p\u00fablica rendeu a Crivella inclusive uma investiga\u00e7\u00e3o por parte do Minist\u00e9rio P\u00fablico.<\/p>\n<p>Ali\u00e1s, o tratamento  obtuso e preconceituoso dispensado pelo prefeito \u00e0 maior festa popular do Rio, do pa\u00eds e, qui\u00e7\u00e1, do mundo, o carnaval, s\u00f3 real\u00e7a sua inaptid\u00e3o para o cargo de prefeito de um munic\u00edpio com as caracter\u00edsticas do Rio. No fundo, ele deve estar arrependido de ter se candidatado e maldizer o fato de ter sido eleito. Ningu\u00e9m est\u00e1 cobrando, cabe sublinhar, que Crivella brinque o carnaval, apenas que tenha um m\u00ednimo de compreens\u00e3o do que ele significa para a Cidade Maravilhosa.<\/p>\n<p>Gafes e vexames s\u00e3o consequ\u00eancias naturais  de quem n\u00e3o tem voca\u00e7\u00e3o para determinadas fun\u00e7\u00f5es, mas insiste em ocup\u00e1-las. Ante o caos provocado por um temporal quase diluviano que deixou milh\u00f5es de cariocas sem energia el\u00e9trica por at\u00e9 cinco dias, derrubou centenas de \u00e1rvores e alagou vastas \u00e1reas, o prefeito, de volta de viagem, se limitou a dizer que \u201co Rio suportou bem o temporal\u201d e que vai criar o \u201cbalsa fam\u00edlia\u201d, um inaceit\u00e1vel deboche com as v\u00edtimas da chuvarada.<\/p>\n<p>Na sequ\u00eancia, o prefeito tratou de integrar a comitiva que veio ao Rio sacramentar a interven\u00e7\u00e3o militar contra os pobres. Como n\u00e3o pode se dar ao luxo de andar pelas ruas devido \u00e0 forte rejei\u00e7\u00e3o das pessoas, a trinca Temer, Pez\u00e3o e Crivella optou por descer de helic\u00f3ptero no gramado do Est\u00e1dio das Laranjeiras, ao lado do Pal\u00e1cio Guanabara. Enfurecido, ao ver a imagem dos tr\u00eas caminhando pelo campo, um amigo tricolor disparou : \u201cTem que arrancar o gramado e trocar por outro. E, para garantir que n\u00e3o haja mesmo nenhuma contamina\u00e7\u00e3o, remover tamb\u00e9m a terra sob o gramado.\u201d<\/p>\n<p>.x.x.x.<\/p>\n<p>Wadih Damous \u2013 deputado federal e ex-presidente da OAB<\/p>\n","protected":false},"excerpt":{"rendered":"<p>No DCM &#8211; Durante sua campanha para a prefeitura do Rio, os marqueteiros do ent\u00e3o candidato Marcelo Crivella cunharam um slogan tido pelos profissionais da \u00e1rea como um achado : \u201cCuidar das pessoas.\u201d Imagina o impacto desta mensagem para os habitantes de um munic\u00edpio transformado nos \u00faltimos anos, por conta da realiza\u00e7\u00e3o dos grande eventos,&#8230;<a class=\"more-link\" href=\"http:\/\/blogdalucianaoliveira.com.br\/blog\/2018\/02\/26\/rio-sofre-com-um-prefeito-que-ainda-nao-tomou-posse\/\">Continue a leitura <span class=\"meta-nav\">&raquo;<\/span><\/a><\/p>\n","protected":false},"author":1,"featured_media":0,"comment_status":"closed","ping_status":"open","sticky":false,"template":"","format":"standard","meta":{"_exactmetrics_skip_tracking":false,"_exactmetrics_sitenote_active":false,"_exactmetrics_sitenote_note":"","_exactmetrics_sitenote_category":0,"jetpack_post_was_ever_published":false,"_jetpack_newsletter_access":"","_jetpack_dont_email_post_to_subs":false,"_jetpack_newsletter_tier_id":0,"_jetpack_memberships_contains_paywalled_content":false,"_jetpack_memberships_contains_paid_content":false,"footnotes":"","jetpack_publicize_message":"","jetpack_publicize_feature_enabled":true,"jetpack_social_post_already_shared":true,"jetpack_social_options":{"image_generator_settings":{"template":"highway","enabled":false},"version":2}},"categories":[1],"tags":[],"class_list":["post-16753","post","type-post","status-publish","format-standard","hentry","category-notas"],"jetpack_publicize_connections":[],"jetpack_sharing_enabled":true,"jetpack_featured_media_url":"","jetpack_shortlink":"https:\/\/wp.me\/p7wKYW-4md","jetpack-related-posts":[],"_links":{"self":[{"href":"http:\/\/blogdalucianaoliveira.com.br\/blog\/wp-json\/wp\/v2\/posts\/16753","targetHints":{"allow":["GET"]}}],"collection":[{"href":"http:\/\/blogdalucianaoliveira.com.br\/blog\/wp-json\/wp\/v2\/posts"}],"about":[{"href":"http:\/\/blogdalucianaoliveira.com.br\/blog\/wp-json\/wp\/v2\/types\/post"}],"author":[{"embeddable":true,"href":"http:\/\/blogdalucianaoliveira.com.br\/blog\/wp-json\/wp\/v2\/users\/1"}],"replies":[{"embeddable":true,"href":"http:\/\/blogdalucianaoliveira.com.br\/blog\/wp-json\/wp\/v2\/comments?post=16753"}],"version-history":[{"count":2,"href":"http:\/\/blogdalucianaoliveira.com.br\/blog\/wp-json\/wp\/v2\/posts\/16753\/revisions"}],"predecessor-version":[{"id":16756,"href":"http:\/\/blogdalucianaoliveira.com.br\/blog\/wp-json\/wp\/v2\/posts\/16753\/revisions\/16756"}],"wp:attachment":[{"href":"http:\/\/blogdalucianaoliveira.com.br\/blog\/wp-json\/wp\/v2\/media?parent=16753"}],"wp:term":[{"taxonomy":"category","embeddable":true,"href":"http:\/\/blogdalucianaoliveira.com.br\/blog\/wp-json\/wp\/v2\/categories?post=16753"},{"taxonomy":"post_tag","embeddable":true,"href":"http:\/\/blogdalucianaoliveira.com.br\/blog\/wp-json\/wp\/v2\/tags?post=16753"}],"curies":[{"name":"wp","href":"https:\/\/api.w.org\/{rel}","templated":true}]}}