{"id":16757,"date":"2018-02-26T14:59:14","date_gmt":"2018-02-26T18:59:14","guid":{"rendered":"http:\/\/blogdalucianaoliveira.com.br\/blog\/?p=16757"},"modified":"2018-02-26T15:03:57","modified_gmt":"2018-02-26T19:03:57","slug":"o-que-ha-de-tao-especial-na-asfaltao-tricampea-do-carnaval-de-porto-velho","status":"publish","type":"post","link":"http:\/\/blogdalucianaoliveira.com.br\/blog\/2018\/02\/26\/o-que-ha-de-tao-especial-na-asfaltao-tricampea-do-carnaval-de-porto-velho\/","title":{"rendered":"O que h\u00e1 de t\u00e3o especial na Asfalt\u00e3o, tricampe\u00e3 do carnaval de Porto Velho?"},"content":{"rendered":"<p><img data-recalc-dims=\"1\" loading=\"lazy\" decoding=\"async\" data-attachment-id=\"16759\" data-permalink=\"http:\/\/blogdalucianaoliveira.com.br\/blog\/2018\/02\/26\/o-que-ha-de-tao-especial-na-asfaltao-tricampea-do-carnaval-de-porto-velho\/dani-2\/\" data-orig-file=\"https:\/\/i0.wp.com\/blogdalucianaoliveira.com.br\/blog\/wp-content\/uploads\/2018\/02\/dani.jpg?fit=960%2C960\" data-orig-size=\"960,960\" data-comments-opened=\"0\" data-image-meta=\"{&quot;aperture&quot;:&quot;0&quot;,&quot;credit&quot;:&quot;&quot;,&quot;camera&quot;:&quot;&quot;,&quot;caption&quot;:&quot;&quot;,&quot;created_timestamp&quot;:&quot;0&quot;,&quot;copyright&quot;:&quot;&quot;,&quot;focal_length&quot;:&quot;0&quot;,&quot;iso&quot;:&quot;0&quot;,&quot;shutter_speed&quot;:&quot;0&quot;,&quot;title&quot;:&quot;&quot;,&quot;orientation&quot;:&quot;0&quot;}\" data-image-title=\"dani\" data-image-description=\"\" data-image-caption=\"\" data-medium-file=\"https:\/\/i0.wp.com\/blogdalucianaoliveira.com.br\/blog\/wp-content\/uploads\/2018\/02\/dani.jpg?fit=300%2C300\" data-large-file=\"https:\/\/i0.wp.com\/blogdalucianaoliveira.com.br\/blog\/wp-content\/uploads\/2018\/02\/dani.jpg?fit=600%2C600\" src=\"https:\/\/i0.wp.com\/blogdalucianaoliveira.com.br\/blog\/wp-content\/uploads\/2018\/02\/dani.jpg?resize=600%2C600\" alt=\"dani\" width=\"600\" height=\"600\" class=\"alignnone size-full wp-image-16759\" srcset=\"https:\/\/i0.wp.com\/blogdalucianaoliveira.com.br\/blog\/wp-content\/uploads\/2018\/02\/dani.jpg?w=960 960w, https:\/\/i0.wp.com\/blogdalucianaoliveira.com.br\/blog\/wp-content\/uploads\/2018\/02\/dani.jpg?resize=150%2C150 150w, https:\/\/i0.wp.com\/blogdalucianaoliveira.com.br\/blog\/wp-content\/uploads\/2018\/02\/dani.jpg?resize=300%2C300 300w, https:\/\/i0.wp.com\/blogdalucianaoliveira.com.br\/blog\/wp-content\/uploads\/2018\/02\/dani.jpg?resize=768%2C768 768w\" sizes=\"auto, (max-width: 600px) 100vw, 600px\" \/><\/p>\n<p>A escola de samba surgiu h\u00e1 47 anos quando um grupo de trabalhadores de uma antiga usina de asfalto resolveu desfilar nas ruas com os instrumentos de trabalho.<\/p>\n<p>Da\u00ed o nome e a for\u00e7a de sua resist\u00eancia, como um asfalto com mais durabilidade e qualidade por elementos caros que foram adicionados.<!--more--><\/p>\n<p>S\u00f3 a Asfalt\u00e3o possui uma comunidade unida, eventos para angariar fundos durante todo o ano e projetos sociais como a Oficina de Percuss\u00e3o gratuita.<\/p>\n<p><img data-recalc-dims=\"1\" loading=\"lazy\" decoding=\"async\" data-attachment-id=\"16758\" data-permalink=\"http:\/\/blogdalucianaoliveira.com.br\/blog\/2018\/02\/26\/o-que-ha-de-tao-especial-na-asfaltao-tricampea-do-carnaval-de-porto-velho\/asfa1-696x529\/\" data-orig-file=\"https:\/\/i0.wp.com\/blogdalucianaoliveira.com.br\/blog\/wp-content\/uploads\/2018\/02\/asfa1-696x529.jpg?fit=696%2C529\" data-orig-size=\"696,529\" data-comments-opened=\"0\" data-image-meta=\"{&quot;aperture&quot;:&quot;0&quot;,&quot;credit&quot;:&quot;&quot;,&quot;camera&quot;:&quot;&quot;,&quot;caption&quot;:&quot;&quot;,&quot;created_timestamp&quot;:&quot;0&quot;,&quot;copyright&quot;:&quot;&quot;,&quot;focal_length&quot;:&quot;0&quot;,&quot;iso&quot;:&quot;0&quot;,&quot;shutter_speed&quot;:&quot;0&quot;,&quot;title&quot;:&quot;&quot;,&quot;orientation&quot;:&quot;0&quot;}\" data-image-title=\"asfa1-696&amp;#215;529\" data-image-description=\"\" data-image-caption=\"\" data-medium-file=\"https:\/\/i0.wp.com\/blogdalucianaoliveira.com.br\/blog\/wp-content\/uploads\/2018\/02\/asfa1-696x529.jpg?fit=300%2C228\" data-large-file=\"https:\/\/i0.wp.com\/blogdalucianaoliveira.com.br\/blog\/wp-content\/uploads\/2018\/02\/asfa1-696x529.jpg?fit=600%2C456\" src=\"https:\/\/i0.wp.com\/blogdalucianaoliveira.com.br\/blog\/wp-content\/uploads\/2018\/02\/asfa1-696x529.jpg?resize=600%2C456\" alt=\"asfa1-696x529\" width=\"600\" height=\"456\" class=\"alignnone size-full wp-image-16758\" srcset=\"https:\/\/i0.wp.com\/blogdalucianaoliveira.com.br\/blog\/wp-content\/uploads\/2018\/02\/asfa1-696x529.jpg?resize=696%2C529 696w, https:\/\/i0.wp.com\/blogdalucianaoliveira.com.br\/blog\/wp-content\/uploads\/2018\/02\/asfa1-696x529.jpg?resize=300%2C228 300w, https:\/\/i0.wp.com\/blogdalucianaoliveira.com.br\/blog\/wp-content\/uploads\/2018\/02\/asfa1-696x529.jpg?resize=395%2C300 395w\" sizes=\"auto, (max-width: 600px) 100vw, 600px\" \/><\/p>\n<p>Um projeto para o futuro garante tanta vit\u00f3ria no presente.<\/p>\n<p>A sua comunidade cresce com ades\u00f5es de todo canto da cidade e isso garante com folga m\u00e3o-de-obra volunt\u00e1ria para o desfile que vem ocorrendo sempre fora de \u00e9poca.<\/p>\n<p>Enquanto outras escolas precisam pagar para atrair brincantes, a Asfalt\u00e3o dispensa interessados na sua bateria Pura Ra\u00e7a, sempre nota 10. Este ano 83 ritmistas, mais que o dobro de muitas escolas, levaram o p\u00fablico ao del\u00edrio at\u00e9 bem longe da dispers\u00e3o.<\/p>\n<p><img data-recalc-dims=\"1\" loading=\"lazy\" decoding=\"async\" data-attachment-id=\"16760\" data-permalink=\"http:\/\/blogdalucianaoliveira.com.br\/blog\/2018\/02\/26\/o-que-ha-de-tao-especial-na-asfaltao-tricampea-do-carnaval-de-porto-velho\/bate-2\/\" data-orig-file=\"https:\/\/i0.wp.com\/blogdalucianaoliveira.com.br\/blog\/wp-content\/uploads\/2018\/02\/bate.jpg?fit=960%2C846\" data-orig-size=\"960,846\" data-comments-opened=\"0\" data-image-meta=\"{&quot;aperture&quot;:&quot;0&quot;,&quot;credit&quot;:&quot;&quot;,&quot;camera&quot;:&quot;&quot;,&quot;caption&quot;:&quot;&quot;,&quot;created_timestamp&quot;:&quot;0&quot;,&quot;copyright&quot;:&quot;&quot;,&quot;focal_length&quot;:&quot;0&quot;,&quot;iso&quot;:&quot;0&quot;,&quot;shutter_speed&quot;:&quot;0&quot;,&quot;title&quot;:&quot;&quot;,&quot;orientation&quot;:&quot;0&quot;}\" data-image-title=\"bate\" data-image-description=\"\" data-image-caption=\"\" data-medium-file=\"https:\/\/i0.wp.com\/blogdalucianaoliveira.com.br\/blog\/wp-content\/uploads\/2018\/02\/bate.jpg?fit=300%2C264\" data-large-file=\"https:\/\/i0.wp.com\/blogdalucianaoliveira.com.br\/blog\/wp-content\/uploads\/2018\/02\/bate.jpg?fit=600%2C529\" src=\"https:\/\/i0.wp.com\/blogdalucianaoliveira.com.br\/blog\/wp-content\/uploads\/2018\/02\/bate.jpg?resize=600%2C529\" alt=\"bate\" width=\"600\" height=\"529\" class=\"alignnone size-full wp-image-16760\" srcset=\"https:\/\/i0.wp.com\/blogdalucianaoliveira.com.br\/blog\/wp-content\/uploads\/2018\/02\/bate.jpg?w=960 960w, https:\/\/i0.wp.com\/blogdalucianaoliveira.com.br\/blog\/wp-content\/uploads\/2018\/02\/bate.jpg?resize=300%2C264 300w, https:\/\/i0.wp.com\/blogdalucianaoliveira.com.br\/blog\/wp-content\/uploads\/2018\/02\/bate.jpg?resize=768%2C677 768w, https:\/\/i0.wp.com\/blogdalucianaoliveira.com.br\/blog\/wp-content\/uploads\/2018\/02\/bate.jpg?resize=340%2C300 340w\" sizes=\"auto, (max-width: 600px) 100vw, 600px\" \/><\/p>\n<p>O terceiro t\u00edtulo mostrou tamb\u00e9m outra caracter\u00edstica que faz t\u00e3o especial a Asfalt\u00e3o: o samba na ponta da l\u00edngua e o entusiasmo na ponta dos p\u00e9s.<\/p>\n<p><iframe loading=\"lazy\" src=\"https:\/\/www.facebook.com\/plugins\/video.php?href=https%3A%2F%2Fwww.facebook.com%2Fluciana.oliveira.75457%2Fvideos%2F1729233847152511%2F&#038;show_text=0&#038;width=560\" width=\"560\" height=\"315\" style=\"border:none;overflow:hidden\" scrolling=\"no\" frameborder=\"0\" allowTransparency=\"true\" allowFullScreen=\"true\"><\/iframe><\/p>\n<p>Foi a \u00fanica escola em que os brincantes cantaram o samba at\u00e9 o cron\u00f4metro mostrar o fim de mais um desfile.<\/p>\n<p><iframe loading=\"lazy\" src=\"https:\/\/www.facebook.com\/plugins\/video.php?href=https%3A%2F%2Fwww.facebook.com%2Fluciana.oliveira.75457%2Fvideos%2F1703333943075835%2F&#038;show_text=0&#038;width=560\" width=\"560\" height=\"315\" style=\"border:none;overflow:hidden\" scrolling=\"no\" frameborder=\"0\" allowTransparency=\"true\" allowFullScreen=\"true\"><\/iframe><\/p>\n<p>Venceu com mais de 1 ponto de diferen\u00e7a da segunda colocada, a Imp\u00e9rio do Samba, que tamb\u00e9m investiu em qualidade para desbancar escolas com muito mais ch\u00e3o e t\u00edtulos.<\/p>\n<p><img data-recalc-dims=\"1\" loading=\"lazy\" decoding=\"async\" data-attachment-id=\"16761\" data-permalink=\"http:\/\/blogdalucianaoliveira.com.br\/blog\/2018\/02\/26\/o-que-ha-de-tao-especial-na-asfaltao-tricampea-do-carnaval-de-porto-velho\/impe\/\" data-orig-file=\"https:\/\/i0.wp.com\/blogdalucianaoliveira.com.br\/blog\/wp-content\/uploads\/2018\/02\/impe.jpg?fit=720%2C960\" data-orig-size=\"720,960\" data-comments-opened=\"0\" data-image-meta=\"{&quot;aperture&quot;:&quot;0&quot;,&quot;credit&quot;:&quot;&quot;,&quot;camera&quot;:&quot;&quot;,&quot;caption&quot;:&quot;&quot;,&quot;created_timestamp&quot;:&quot;0&quot;,&quot;copyright&quot;:&quot;&quot;,&quot;focal_length&quot;:&quot;0&quot;,&quot;iso&quot;:&quot;0&quot;,&quot;shutter_speed&quot;:&quot;0&quot;,&quot;title&quot;:&quot;&quot;,&quot;orientation&quot;:&quot;0&quot;}\" data-image-title=\"impe\" data-image-description=\"\" data-image-caption=\"\" data-medium-file=\"https:\/\/i0.wp.com\/blogdalucianaoliveira.com.br\/blog\/wp-content\/uploads\/2018\/02\/impe.jpg?fit=225%2C300\" data-large-file=\"https:\/\/i0.wp.com\/blogdalucianaoliveira.com.br\/blog\/wp-content\/uploads\/2018\/02\/impe.jpg?fit=600%2C800\" src=\"https:\/\/i0.wp.com\/blogdalucianaoliveira.com.br\/blog\/wp-content\/uploads\/2018\/02\/impe.jpg?resize=600%2C800\" alt=\"impe\" width=\"600\" height=\"800\" class=\"alignnone size-full wp-image-16761\" srcset=\"https:\/\/i0.wp.com\/blogdalucianaoliveira.com.br\/blog\/wp-content\/uploads\/2018\/02\/impe.jpg?w=720 720w, https:\/\/i0.wp.com\/blogdalucianaoliveira.com.br\/blog\/wp-content\/uploads\/2018\/02\/impe.jpg?resize=225%2C300 225w\" sizes=\"auto, (max-width: 600px) 100vw, 600px\" \/><\/p>\n<p>O segredo \u00e9 justamente esse, integrar a comunidade ao projeto.<\/p>\n<p>E pra isso \u00e9 preciso compromisso com a transmiss\u00e3o de saberes, como faz a Asfalt\u00e3o.<\/p>\n<p>O presidente da escola \u00e9 jovem, tem 28 anos.<br \/>\nDanilo Cardoso est\u00e1 no segundo mandato e como mestre de bateria repassa o que aprendeu.<\/p>\n<p>Organiza\u00e7\u00e3o, solidariedade, entusiasmo e responsabilidade, s\u00e3o regras b\u00e1sicas a quem desfila na Asfalt\u00e3o.<\/p>\n<p>Quem concorda ou n\u00e3o com o resultado da apura\u00e7\u00e3o do desfile das escolas de samba da capital, n\u00e3o pode negar as vantagens da tricampe\u00e3, aqui real\u00e7adas.<\/p>\n<p>\u00c0s demais resta aproveitar o bom exemplo, porque superando a Asfalt\u00e3o a cidade ter\u00e1 um desfile cada vez mais atraente, um dos melhores da regi\u00e3o Norte como j\u00e1 foi classificado.<\/p>\n<p>Isso \u00e9 saud\u00e1vel, sobretudo \u00e0 Asfalt\u00e3o que pra se manter em destaque depende da acirrada disputa.<\/p>\n<p>A Imp\u00e9rio do Samba compreendeu isso, o que \u00e9 um \u00f3timo sinal.<\/p>\n<p>As cr\u00edticas s\u00e3o necess\u00e1rias, porque o p\u00fablico merece um desfile com cada vez mais qualidade.<\/p>\n<p>O que cada escola leva pra avenida depende de dinheiro e muitas horas de trabalho volunt\u00e1rio.<\/p>\n<p>N\u00e3o h\u00e1 trof\u00e9u para o poder da cria\u00e7\u00e3o nos barrac\u00f5es.<\/p>\n<p>\u00c9 o compromisso com a cultura popular que mant\u00e9m essa tradi\u00e7\u00e3o de mais de meio s\u00e9culo.<\/p>\n<p>Todas as escolas s\u00e3o campe\u00e3s em todo carnaval, pela bravura do resistir para perpetuar.<\/p>\n<p>Vem do samba, o triste lamento:<\/p>\n<p><em>\u201cE fazem de tudo pra silenciar<br \/>\nA batucada dos nossos tant\u00e3s.\u201d<\/em><\/p>\n<p>Mas, do samba tamb\u00e9m a reden\u00e7\u00e3o:<\/p>\n<p><em>\u201cFor\u00e7a nenhuma no mundo interfere sobre o poder da cria\u00e7\u00e3o.\u201d<\/em><\/p>\n","protected":false},"excerpt":{"rendered":"<p>A escola de samba surgiu h\u00e1 47 anos quando um grupo de trabalhadores de uma antiga usina de asfalto resolveu desfilar nas ruas com os instrumentos de trabalho. Da\u00ed o nome e a for\u00e7a de sua resist\u00eancia, como um asfalto com mais durabilidade e qualidade por elementos caros que foram adicionados.<\/p>\n","protected":false},"author":1,"featured_media":0,"comment_status":"closed","ping_status":"open","sticky":false,"template":"","format":"standard","meta":{"_exactmetrics_skip_tracking":false,"_exactmetrics_sitenote_active":false,"_exactmetrics_sitenote_note":"","_exactmetrics_sitenote_category":0,"jetpack_post_was_ever_published":false,"_jetpack_newsletter_access":"","_jetpack_dont_email_post_to_subs":false,"_jetpack_newsletter_tier_id":0,"_jetpack_memberships_contains_paywalled_content":false,"_jetpack_memberships_contains_paid_content":false,"footnotes":"","jetpack_publicize_message":"","jetpack_publicize_feature_enabled":true,"jetpack_social_post_already_shared":true,"jetpack_social_options":{"image_generator_settings":{"template":"highway","enabled":false},"version":2}},"categories":[1],"tags":[],"class_list":["post-16757","post","type-post","status-publish","format-standard","hentry","category-notas"],"jetpack_publicize_connections":[],"jetpack_sharing_enabled":true,"jetpack_featured_media_url":"","jetpack_shortlink":"https:\/\/wp.me\/p7wKYW-4mh","jetpack-related-posts":[],"_links":{"self":[{"href":"http:\/\/blogdalucianaoliveira.com.br\/blog\/wp-json\/wp\/v2\/posts\/16757","targetHints":{"allow":["GET"]}}],"collection":[{"href":"http:\/\/blogdalucianaoliveira.com.br\/blog\/wp-json\/wp\/v2\/posts"}],"about":[{"href":"http:\/\/blogdalucianaoliveira.com.br\/blog\/wp-json\/wp\/v2\/types\/post"}],"author":[{"embeddable":true,"href":"http:\/\/blogdalucianaoliveira.com.br\/blog\/wp-json\/wp\/v2\/users\/1"}],"replies":[{"embeddable":true,"href":"http:\/\/blogdalucianaoliveira.com.br\/blog\/wp-json\/wp\/v2\/comments?post=16757"}],"version-history":[{"count":2,"href":"http:\/\/blogdalucianaoliveira.com.br\/blog\/wp-json\/wp\/v2\/posts\/16757\/revisions"}],"predecessor-version":[{"id":16763,"href":"http:\/\/blogdalucianaoliveira.com.br\/blog\/wp-json\/wp\/v2\/posts\/16757\/revisions\/16763"}],"wp:attachment":[{"href":"http:\/\/blogdalucianaoliveira.com.br\/blog\/wp-json\/wp\/v2\/media?parent=16757"}],"wp:term":[{"taxonomy":"category","embeddable":true,"href":"http:\/\/blogdalucianaoliveira.com.br\/blog\/wp-json\/wp\/v2\/categories?post=16757"},{"taxonomy":"post_tag","embeddable":true,"href":"http:\/\/blogdalucianaoliveira.com.br\/blog\/wp-json\/wp\/v2\/tags?post=16757"}],"curies":[{"name":"wp","href":"https:\/\/api.w.org\/{rel}","templated":true}]}}