{"id":16764,"date":"2018-02-26T18:41:42","date_gmt":"2018-02-26T22:41:42","guid":{"rendered":"http:\/\/blogdalucianaoliveira.com.br\/blog\/?p=16764"},"modified":"2018-02-26T18:45:01","modified_gmt":"2018-02-26T22:45:01","slug":"nao-reeleger-quem-apoia-temer-e-a-unica-forma-de-parar-o-golpe-diz-grazziotin","status":"publish","type":"post","link":"http:\/\/blogdalucianaoliveira.com.br\/blog\/2018\/02\/26\/nao-reeleger-quem-apoia-temer-e-a-unica-forma-de-parar-o-golpe-diz-grazziotin\/","title":{"rendered":"\u201cN\u00e3o reeleger quem apoia Temer \u00e9 a \u00fanica forma de parar o golpe\u201d, diz Grazziotin"},"content":{"rendered":"<p><img data-recalc-dims=\"1\" loading=\"lazy\" decoding=\"async\" data-attachment-id=\"16765\" data-permalink=\"http:\/\/blogdalucianaoliveira.com.br\/blog\/2018\/02\/26\/nao-reeleger-quem-apoia-temer-e-a-unica-forma-de-parar-o-golpe-diz-grazziotin\/f142c911-566d-4de9-ac17-66064176161a\/\" data-orig-file=\"https:\/\/i0.wp.com\/blogdalucianaoliveira.com.br\/blog\/wp-content\/uploads\/2018\/02\/F142C911-566D-4DE9-AC17-66064176161A.jpeg?fit=3264%2C2448\" data-orig-size=\"3264,2448\" data-comments-opened=\"0\" data-image-meta=\"{&quot;aperture&quot;:&quot;2.2&quot;,&quot;credit&quot;:&quot;&quot;,&quot;camera&quot;:&quot;iPhone 6&quot;,&quot;caption&quot;:&quot;&quot;,&quot;created_timestamp&quot;:&quot;1519639904&quot;,&quot;copyright&quot;:&quot;&quot;,&quot;focal_length&quot;:&quot;4.15&quot;,&quot;iso&quot;:&quot;32&quot;,&quot;shutter_speed&quot;:&quot;0.0333333333333&quot;,&quot;title&quot;:&quot;&quot;,&quot;orientation&quot;:&quot;1&quot;}\" data-image-title=\"F142C911-566D-4DE9-AC17-66064176161A\" data-image-description=\"\" data-image-caption=\"\" data-medium-file=\"https:\/\/i0.wp.com\/blogdalucianaoliveira.com.br\/blog\/wp-content\/uploads\/2018\/02\/F142C911-566D-4DE9-AC17-66064176161A.jpeg?fit=300%2C225\" data-large-file=\"https:\/\/i0.wp.com\/blogdalucianaoliveira.com.br\/blog\/wp-content\/uploads\/2018\/02\/F142C911-566D-4DE9-AC17-66064176161A.jpeg?fit=600%2C450\" src=\"https:\/\/i0.wp.com\/blogdalucianaoliveira.com.br\/blog\/wp-content\/uploads\/2018\/02\/F142C911-566D-4DE9-AC17-66064176161A.jpeg?resize=600%2C450\" alt=\"F142C911-566D-4DE9-AC17-66064176161A\" width=\"600\" height=\"450\" class=\"alignnone size-full wp-image-16765\" srcset=\"https:\/\/i0.wp.com\/blogdalucianaoliveira.com.br\/blog\/wp-content\/uploads\/2018\/02\/F142C911-566D-4DE9-AC17-66064176161A.jpeg?w=3264 3264w, https:\/\/i0.wp.com\/blogdalucianaoliveira.com.br\/blog\/wp-content\/uploads\/2018\/02\/F142C911-566D-4DE9-AC17-66064176161A.jpeg?resize=300%2C225 300w, https:\/\/i0.wp.com\/blogdalucianaoliveira.com.br\/blog\/wp-content\/uploads\/2018\/02\/F142C911-566D-4DE9-AC17-66064176161A.jpeg?resize=768%2C576 768w, https:\/\/i0.wp.com\/blogdalucianaoliveira.com.br\/blog\/wp-content\/uploads\/2018\/02\/F142C911-566D-4DE9-AC17-66064176161A.jpeg?resize=1024%2C768 1024w, https:\/\/i0.wp.com\/blogdalucianaoliveira.com.br\/blog\/wp-content\/uploads\/2018\/02\/F142C911-566D-4DE9-AC17-66064176161A.jpeg?resize=400%2C300 400w, https:\/\/i0.wp.com\/blogdalucianaoliveira.com.br\/blog\/wp-content\/uploads\/2018\/02\/F142C911-566D-4DE9-AC17-66064176161A.jpeg?w=1200 1200w, https:\/\/i0.wp.com\/blogdalucianaoliveira.com.br\/blog\/wp-content\/uploads\/2018\/02\/F142C911-566D-4DE9-AC17-66064176161A.jpeg?w=1800 1800w\" sizes=\"auto, (max-width: 600px) 100vw, 600px\" \/><\/p>\n<p>A Senadora Vanessa Grazziotin do PCdoB (AM), em visita a Porto Velho-RO, nesta segunda-feira (26) condenou a privatiza\u00e7\u00e3o da Ceron, uma das seis distribuidoras da Eletrobr\u00e1s que Temer quer vender por 50 mil reais. <!--more--><\/p>\n<p>Toda a bancada federal de Rond\u00f4nia se omite \u00e0 perda do patrim\u00f4nio, \u00e0s demiss\u00f5es dos trabalhadores e aos cidad\u00e3os que v\u00e3o pagar ainda mais caro pela energia. <\/p>\n<p>N\u00e3o reeleger quem apoiou Temer nas reformas nefastas e na privatiza\u00e7\u00e3o, \u00e9 segundo ela, a sa\u00edda pra estancar o golpe.<\/p>\n<div class=\"jetpack-video-wrapper\"><iframe loading=\"lazy\" title=\"Em Porto Velho, senadora Vanessa Grazziotin condena privatiza\u00e7\u00e3o da Ceron\" width=\"600\" height=\"338\" src=\"https:\/\/www.youtube.com\/embed\/MtPtPwMUTpw?feature=oembed\" frameborder=\"0\" allow=\"accelerometer; autoplay; clipboard-write; encrypted-media; gyroscope; picture-in-picture; web-share\" referrerpolicy=\"strict-origin-when-cross-origin\" allowfullscreen><\/iframe><\/div>\n<p>A senadora tamb\u00e9m participou de uma assembleia no Sindicato dos Trabalhadores em Educa\u00e7\u00e3o sobte paralisa\u00e7\u00e3o que come\u00e7ou no \u00faltimo dia 15. Entre as reivindica\u00e7\u00f5es est\u00e1 o reajuste previsto em Plano Estadual pela valoriza\u00e7\u00e3o dos trabalhadores. <\/p>\n<p>H\u00e1 munic\u00edpios em que a greve atinge 95-% das escolas. <\/p>\n<p>Rond\u00f4nia tem cerca de 21 filiados ao Sintero. <\/p>\n<div class=\"fb-video\" data-allowfullscreen=\"true\" data-href=\"https:\/\/www.facebook.com\/luciana.oliveira.75457\/videos\/1729904267085469\/\"><\/div>\n","protected":false},"excerpt":{"rendered":"<p>A Senadora Vanessa Grazziotin do PCdoB (AM), em visita a Porto Velho-RO, nesta segunda-feira (26) condenou a privatiza\u00e7\u00e3o da Ceron, uma das seis distribuidoras da Eletrobr\u00e1s que Temer quer vender por 50 mil reais.<\/p>\n","protected":false},"author":1,"featured_media":0,"comment_status":"closed","ping_status":"open","sticky":false,"template":"","format":"standard","meta":{"_exactmetrics_skip_tracking":false,"_exactmetrics_sitenote_active":false,"_exactmetrics_sitenote_note":"","_exactmetrics_sitenote_category":0,"jetpack_post_was_ever_published":false,"_jetpack_newsletter_access":"","_jetpack_dont_email_post_to_subs":false,"_jetpack_newsletter_tier_id":0,"_jetpack_memberships_contains_paywalled_content":false,"_jetpack_memberships_contains_paid_content":false,"footnotes":"","jetpack_publicize_message":"","jetpack_publicize_feature_enabled":true,"jetpack_social_post_already_shared":true,"jetpack_social_options":{"image_generator_settings":{"template":"highway","enabled":false},"version":2}},"categories":[1],"tags":[],"class_list":["post-16764","post","type-post","status-publish","format-standard","hentry","category-notas"],"jetpack_publicize_connections":[],"jetpack_sharing_enabled":true,"jetpack_featured_media_url":"","jetpack_shortlink":"https:\/\/wp.me\/p7wKYW-4mo","jetpack-related-posts":[],"_links":{"self":[{"href":"http:\/\/blogdalucianaoliveira.com.br\/blog\/wp-json\/wp\/v2\/posts\/16764","targetHints":{"allow":["GET"]}}],"collection":[{"href":"http:\/\/blogdalucianaoliveira.com.br\/blog\/wp-json\/wp\/v2\/posts"}],"about":[{"href":"http:\/\/blogdalucianaoliveira.com.br\/blog\/wp-json\/wp\/v2\/types\/post"}],"author":[{"embeddable":true,"href":"http:\/\/blogdalucianaoliveira.com.br\/blog\/wp-json\/wp\/v2\/users\/1"}],"replies":[{"embeddable":true,"href":"http:\/\/blogdalucianaoliveira.com.br\/blog\/wp-json\/wp\/v2\/comments?post=16764"}],"version-history":[{"count":4,"href":"http:\/\/blogdalucianaoliveira.com.br\/blog\/wp-json\/wp\/v2\/posts\/16764\/revisions"}],"predecessor-version":[{"id":16769,"href":"http:\/\/blogdalucianaoliveira.com.br\/blog\/wp-json\/wp\/v2\/posts\/16764\/revisions\/16769"}],"wp:attachment":[{"href":"http:\/\/blogdalucianaoliveira.com.br\/blog\/wp-json\/wp\/v2\/media?parent=16764"}],"wp:term":[{"taxonomy":"category","embeddable":true,"href":"http:\/\/blogdalucianaoliveira.com.br\/blog\/wp-json\/wp\/v2\/categories?post=16764"},{"taxonomy":"post_tag","embeddable":true,"href":"http:\/\/blogdalucianaoliveira.com.br\/blog\/wp-json\/wp\/v2\/tags?post=16764"}],"curies":[{"name":"wp","href":"https:\/\/api.w.org\/{rel}","templated":true}]}}