{"id":16786,"date":"2018-02-27T10:08:03","date_gmt":"2018-02-27T14:08:03","guid":{"rendered":"http:\/\/blogdalucianaoliveira.com.br\/blog\/?p=16786"},"modified":"2018-02-27T10:13:50","modified_gmt":"2018-02-27T14:13:50","slug":"apos-9-anos-deputado-que-matou-2-jovens-vai-a-juri-popular","status":"publish","type":"post","link":"http:\/\/blogdalucianaoliveira.com.br\/blog\/2018\/02\/27\/apos-9-anos-deputado-que-matou-2-jovens-vai-a-juri-popular\/","title":{"rendered":"Ap\u00f3s 9 anos, ex-deputado, branco e rico que matou 2 jovens vai a j\u00fari popular"},"content":{"rendered":"<p><img data-recalc-dims=\"1\" loading=\"lazy\" decoding=\"async\" data-attachment-id=\"16787\" data-permalink=\"http:\/\/blogdalucianaoliveira.com.br\/blog\/2018\/02\/27\/apos-9-anos-deputado-que-matou-2-jovens-vai-a-juri-popular\/carli\/\" data-orig-file=\"https:\/\/i0.wp.com\/blogdalucianaoliveira.com.br\/blog\/wp-content\/uploads\/2018\/02\/carli.png?fit=640%2C362\" data-orig-size=\"640,362\" data-comments-opened=\"0\" data-image-meta=\"{&quot;aperture&quot;:&quot;0&quot;,&quot;credit&quot;:&quot;&quot;,&quot;camera&quot;:&quot;&quot;,&quot;caption&quot;:&quot;&quot;,&quot;created_timestamp&quot;:&quot;0&quot;,&quot;copyright&quot;:&quot;&quot;,&quot;focal_length&quot;:&quot;0&quot;,&quot;iso&quot;:&quot;0&quot;,&quot;shutter_speed&quot;:&quot;0&quot;,&quot;title&quot;:&quot;&quot;,&quot;orientation&quot;:&quot;0&quot;}\" data-image-title=\"carli\" data-image-description=\"\" data-image-caption=\"\" data-medium-file=\"https:\/\/i0.wp.com\/blogdalucianaoliveira.com.br\/blog\/wp-content\/uploads\/2018\/02\/carli.png?fit=300%2C170\" data-large-file=\"https:\/\/i0.wp.com\/blogdalucianaoliveira.com.br\/blog\/wp-content\/uploads\/2018\/02\/carli.png?fit=600%2C339\" class=\"alignnone size-full wp-image-16787\" src=\"https:\/\/i0.wp.com\/blogdalucianaoliveira.com.br\/blog\/wp-content\/uploads\/2018\/02\/carli.png?resize=600%2C339\" alt=\"carli\" width=\"600\" height=\"339\" srcset=\"https:\/\/i0.wp.com\/blogdalucianaoliveira.com.br\/blog\/wp-content\/uploads\/2018\/02\/carli.png?w=640 640w, https:\/\/i0.wp.com\/blogdalucianaoliveira.com.br\/blog\/wp-content\/uploads\/2018\/02\/carli.png?resize=300%2C170 300w, https:\/\/i0.wp.com\/blogdalucianaoliveira.com.br\/blog\/wp-content\/uploads\/2018\/02\/carli.png?resize=530%2C300 530w\" sizes=\"auto, (max-width: 600px) 100vw, 600px\" \/><\/p>\n<p>A primeira pergunta que me vem \u00e0 cabe\u00e7a \u00e9 por que demorou tanto esse julgamento?<\/p>\n<p>O ex-deputado estadual do Paran\u00e1 Luiz Fernando Ribas Carli Filho provocou a morte de dois jovens, de 20 e 26 anos, quando atingiu o carro deles\u00a0em 2009, alcoolizado, em velocidade entre 161 km\/h e 173 km\/h, segundo laudos periciais, com a carteira de habilita\u00e7\u00e3o cassada por 30 multas, das quais 23 eram por excesso de velocidade.<!--more--><\/p>\n<p>O ex-deputado esperou sete anos pra falar sobre o caso por meio de v\u00eddeo em que admitiu estar embriagado quando provocou a batida com seu carro alem\u00e3o blindado.<\/p>\n<p>Carli, pasme, disse que s\u00f3 ap\u00f3s esse longo per\u00edodo \u00e9 que se sentiu pronto para pedir perd\u00e3o aos familiares das v\u00edtimas.<\/p>\n<p>Reveja:\u00a0<a href=\"http:\/\/videos.band.uol.com.br\/15855721\/carli-filho-faz-video-admitindo-que-dirigiu-embriagado.html\">http:\/\/videos.band.uol.com.br\/15855721\/carli-filho-faz-video-admitindo-que-dirigiu-embriagado.html<\/a><\/p>\n<p>V\u00e1rios recursos foram utilizados para adiar o processo, inclusive para mudar o local de julgamento como forma de evitar como\u00e7\u00e3o popular. A defesa insiste que as mortes resultaram de um acidente de tr\u00e2nsito banal.<\/p>\n<p>Os atos do ex-deputado, portanto, n\u00e3o se comunicam com arrependimento.<\/p>\n<p>Quem acredita em Carli?<\/p>\n<p>Quem acredita a lei vale para todos e na mesma velocidade?<\/p>\n","protected":false},"excerpt":{"rendered":"<p>A primeira pergunta que me vem \u00e0 cabe\u00e7a \u00e9 por que demorou tanto esse julgamento? O ex-deputado estadual do Paran\u00e1 Luiz Fernando Ribas Carli Filho provocou a morte de dois jovens, de 20 e 26 anos, quando atingiu o carro deles\u00a0em 2009, alcoolizado, em velocidade entre 161 km\/h e 173 km\/h, segundo laudos periciais, com&#8230;<a class=\"more-link\" href=\"http:\/\/blogdalucianaoliveira.com.br\/blog\/2018\/02\/27\/apos-9-anos-deputado-que-matou-2-jovens-vai-a-juri-popular\/\">Continue a leitura <span class=\"meta-nav\">&raquo;<\/span><\/a><\/p>\n","protected":false},"author":1,"featured_media":16787,"comment_status":"closed","ping_status":"open","sticky":false,"template":"","format":"standard","meta":{"_exactmetrics_skip_tracking":false,"_exactmetrics_sitenote_active":false,"_exactmetrics_sitenote_note":"","_exactmetrics_sitenote_category":0,"jetpack_post_was_ever_published":false,"_jetpack_newsletter_access":"","_jetpack_dont_email_post_to_subs":false,"_jetpack_newsletter_tier_id":0,"_jetpack_memberships_contains_paywalled_content":false,"_jetpack_memberships_contains_paid_content":false,"footnotes":"","jetpack_publicize_message":"","jetpack_publicize_feature_enabled":true,"jetpack_social_post_already_shared":true,"jetpack_social_options":{"image_generator_settings":{"template":"highway","enabled":false},"version":2}},"categories":[1],"tags":[],"class_list":["post-16786","post","type-post","status-publish","format-standard","has-post-thumbnail","hentry","category-notas"],"jetpack_publicize_connections":[],"jetpack_sharing_enabled":true,"jetpack_featured_media_url":"https:\/\/i0.wp.com\/blogdalucianaoliveira.com.br\/blog\/wp-content\/uploads\/2018\/02\/carli.png?fit=640%2C362","jetpack_shortlink":"https:\/\/wp.me\/p7wKYW-4mK","jetpack-related-posts":[],"_links":{"self":[{"href":"http:\/\/blogdalucianaoliveira.com.br\/blog\/wp-json\/wp\/v2\/posts\/16786","targetHints":{"allow":["GET"]}}],"collection":[{"href":"http:\/\/blogdalucianaoliveira.com.br\/blog\/wp-json\/wp\/v2\/posts"}],"about":[{"href":"http:\/\/blogdalucianaoliveira.com.br\/blog\/wp-json\/wp\/v2\/types\/post"}],"author":[{"embeddable":true,"href":"http:\/\/blogdalucianaoliveira.com.br\/blog\/wp-json\/wp\/v2\/users\/1"}],"replies":[{"embeddable":true,"href":"http:\/\/blogdalucianaoliveira.com.br\/blog\/wp-json\/wp\/v2\/comments?post=16786"}],"version-history":[{"count":4,"href":"http:\/\/blogdalucianaoliveira.com.br\/blog\/wp-json\/wp\/v2\/posts\/16786\/revisions"}],"predecessor-version":[{"id":16791,"href":"http:\/\/blogdalucianaoliveira.com.br\/blog\/wp-json\/wp\/v2\/posts\/16786\/revisions\/16791"}],"wp:featuredmedia":[{"embeddable":true,"href":"http:\/\/blogdalucianaoliveira.com.br\/blog\/wp-json\/wp\/v2\/media\/16787"}],"wp:attachment":[{"href":"http:\/\/blogdalucianaoliveira.com.br\/blog\/wp-json\/wp\/v2\/media?parent=16786"}],"wp:term":[{"taxonomy":"category","embeddable":true,"href":"http:\/\/blogdalucianaoliveira.com.br\/blog\/wp-json\/wp\/v2\/categories?post=16786"},{"taxonomy":"post_tag","embeddable":true,"href":"http:\/\/blogdalucianaoliveira.com.br\/blog\/wp-json\/wp\/v2\/tags?post=16786"}],"curies":[{"name":"wp","href":"https:\/\/api.w.org\/{rel}","templated":true}]}}