{"id":16792,"date":"2018-02-27T11:55:47","date_gmt":"2018-02-27T15:55:47","guid":{"rendered":"http:\/\/blogdalucianaoliveira.com.br\/blog\/?p=16792"},"modified":"2018-02-27T12:46:32","modified_gmt":"2018-02-27T16:46:32","slug":"rondonia-se-destaca-no-ranking-da-indecencia-dos-penduricalhos-do-judiciario","status":"publish","type":"post","link":"http:\/\/blogdalucianaoliveira.com.br\/blog\/2018\/02\/27\/rondonia-se-destaca-no-ranking-da-indecencia-dos-penduricalhos-do-judiciario\/","title":{"rendered":"Rond\u00f4nia se destaca no ranking da indec\u00eancia dos &#8216;penduricalhos&#8217; do judici\u00e1rio"},"content":{"rendered":"<p><img data-recalc-dims=\"1\" loading=\"lazy\" decoding=\"async\" data-attachment-id=\"16795\" data-permalink=\"http:\/\/blogdalucianaoliveira.com.br\/blog\/2018\/02\/27\/rondonia-se-destaca-no-ranking-da-indecencia-dos-penduricalhos-do-judiciario\/ron\/\" data-orig-file=\"https:\/\/i0.wp.com\/blogdalucianaoliveira.com.br\/blog\/wp-content\/uploads\/2018\/02\/ron.png?fit=1400%2C2224\" data-orig-size=\"1400,2224\" data-comments-opened=\"0\" data-image-meta=\"{&quot;aperture&quot;:&quot;0&quot;,&quot;credit&quot;:&quot;&quot;,&quot;camera&quot;:&quot;&quot;,&quot;caption&quot;:&quot;&quot;,&quot;created_timestamp&quot;:&quot;0&quot;,&quot;copyright&quot;:&quot;&quot;,&quot;focal_length&quot;:&quot;0&quot;,&quot;iso&quot;:&quot;0&quot;,&quot;shutter_speed&quot;:&quot;0&quot;,&quot;title&quot;:&quot;&quot;,&quot;orientation&quot;:&quot;0&quot;}\" data-image-title=\"ron\" data-image-description=\"\" data-image-caption=\"\" data-medium-file=\"https:\/\/i0.wp.com\/blogdalucianaoliveira.com.br\/blog\/wp-content\/uploads\/2018\/02\/ron.png?fit=189%2C300\" data-large-file=\"https:\/\/i0.wp.com\/blogdalucianaoliveira.com.br\/blog\/wp-content\/uploads\/2018\/02\/ron.png?fit=600%2C953\" class=\"alignnone size-full wp-image-16795\" src=\"https:\/\/i0.wp.com\/blogdalucianaoliveira.com.br\/blog\/wp-content\/uploads\/2018\/02\/ron.png?resize=600%2C953\" alt=\"ron\" width=\"600\" height=\"953\" srcset=\"https:\/\/i0.wp.com\/blogdalucianaoliveira.com.br\/blog\/wp-content\/uploads\/2018\/02\/ron.png?w=1400 1400w, https:\/\/i0.wp.com\/blogdalucianaoliveira.com.br\/blog\/wp-content\/uploads\/2018\/02\/ron.png?resize=189%2C300 189w, https:\/\/i0.wp.com\/blogdalucianaoliveira.com.br\/blog\/wp-content\/uploads\/2018\/02\/ron.png?resize=768%2C1220 768w, https:\/\/i0.wp.com\/blogdalucianaoliveira.com.br\/blog\/wp-content\/uploads\/2018\/02\/ron.png?resize=645%2C1024 645w, https:\/\/i0.wp.com\/blogdalucianaoliveira.com.br\/blog\/wp-content\/uploads\/2018\/02\/ron.png?w=1200 1200w\" sizes=\"auto, (max-width: 600px) 100vw, 600px\" \/><\/p>\n<p>L\u00e1 est\u00e1, em mapa divulgado pelo jornal O Globo no dia 23 de fevereiro, Rond\u00f4nia em quinto lugar entre os estados que mais gastaram com o pagamento de &#8216;penduricalhos&#8217; aos ju\u00edzes.<\/p>\n<p>Os valores correspondem a gastos com verbas extras pagas a ju\u00edzes, como aux\u00edlio-moradia, alimenta\u00e7\u00e3o, sa\u00fade, transporte e educa\u00e7\u00e3o.<!--more--><\/p>\n<p>Detalhe: gastos referentes s\u00f3 ao \u00faltimo dezembro.<\/p>\n<p>O que choca, al\u00e9m dos valores exorbitantes, \u00e9 a compara\u00e7\u00e3o de Rond\u00f4nia (6,1 milh\u00f5es) com o Rio de Janeiro (6,9 milh\u00f5es).<\/p>\n<p>Aqui vivem pouco mais de 1,7 milh\u00e3o de rondonienses.<br \/>\nNo Rio, s\u00e3o quase 6,5 milh\u00f5es.<\/p>\n<p>As informa\u00e7\u00f5es s\u00e3o do Conselho Nacional de Justi\u00e7a que passou a obrigar o fornecimento dos dados, embora Alagoas, Par\u00e1 e Rio Grande do Norte n\u00e3o constem no mapa.<\/p>\n<p>Por e-mail, a assessoria do CNJ informou a este blog:<\/p>\n<p>\u201cOl\u00e1, Luciana.<\/p>\n<p>A partir da planilha que cont\u00e9m a remunera\u00e7\u00e3o dos magistrados do TJRJ em dezembro de 2017, \u00e9 poss\u00edvel verificar o total de 1.273 magistrados. No caso do TJRO, a planilha indicou haver 207 magistrados.\u201d<\/p>\n<p>Chico Mar\u00e9s publicou no Metr\u00f3poles no \u00faltimo dia 26, que &#8220;R$ 145 milh\u00f5es. Esse \u00e9 o valor que o estado de Rond\u00f4nia vai desembolsar para pagar aux\u00edlio-moradia retroativo a 83 magistrados ativos e inativos que conseguiram garantir o direito ao benef\u00edcio depois de acordo firmado com o Tribunal de Justi\u00e7a de Rond\u00f4nia (TJ-RO). A negocia\u00e7\u00e3o, encerrada em 2014 e avalizada pelo ministro do Supremo Tribunal Federal Luiz Fux, garante, em m\u00e9dia, R$ 1,7 milh\u00e3o a cada magistrado. Isso \u00e9 o equivalente a 29,3 anos do aux\u00edlio-moradia atualmente repassado aos magistrados do estado, de R$ 4,9 mil.O valor corresponde a aux\u00edlios-moradia que deixaram de ser pagos h\u00e1 mais de 25 anos, em dois per\u00edodos: entre dezembro de 1986 e abril de 1987 e de 1989 a 1993.&#8221;<\/p>\n<p>N\u00e3o bastasse a imoralidade reclamada pela maioria da popula\u00e7\u00e3o brasileira, padecem de l\u00f3gica os valores e a distribui\u00e7\u00e3o dos privil\u00e9gios.<\/p>\n<p>&nbsp;<\/p>\n<p>Leia:\u00a0<a href=\"http:\/\/www.tudorondonia.com.br\/noticias\/o-auxilio-moradia-e-a-cortina-de-fumaca,10677.shtml\">http:\/\/www.tudorondonia.com.br\/noticias\/o-auxilio-moradia-e-a-cortina-de-fumaca,10677.shtml<\/a><\/p>\n<p>Veja tamb\u00e9m minha resposta ao desembargador:\u00a0<a href=\"https:\/\/youtu.be\/tdxlfQvq6Q8\">https:\/\/youtu.be\/tdxlfQvq6Q8<\/a><\/p>\n<p>&nbsp;<\/p>\n<p>E mais:\u00a0<a href=\"http:\/\/www.tudorondonia.com.br\/noticias\/resposta-a-carta-da-jornalista-luciana-oliveira-,10995.shtml\">http:\/\/www.tudorondonia.com.br\/noticias\/resposta-a-carta-da-jornalista-luciana-oliveira-,10995.shtml<\/a><\/p>\n","protected":false},"excerpt":{"rendered":"<p>L\u00e1 est\u00e1, em mapa divulgado pelo jornal O Globo no dia 23 de fevereiro, Rond\u00f4nia em quinto lugar entre os estados que mais gastaram com o pagamento de &#8216;penduricalhos&#8217; aos ju\u00edzes. Os valores correspondem a gastos com verbas extras pagas a ju\u00edzes, como aux\u00edlio-moradia, alimenta\u00e7\u00e3o, sa\u00fade, transporte e educa\u00e7\u00e3o.<\/p>\n","protected":false},"author":1,"featured_media":0,"comment_status":"closed","ping_status":"open","sticky":false,"template":"","format":"standard","meta":{"_exactmetrics_skip_tracking":false,"_exactmetrics_sitenote_active":false,"_exactmetrics_sitenote_note":"","_exactmetrics_sitenote_category":0,"jetpack_post_was_ever_published":false,"_jetpack_newsletter_access":"","_jetpack_dont_email_post_to_subs":false,"_jetpack_newsletter_tier_id":0,"_jetpack_memberships_contains_paywalled_content":false,"_jetpack_memberships_contains_paid_content":false,"footnotes":"","jetpack_publicize_message":"","jetpack_publicize_feature_enabled":true,"jetpack_social_post_already_shared":true,"jetpack_social_options":{"image_generator_settings":{"template":"highway","enabled":false},"version":2}},"categories":[1],"tags":[],"class_list":["post-16792","post","type-post","status-publish","format-standard","hentry","category-notas"],"jetpack_publicize_connections":[],"jetpack_sharing_enabled":true,"jetpack_featured_media_url":"","jetpack_shortlink":"https:\/\/wp.me\/p7wKYW-4mQ","jetpack-related-posts":[],"_links":{"self":[{"href":"http:\/\/blogdalucianaoliveira.com.br\/blog\/wp-json\/wp\/v2\/posts\/16792","targetHints":{"allow":["GET"]}}],"collection":[{"href":"http:\/\/blogdalucianaoliveira.com.br\/blog\/wp-json\/wp\/v2\/posts"}],"about":[{"href":"http:\/\/blogdalucianaoliveira.com.br\/blog\/wp-json\/wp\/v2\/types\/post"}],"author":[{"embeddable":true,"href":"http:\/\/blogdalucianaoliveira.com.br\/blog\/wp-json\/wp\/v2\/users\/1"}],"replies":[{"embeddable":true,"href":"http:\/\/blogdalucianaoliveira.com.br\/blog\/wp-json\/wp\/v2\/comments?post=16792"}],"version-history":[{"count":12,"href":"http:\/\/blogdalucianaoliveira.com.br\/blog\/wp-json\/wp\/v2\/posts\/16792\/revisions"}],"predecessor-version":[{"id":16807,"href":"http:\/\/blogdalucianaoliveira.com.br\/blog\/wp-json\/wp\/v2\/posts\/16792\/revisions\/16807"}],"wp:attachment":[{"href":"http:\/\/blogdalucianaoliveira.com.br\/blog\/wp-json\/wp\/v2\/media?parent=16792"}],"wp:term":[{"taxonomy":"category","embeddable":true,"href":"http:\/\/blogdalucianaoliveira.com.br\/blog\/wp-json\/wp\/v2\/categories?post=16792"},{"taxonomy":"post_tag","embeddable":true,"href":"http:\/\/blogdalucianaoliveira.com.br\/blog\/wp-json\/wp\/v2\/tags?post=16792"}],"curies":[{"name":"wp","href":"https:\/\/api.w.org\/{rel}","templated":true}]}}