{"id":16808,"date":"2018-02-27T18:25:41","date_gmt":"2018-02-27T22:25:41","guid":{"rendered":"http:\/\/blogdalucianaoliveira.com.br\/blog\/?p=16808"},"modified":"2018-02-27T18:25:41","modified_gmt":"2018-02-27T22:25:41","slug":"senador-acir-gurgacz-tem-direitos-politicos-suspensos-pelo-stf","status":"publish","type":"post","link":"http:\/\/blogdalucianaoliveira.com.br\/blog\/2018\/02\/27\/senador-acir-gurgacz-tem-direitos-politicos-suspensos-pelo-stf\/","title":{"rendered":"Senador Acir Gurgacz tem direitos pol\u00edticos suspensos pelo STF"},"content":{"rendered":"<p><img data-recalc-dims=\"1\" loading=\"lazy\" decoding=\"async\" data-attachment-id=\"16809\" data-permalink=\"http:\/\/blogdalucianaoliveira.com.br\/blog\/2018\/02\/27\/senador-acir-gurgacz-tem-direitos-politicos-suspensos-pelo-stf\/ai-2\/\" data-orig-file=\"https:\/\/i0.wp.com\/blogdalucianaoliveira.com.br\/blog\/wp-content\/uploads\/2018\/02\/ai.jpeg?fit=840%2C560\" data-orig-size=\"840,560\" data-comments-opened=\"0\" data-image-meta=\"{&quot;aperture&quot;:&quot;0&quot;,&quot;credit&quot;:&quot;&quot;,&quot;camera&quot;:&quot;&quot;,&quot;caption&quot;:&quot;&quot;,&quot;created_timestamp&quot;:&quot;0&quot;,&quot;copyright&quot;:&quot;&quot;,&quot;focal_length&quot;:&quot;0&quot;,&quot;iso&quot;:&quot;0&quot;,&quot;shutter_speed&quot;:&quot;0&quot;,&quot;title&quot;:&quot;&quot;,&quot;orientation&quot;:&quot;0&quot;}\" data-image-title=\"ai\" data-image-description=\"\" data-image-caption=\"\" data-medium-file=\"https:\/\/i0.wp.com\/blogdalucianaoliveira.com.br\/blog\/wp-content\/uploads\/2018\/02\/ai.jpeg?fit=300%2C200\" data-large-file=\"https:\/\/i0.wp.com\/blogdalucianaoliveira.com.br\/blog\/wp-content\/uploads\/2018\/02\/ai.jpeg?fit=600%2C400\" src=\"https:\/\/i0.wp.com\/blogdalucianaoliveira.com.br\/blog\/wp-content\/uploads\/2018\/02\/ai.jpeg?resize=600%2C400\" alt=\"ai\" width=\"600\" height=\"400\" class=\"alignnone size-full wp-image-16809\" srcset=\"https:\/\/i0.wp.com\/blogdalucianaoliveira.com.br\/blog\/wp-content\/uploads\/2018\/02\/ai.jpeg?w=840 840w, https:\/\/i0.wp.com\/blogdalucianaoliveira.com.br\/blog\/wp-content\/uploads\/2018\/02\/ai.jpeg?resize=300%2C200 300w, https:\/\/i0.wp.com\/blogdalucianaoliveira.com.br\/blog\/wp-content\/uploads\/2018\/02\/ai.jpeg?resize=768%2C512 768w, https:\/\/i0.wp.com\/blogdalucianaoliveira.com.br\/blog\/wp-content\/uploads\/2018\/02\/ai.jpeg?resize=450%2C300 450w\" sizes=\"auto, (max-width: 600px) 100vw, 600px\" \/><\/p>\n<p>Ele teria obtido, mediante fraude, financiamento no Banco da Amaz\u00f4nia. Assessoria alega inoc\u00eancia do parlamentar<\/p>\n<p>Do Metr\u00f3poles &#8211; Na tarde desta ter\u00e7a-feira (27\/2), o senador Acir Gurgacz (PDT\/RO) foi condenado a 4 anos e 6 meses em regime semiaberto por crime contra o Sistema Financeiro Nacional. A 1\u00aa Turma do Supremo Tribunal Federal (STF) ainda suspendeu os direitos pol\u00edticos do parlamentar. Agora, caber\u00e1 ao Senado decidir se ele perder\u00e1 ou n\u00e3o o mandato.<!--more--><\/p>\n<p>Conforme den\u00fancia apresentada pela Procuradoria-Geral da Rep\u00fablica (PGR), no per\u00edodo de 2003 a 2004, o senador teria obtido, mediante fraude, financiamento no Banco da Amaz\u00f4nia com a finalidade de renovar a frota de \u00f4nibus da Eucatur, empresa de transporte gerida por ele.<\/p>\n<p>Para isso, foi liberada verba no valor de R$ 1,5 milh\u00e3o. Do montante, o senador teria se apropriado de R$ 525 mil. Com o restante da quantia, ele teria comprado \u00f4nibus velhos, diferentemente do objeto do empr\u00e9stimo que era a compra de ve\u00edculos novos. Al\u00e9m disso, conforme os autos, a presta\u00e7\u00e3o de contas ocorreu com a apresenta\u00e7\u00e3o de notas fiscais falsas.<\/p>\n<p>Ao Metr\u00f3poles, a assessoria de imprensa de Acir Gurgacz reiterou a inoc\u00eancia do parlamentar. \u201cO senador considera que ele n\u00e3o devia fazer parte desse processo. Na \u00e9poca, ele era empres\u00e1rio, n\u00e3o era pol\u00edtico, n\u00e3o comandava a empresa e assinou o empr\u00e9stimo apenas enquanto avalista\u201d, completou. O STF tamb\u00e9m julgou Gurgacz pelo crime de estelionato (artigo 171 do C\u00f3digo Penal). No entanto, ele foi declarado inocente pela Corte Suprema.<\/p>\n<p>Quem \u00e9 ele<br \/>\nVale lembrar que Acir Gurgacz foi o relator das contas do governo da presidente Dilma Rousseff de 2014. Em parecer, ele aprovou as contas da gest\u00e3o da petista \u201ccom ressalvas\u201d. Em um texto de 243 p\u00e1ginas, Acir contrariou o Tribunal de Contas da Uni\u00e3o (TCU), que decidiu por unanimidade recomendar ao Congresso a rejei\u00e7\u00e3o.<\/p>\n","protected":false},"excerpt":{"rendered":"<p>Ele teria obtido, mediante fraude, financiamento no Banco da Amaz\u00f4nia. Assessoria alega inoc\u00eancia do parlamentar Do Metr\u00f3poles &#8211; Na tarde desta ter\u00e7a-feira (27\/2), o senador Acir Gurgacz (PDT\/RO) foi condenado a 4 anos e 6 meses em regime semiaberto por crime contra o Sistema Financeiro Nacional. A 1\u00aa Turma do Supremo Tribunal Federal (STF) ainda&#8230;<a class=\"more-link\" href=\"http:\/\/blogdalucianaoliveira.com.br\/blog\/2018\/02\/27\/senador-acir-gurgacz-tem-direitos-politicos-suspensos-pelo-stf\/\">Continue a leitura <span class=\"meta-nav\">&raquo;<\/span><\/a><\/p>\n","protected":false},"author":1,"featured_media":0,"comment_status":"closed","ping_status":"open","sticky":false,"template":"","format":"standard","meta":{"_exactmetrics_skip_tracking":false,"_exactmetrics_sitenote_active":false,"_exactmetrics_sitenote_note":"","_exactmetrics_sitenote_category":0,"jetpack_post_was_ever_published":false,"_jetpack_newsletter_access":"","_jetpack_dont_email_post_to_subs":false,"_jetpack_newsletter_tier_id":0,"_jetpack_memberships_contains_paywalled_content":false,"_jetpack_memberships_contains_paid_content":false,"footnotes":"","jetpack_publicize_message":"","jetpack_publicize_feature_enabled":true,"jetpack_social_post_already_shared":true,"jetpack_social_options":{"image_generator_settings":{"template":"highway","enabled":false},"version":2}},"categories":[1],"tags":[],"class_list":["post-16808","post","type-post","status-publish","format-standard","hentry","category-notas"],"jetpack_publicize_connections":[],"jetpack_sharing_enabled":true,"jetpack_featured_media_url":"","jetpack_shortlink":"https:\/\/wp.me\/p7wKYW-4n6","jetpack-related-posts":[],"_links":{"self":[{"href":"http:\/\/blogdalucianaoliveira.com.br\/blog\/wp-json\/wp\/v2\/posts\/16808","targetHints":{"allow":["GET"]}}],"collection":[{"href":"http:\/\/blogdalucianaoliveira.com.br\/blog\/wp-json\/wp\/v2\/posts"}],"about":[{"href":"http:\/\/blogdalucianaoliveira.com.br\/blog\/wp-json\/wp\/v2\/types\/post"}],"author":[{"embeddable":true,"href":"http:\/\/blogdalucianaoliveira.com.br\/blog\/wp-json\/wp\/v2\/users\/1"}],"replies":[{"embeddable":true,"href":"http:\/\/blogdalucianaoliveira.com.br\/blog\/wp-json\/wp\/v2\/comments?post=16808"}],"version-history":[{"count":1,"href":"http:\/\/blogdalucianaoliveira.com.br\/blog\/wp-json\/wp\/v2\/posts\/16808\/revisions"}],"predecessor-version":[{"id":16810,"href":"http:\/\/blogdalucianaoliveira.com.br\/blog\/wp-json\/wp\/v2\/posts\/16808\/revisions\/16810"}],"wp:attachment":[{"href":"http:\/\/blogdalucianaoliveira.com.br\/blog\/wp-json\/wp\/v2\/media?parent=16808"}],"wp:term":[{"taxonomy":"category","embeddable":true,"href":"http:\/\/blogdalucianaoliveira.com.br\/blog\/wp-json\/wp\/v2\/categories?post=16808"},{"taxonomy":"post_tag","embeddable":true,"href":"http:\/\/blogdalucianaoliveira.com.br\/blog\/wp-json\/wp\/v2\/tags?post=16808"}],"curies":[{"name":"wp","href":"https:\/\/api.w.org\/{rel}","templated":true}]}}